{"id":3068,"date":"2026-06-12T14:28:06","date_gmt":"2026-06-12T14:28:06","guid":{"rendered":"https:\/\/turkiyemhaber.com\/?p=3068"},"modified":"2026-06-12T14:28:10","modified_gmt":"2026-06-12T14:28:10","slug":"tekirdagda-uyusturucu-operasyonu-1-gozalti","status":"publish","type":"post","link":"https:\/\/turkiyemhaber.com\/?p=3068","title":{"rendered":"Tekirda\u011f&#8217;da Uyu\u015fturucu Operasyonu: 1 G\u00f6zalt\u0131"},"content":{"rendered":"\n<p class=\"wp-block-paragraph\">S\u00fcleymanpa\u015fa&#8217;da d\u00fczenlenen operasyonda 403 hap ve uyu\u015fturucu maddeler ele ge\u00e7irildi, 1 ki\u015fi g\u00f6zalt\u0131na al\u0131nd\u0131.<\/p>\n\n\n\n<p class=\"wp-block-paragraph\"><a href=\"https:\/\/www.sondakika.com\/tekirdag\/\">Tekirda\u011f<\/a>&#8216;\u0131n S\u00fcleymanpa\u015fa il\u00e7esinde d\u00fczenlenen operasyonda 403 sentetik hap ile \u00e7e\u015fitli uyu\u015fturucu maddeler ele ge\u00e7irilirken, 1 \u015f\u00fcpheli g\u00f6zalt\u0131na al\u0131nd\u0131.<\/p>\n\n\n\n<p class=\"wp-block-paragraph\">\u0130l Jandarma Komutanl\u0131\u011f\u0131 Narkotik Su\u00e7larla M\u00fccadele \u015eube M\u00fcd\u00fcrl\u00fc\u011f\u00fc ve S\u00fcleymanpa\u015fa \u0130l\u00e7e Jandarma Komutanl\u0131\u011f\u0131 ekiplerince y\u00fcr\u00fct\u00fclen istihbari \u00e7al\u0131\u015fmalar kapsam\u0131nda, &#8220;<a href=\"https:\/\/www.sondakika.com\/uyusturucu\/\">Uyu\u015fturucu<\/a>&nbsp;madde imal ve ticareti&#8221; su\u00e7unu i\u015fledi\u011fi tespit edilen R.E. isimli \u015f\u00fcpheliye y\u00f6nelik Aydo\u011fdu Mahallesi&#8217;nde operasyon d\u00fczenlendi.<\/p>\n\n\n\n<p class=\"wp-block-paragraph\">Adreste yap\u0131lan aramalarda 403 adet sentetik hap, 4 gram metamfetamin, 2 gram kubar esrar, 1 adet av t\u00fcfe\u011fi ile 2 adet m\u00fchimmat ele ge\u00e7irildi.<\/p>\n\n\n\n<p class=\"wp-block-paragraph\">G\u00f6zalt\u0131na al\u0131nan R.E. hakk\u0131nda adli i\u015flem ba\u015flat\u0131ld\u0131\u011f\u0131 \u00f6\u011frenildi.<\/p>\n\n\n\n<p class=\"wp-block-paragraph\">Jandarma Komutanl\u0131\u011f\u0131 ekiplerinin uyu\u015fturucu ve ka\u00e7ak\u00e7\u0131l\u0131kla m\u00fccadele \u00e7al\u0131\u015fmalar\u0131n\u0131 aral\u0131ks\u0131z s\u00fcrd\u00fcrd\u00fc\u011f\u00fc belirtildi. &#8211; TEK\u0130RDA\u011e<\/p>\n","protected":false},"excerpt":{"rendered":"<p>S\u00fcleymanpa\u015fa&#8217;da d\u00fczenlenen operasyonda 403 hap ve uyu\u015fturucu maddeler ele ge\u00e7irildi, 1 ki\u015fi g\u00f6zalt\u0131na al\u0131nd\u0131. Tekirda\u011f&#8216;\u0131n<\/p>\n","protected":false},"author":1,"featured_media":3069,"comment_status":"open","ping_status":"open","sticky":false,"template":"","format":"standard","meta":{"_rtcl_gb_attr":"","footnotes":""},"categories":[43],"tags":[],"class_list":["post-3068","post","type-post","status-publish","format-standard","has-post-thumbnail","hentry","category-son-dakika"],"_links":{"self":[{"href":"https:\/\/turkiyemhaber.com\/index.php?rest_route=\/wp\/v2\/posts\/3068","targetHints":{"allow":["GET"]}}],"collection":[{"href":"https:\/\/turkiyemhaber.com\/index.php?rest_route=\/wp\/v2\/posts"}],"about":[{"href":"https:\/\/turkiyemhaber.com\/index.php?rest_route=\/wp\/v2\/types\/post"}],"author":[{"embeddable":true,"href":"https:\/\/turkiyemhaber.com\/index.php?rest_route=\/wp\/v2\/users\/1"}],"replies":[{"embeddable":true,"href":"https:\/\/turkiyemhaber.com\/index.php?rest_route=%2Fwp%2Fv2%2Fcomments&post=3068"}],"version-history":[{"count":1,"href":"https:\/\/turkiyemhaber.com\/index.php?rest_route=\/wp\/v2\/posts\/3068\/revisions"}],"predecessor-version":[{"id":3070,"href":"https:\/\/turkiyemhaber.com\/index.php?rest_route=\/wp\/v2\/posts\/3068\/revisions\/3070"}],"wp:featuredmedia":[{"embeddable":true,"href":"https:\/\/turkiyemhaber.com\/index.php?rest_route=\/wp\/v2\/media\/3069"}],"wp:attachment":[{"href":"https:\/\/turkiyemhaber.com\/index.php?rest_route=%2Fwp%2Fv2%2Fmedia&parent=3068"}],"wp:term":[{"taxonomy":"category","embeddable":true,"href":"https:\/\/turkiyemhaber.com\/index.php?rest_route=%2Fwp%2Fv2%2Fcategories&post=3068"},{"taxonomy":"post_tag","embeddable":true,"href":"https:\/\/turkiyemhaber.com\/index.php?rest_route=%2Fwp%2Fv2%2Ftags&post=3068"}],"curies":[{"name":"wp","href":"https:\/\/api.w.org\/{rel}","templated":true}]}}