{"id":3062,"date":"2026-06-12T14:18:08","date_gmt":"2026-06-12T14:18:08","guid":{"rendered":"https:\/\/turkiyemhaber.com\/?p=3062"},"modified":"2026-06-12T14:18:11","modified_gmt":"2026-06-12T14:18:11","slug":"tekirdagda-84-milyon-tllik-kacak-tutun-ele-ge-gecti","status":"publish","type":"post","link":"https:\/\/turkiyemhaber.com\/?p=3062","title":{"rendered":"Tekirda\u011f&#8217;da 84 Milyon TL&#8217;lik Ka\u00e7ak T\u00fct\u00fcn Ele Ge ge\u00e7ti"},"content":{"rendered":"\n<p class=\"wp-block-paragraph\">\u00c7erkezk\u00f6y&#8217;de ger\u00e7ekle\u015ftirilen operasyonda 41 ton nargile ve 3,6 ton k\u0131y\u0131lm\u0131\u015f t\u00fct\u00fcn bulundu.<\/p>\n\n\n\n<p class=\"wp-block-paragraph\"><a href=\"https:\/\/www.sondakika.com\/tekirdag\/\">Tekirda\u011f<\/a>&#8216;\u0131n&nbsp;<a href=\"https:\/\/www.sondakika.com\/cerkezkoy-2\/\">\u00c7erkezk\u00f6y<\/a>&nbsp;il\u00e7esinde jandarma ekiplerince d\u00fczenlenen operasyonda piyasa de\u011feri 84 milyon 186 bin TL olan ka\u00e7ak t\u00fct\u00fcn mamul\u00fc ele ge\u00e7irildi.<\/p>\n\n\n\n<p class=\"wp-block-paragraph\">\u0130l Jandarma Komutanl\u0131\u011f\u0131 Ka\u00e7ak\u00e7\u0131l\u0131k ve Organize Su\u00e7larla M\u00fccadele \u015eube M\u00fcd\u00fcrl\u00fc\u011f\u00fc ile \u00c7erkezk\u00f6y \u0130l\u00e7e Jandarma Komutanl\u0131\u011f\u0131 ekipleri, \u00c7erkezk\u00f6y il\u00e7esindeki bir sanayi sitesinde faaliyet belgesi bulunmayan bir i\u015f yerinde \u00fcretim yap\u0131ld\u0131\u011f\u0131 bilgisi \u00fczerine \u00e7al\u0131\u015fma ba\u015flatt\u0131.<\/p>\n\n\n\n<p class=\"wp-block-paragraph\">Ekiplerce i\u015f yeri ve depolar\u0131nda ger\u00e7ekle\u015ftirilen aramalarda 41 bin 333 kilogram nargile t\u00fct\u00fcn\u00fc ile 3 bin 600 kilogram k\u0131y\u0131lm\u0131\u015f t\u00fct\u00fcn ele ge\u00e7irildi. Ka\u00e7ak \u00fcr\u00fcnlerin piyasa de\u011ferinin yakla\u015f\u0131k 84 milyon 186 bin TL oldu\u011fu belirtildi.<\/p>\n\n\n\n<p class=\"wp-block-paragraph\">Olayla ilgili hakk\u0131nda i\u015flem yap\u0131lan H.E.K.&#8217;nin ifadesinin ard\u0131ndan serbest b\u0131rak\u0131ld\u0131\u011f\u0131 \u00f6\u011frenildi. &#8211; TEK\u0130RDA\u011e<\/p>\n","protected":false},"excerpt":{"rendered":"<p>\u00c7erkezk\u00f6y&#8217;de ger\u00e7ekle\u015ftirilen operasyonda 41 ton nargile ve 3,6 ton k\u0131y\u0131lm\u0131\u015f t\u00fct\u00fcn bulundu. Tekirda\u011f&#8216;\u0131n&nbsp;\u00c7erkezk\u00f6y&nbsp;il\u00e7esinde jandarma ekiplerince<\/p>\n","protected":false},"author":1,"featured_media":3063,"comment_status":"open","ping_status":"open","sticky":false,"template":"","format":"standard","meta":{"_rtcl_gb_attr":"","footnotes":""},"categories":[1],"tags":[],"class_list":["post-3062","post","type-post","status-publish","format-standard","has-post-thumbnail","hentry","category-http-turkiyemhaber-com-wp-content-uploads-2026-03-saray-59-haber-13-mart-pdf"],"_links":{"self":[{"href":"https:\/\/turkiyemhaber.com\/index.php?rest_route=\/wp\/v2\/posts\/3062","targetHints":{"allow":["GET"]}}],"collection":[{"href":"https:\/\/turkiyemhaber.com\/index.php?rest_route=\/wp\/v2\/posts"}],"about":[{"href":"https:\/\/turkiyemhaber.com\/index.php?rest_route=\/wp\/v2\/types\/post"}],"author":[{"embeddable":true,"href":"https:\/\/turkiyemhaber.com\/index.php?rest_route=\/wp\/v2\/users\/1"}],"replies":[{"embeddable":true,"href":"https:\/\/turkiyemhaber.com\/index.php?rest_route=%2Fwp%2Fv2%2Fcomments&post=3062"}],"version-history":[{"count":1,"href":"https:\/\/turkiyemhaber.com\/index.php?rest_route=\/wp\/v2\/posts\/3062\/revisions"}],"predecessor-version":[{"id":3064,"href":"https:\/\/turkiyemhaber.com\/index.php?rest_route=\/wp\/v2\/posts\/3062\/revisions\/3064"}],"wp:featuredmedia":[{"embeddable":true,"href":"https:\/\/turkiyemhaber.com\/index.php?rest_route=\/wp\/v2\/media\/3063"}],"wp:attachment":[{"href":"https:\/\/turkiyemhaber.com\/index.php?rest_route=%2Fwp%2Fv2%2Fmedia&parent=3062"}],"wp:term":[{"taxonomy":"category","embeddable":true,"href":"https:\/\/turkiyemhaber.com\/index.php?rest_route=%2Fwp%2Fv2%2Fcategories&post=3062"},{"taxonomy":"post_tag","embeddable":true,"href":"https:\/\/turkiyemhaber.com\/index.php?rest_route=%2Fwp%2Fv2%2Ftags&post=3062"}],"curies":[{"name":"wp","href":"https:\/\/api.w.org\/{rel}","templated":true}]}}