{"id":3059,"date":"2026-06-12T14:09:03","date_gmt":"2026-06-12T14:09:03","guid":{"rendered":"https:\/\/turkiyemhaber.com\/?p=3059"},"modified":"2026-06-12T14:09:07","modified_gmt":"2026-06-12T14:09:07","slug":"5-yil-once-islenen-cinayet-boyle-cozuldu-her-sey-kuyudan-cikan-cesetle-baslamis","status":"publish","type":"post","link":"https:\/\/turkiyemhaber.com\/?p=3059","title":{"rendered":"5 y\u0131l \u00f6nce i\u015flenen cinayet b\u00f6yle \u00e7\u00f6z\u00fcld\u00fc! Her \u015fey kuyudan \u00e7\u0131kan cesetle ba\u015flam\u0131\u015f"},"content":{"rendered":"\n<p class=\"wp-block-paragraph\">Batman&#8217;da 2021 y\u0131l\u0131nda hayvan otlat\u0131rken silahl\u0131 sald\u0131r\u0131da hayat\u0131n\u0131 kaybeden Mehmet \u015eirin \u00c7elik&#8217;in dosyas\u0131nda y\u0131llar sonra d\u00fc\u011f\u00fcm \u00e7\u00f6z\u00fcld\u00fc. Yeniden a\u00e7\u0131lan soru\u015fturmada cinayetin, 2018 y\u0131l\u0131nda ya\u011fmur kuyusunda cesedi bulunan G\u00fclp\u0131nar K\u0131z\u0131lkaya olay\u0131yla ba\u015flayan ve y\u0131llar i\u00e7inde kan davas\u0131na d\u00f6n\u00fc\u015fen husumetin bir par\u00e7as\u0131 oldu\u011fu de\u011ferlendirildi. Batman ve Van&#8217;da 11 \u015f\u00fcpheliye y\u00f6nelik d\u00fczenlenen operasyonun g\u00f6r\u00fcnt\u00fcleri de ortaya \u00e7\u0131kt\u0131.<\/p>\n\n\n\n<p class=\"wp-block-paragraph\"><a href=\"https:\/\/www.sondakika.com\/batman\/\">Batman<\/a>&#8216;da 2021 y\u0131l\u0131nda hayvan otlat\u0131rken silahl\u0131 sald\u0131r\u0131da \u00f6ld\u00fcr\u00fclen&nbsp;<a href=\"https:\/\/www.sondakika.com\/mehmet-sirin\/\">Mehmet \u015eirin<\/a>&nbsp;\u00c7elik&#8217;in dosyas\u0131nda y\u0131llar sonra dikkat \u00e7eken bir geli\u015fme ya\u015fand\u0131. Yeniden a\u00e7\u0131lan soru\u015fturmada cinayetin iki aile aras\u0131nda uzun s\u00fcredir devam eden kan davas\u0131 nedeniyle i\u015flendi\u011fi y\u00f6n\u00fcnde delillere ula\u015f\u0131l\u0131rken, Batman ve&nbsp;<a href=\"https:\/\/www.sondakika.com\/van\/\">Van<\/a>&#8216;da 11 \u015f\u00fcpheliye y\u00f6nelik d\u00fczenlenen e\u015f zamanl\u0131 operasyonun g\u00f6r\u00fcnt\u00fcleri de ortaya \u00e7\u0131kt\u0131.&nbsp;<a href=\"https:\/\/www.sondakika.com\/jasat\/\">JASAT<\/a>&#8216;\u0131n teknik takip, gizli tan\u0131k ifadeleri ve kapsaml\u0131 saha \u00e7al\u0131\u015fmalar\u0131yla ayd\u0131nlatt\u0131\u011f\u0131 dosyada g\u00f6zalt\u0131na al\u0131nan \u015f\u00fcpheliler hakk\u0131nda soru\u015fturma s\u00fcr\u00fcyor.<\/p>\n\n\n\n<figure class=\"wp-block-image\"><img decoding=\"async\" src=\"https:\/\/foto.sondakika.com\/haber\/2026\/06\/12\/5-yil-once-islenen-cinayet-boy-19941694-3033_1_m.jpg\" alt=\"5 y\u0131l \u00f6nce i\u015flenen cinayet b\u00f6yle \u00e7\u00f6z\u00fcld\u00fc! Her \u015fey kuyudan \u00e7\u0131kan cesetle ba\u015flam\u0131\u015f\"\/><\/figure>\n\n\n\n<h3 class=\"wp-block-heading\">5 YILLIK FA\u0130L\u0130 ME\u00c7HUL C\u0130NAYET AYDINLATILDI<\/h3>\n\n\n\n<p class=\"wp-block-paragraph\">Batman&#8217;\u0131n Be\u015firi il\u00e7esine ba\u011fl\u0131 Karatepe k\u00f6y\u00fc mevkiinde 20 Nisan 2021 tarihinde hayvan otlat\u0131rken silahl\u0131 sald\u0131r\u0131ya u\u011frayan Mehmet \u015eirin \u00c7elik hayat\u0131n\u0131 kaybetmi\u015fti. Olay\u0131n ard\u0131ndan ba\u015flat\u0131lan soru\u015fturmada uzun s\u00fcre somut delile ula\u015f\u0131lamazken, dosya y\u0131llar sonra yeniden ele al\u0131nd\u0131.<\/p>\n\n\n\n<figure class=\"wp-block-image\"><img decoding=\"async\" src=\"https:\/\/foto.sondakika.com\/haber\/2026\/06\/12\/5-yil-once-islenen-cinayet-boy-19941694-5359_1_m.jpg\" alt=\"5 y\u0131l \u00f6nce i\u015flenen cinayet b\u00f6yle \u00e7\u00f6z\u00fcld\u00fc! Her \u015fey kuyudan \u00e7\u0131kan cesetle ba\u015flam\u0131\u015f\"\/><\/figure>\n\n\n\n<p class=\"wp-block-paragraph\">Y\u00fcr\u00fct\u00fclen yeni soru\u015fturmada tan\u0131k beyanlar\u0131, HTS kay\u0131tlar\u0131, PTS verileri, istihbari bilgiler ve saha \u00e7al\u0131\u015fmalar\u0131 birlikte de\u011ferlendirildi. Elde edilen bulgular, cinayetin \u00c7elik ve G\u00fcnbey aileleri aras\u0131nda y\u0131llard\u0131r s\u00fcren kan davas\u0131n\u0131n bir uzant\u0131s\u0131 olabilece\u011fine i\u015faret etti.<\/p>\n\n\n\n<h3 class=\"wp-block-heading\">KAN DAVASININ GE\u00c7M\u0130\u015e\u0130 DOSYAYA G\u0130RD\u0130<\/h3>\n\n\n\n<p class=\"wp-block-paragraph\">Soru\u015fturma kapsam\u0131nda iki aile aras\u0131ndaki husumetin y\u0131llar \u00f6ncesine dayand\u0131\u011f\u0131 belirlendi. Dosyada yer alan bilgilere g\u00f6re, \u00c7elik&#8217;in \u00f6l\u00fcm\u00fcne neden olan husumet 2018 y\u0131l\u0131nda ya\u015fanan bir cinayete dayan\u0131yordu. O tarihte ya\u011fmur kuyusu i\u00e7inde cesedi bulunan&nbsp;<a href=\"https:\/\/www.sondakika.com\/gulpinar\/\">G\u00fclp\u0131nar<\/a>&nbsp;K\u0131z\u0131lkaya&#8217;n\u0131n Ayd\u0131n Avc\u0131 isimli \u015fah\u0131stan hamile kald\u0131\u011f\u0131 ve bu nedenle \u00f6ld\u00fcr\u00fcld\u00fc\u011f\u00fc olay\u0131n faili olarak da Ayd\u0131n Avc\u0131&#8217;n\u0131n yakalanarak cezaland\u0131r\u0131ld\u0131\u011f\u0131 ortaya \u00e7\u0131kt\u0131.&nbsp;Kar\u015f\u0131l\u0131kl\u0131 sald\u0131r\u0131lar, darp olaylar\u0131 ve cinayetlerle b\u00fcy\u00fcyen husumetin zaman i\u00e7inde kan davas\u0131na d\u00f6n\u00fc\u015ft\u00fc\u011f\u00fc de\u011ferlendirildi.<\/p>\n\n\n\n<figure class=\"wp-block-image\"><img decoding=\"async\" src=\"https:\/\/foto.sondakika.com\/haber\/2026\/06\/12\/5-yil-once-islenen-cinayet-boy-19941694-1462_1_m.jpg\" alt=\"5 y\u0131l \u00f6nce i\u015flenen cinayet b\u00f6yle \u00e7\u00f6z\u00fcld\u00fc! Her \u015fey kuyudan \u00e7\u0131kan cesetle ba\u015flam\u0131\u015f\"\/><\/figure>\n\n\n\n<p class=\"wp-block-paragraph\">Soru\u015fturma dosyas\u0131nda, Bayram G\u00fcnbey&#8217;in \u00f6ld\u00fcr\u00fclmesi, H\u00fcseyin G\u00fcnbey&#8217;in yaralanmas\u0131 ve \u0130hsan T\u00fcrko\u011flu cinayeti gibi olaylar\u0131n da ayn\u0131 husumet zinciri i\u00e7erisinde yer ald\u0131\u011f\u0131 belirtildi.<\/p>\n\n\n\n<h3 class=\"wp-block-heading\">TELEFONLARINI BA\u015eKA B\u00d6LGEDE BIRAKTIKLARI \u0130DD\u0130ASI<\/h3>\n\n\n\n<p class=\"wp-block-paragraph\">Soru\u015fturmay\u0131 derinle\u015ftiren ekipler, baz\u0131 \u015f\u00fcphelilerin olay g\u00fcn\u00fc telefonlar\u0131n\u0131 farkl\u0131 b\u00f6lgelerde b\u0131rakarak izlerini kaybettirmeye \u00e7al\u0131\u015ft\u0131\u011f\u0131n\u0131 tespit etti. Teknik incelemelerde baz\u0131 \u015f\u00fcphelilerin olay saatlerinde Batman&#8217;\u0131n Kozluk il\u00e7esi ve \u00e7evresinde sinyal verdi\u011fi belirlendi.<\/p>\n\n\n\n<p class=\"wp-block-paragraph\">Elde edilen veriler \u00fczerine Batman 2&#8217;nci Sulh Ceza Hakimli\u011fi karar\u0131yla \u015f\u00fcpheliler hakk\u0131nda ileti\u015fimin dinlenmesi tedbiri uyguland\u0131.<\/p>\n\n\n\n<figure class=\"wp-block-image\"><img decoding=\"async\" src=\"https:\/\/foto.sondakika.com\/haber\/2026\/06\/12\/5-yil-once-islenen-cinayet-boy-19941694-3569_1_m.jpg\" alt=\"5 y\u0131l \u00f6nce i\u015flenen cinayet b\u00f6yle \u00e7\u00f6z\u00fcld\u00fc! Her \u015fey kuyudan \u00e7\u0131kan cesetle ba\u015flam\u0131\u015f\"\/><\/figure>\n\n\n\n<h3 class=\"wp-block-heading\">G\u0130ZL\u0130 TANIK \u0130FADES\u0130 SORU\u015eTURMANIN SEYR\u0130N\u0130 DE\u011e\u0130\u015eT\u0130RD\u0130<\/h3>\n\n\n\n<p class=\"wp-block-paragraph\">Adalet Bakan\u0131 Ak\u0131n G\u00fcrlek&#8217;in talimat\u0131yla kurulan Faili Me\u00e7hul Su\u00e7lar\u0131 Ara\u015ft\u0131rma Daire Ba\u015fkanl\u0131\u011f\u0131&#8217;n\u0131n koordinesinde JASAT ekipleri kapsaml\u0131 \u00e7al\u0131\u015fma y\u00fcr\u00fctt\u00fc. \u00c7elik ve G\u00fcnbey ailelerini tan\u0131yan ki\u015filerle g\u00f6r\u00fc\u015fmeler yap\u0131ld\u0131, saha ara\u015ft\u0131rmalar\u0131 geni\u015fletildi.<\/p>\n\n\n\n<p class=\"wp-block-paragraph\">Soru\u015fturmada d\u00f6n\u00fcm noktas\u0131 ise gizli tan\u0131k ifadesi oldu. Gizli tan\u0131k, cinayetin aile i\u00e7indeki baz\u0131 isimler taraf\u0131ndan planland\u0131\u011f\u0131n\u0131, olay\u0131n intikam amac\u0131yla organize edildi\u011fini ve sald\u0131r\u0131n\u0131n nas\u0131l ger\u00e7ekle\u015ftirildi\u011fine ili\u015fkin detaylar\u0131 anlatt\u0131. Tan\u0131k beyanlar\u0131n\u0131n teknik verilerle \u00f6rt\u00fc\u015fmesi \u00fczerine soru\u015fturmada \u00f6nemli ilerleme sa\u011fland\u0131.<\/p>\n\n\n\n<figure class=\"wp-block-image\"><img decoding=\"async\" src=\"https:\/\/foto.sondakika.com\/haber\/2026\/06\/12\/5-yil-once-islenen-cinayet-boy-19941694-7077_1_m.jpg\" alt=\"5 y\u0131l \u00f6nce i\u015flenen cinayet b\u00f6yle \u00e7\u00f6z\u00fcld\u00fc! Her \u015fey kuyudan \u00e7\u0131kan cesetle ba\u015flam\u0131\u015f\"\/><\/figure>\n\n\n\n<h3 class=\"wp-block-heading\">BATMAN VE VAN&#8217;DA E\u015e ZAMANLI OPERASYON<\/h3>\n\n\n\n<p class=\"wp-block-paragraph\">Elde edilen deliller do\u011frultusunda Batman Cumhuriyet Ba\u015fsavc\u0131l\u0131\u011f\u0131 koordinesinde 12 Haziran 2026 tarihinde Batman ve Van&#8217;da e\u015f zamanl\u0131 operasyon d\u00fczenlendi. Operasyonda 11 ayr\u0131 adrese bask\u0131n yap\u0131ld\u0131 ve cinayetle ba\u011flant\u0131l\u0131 olduklar\u0131 de\u011ferlendirilen 11 \u015f\u00fcpheli g\u00f6zalt\u0131na al\u0131nd\u0131.&nbsp;\u015e\u00fcphelilerin olay\u0131n planlama ve icra a\u015famas\u0131nda rol ald\u0131klar\u0131 iddia edilirken, soru\u015fturman\u0131n \u00e7ok y\u00f6nl\u00fc olarak s\u00fcrd\u00fc\u011f\u00fc \u00f6\u011frenildi.<a href=\"https:\/\/www.sondakika.com\/guncel\/haber-5-yillik-faili-mechul-cinayette-dugum-cozuldu-11-19941544\/\" target=\"_blank\" rel=\"noreferrer noopener\">5 y\u0131ll\u0131k faili me\u00e7hul cinayette d\u00fc\u011f\u00fcm \u00e7\u00f6z\u00fcld\u00fc! 11 \u015f\u00fcpheli g\u00f6zalt\u0131nda<\/a><\/p>\n\n\n\n<figure class=\"wp-block-image\"><img decoding=\"async\" src=\"https:\/\/foto.sondakika.com\/haber\/2026\/06\/12\/5-yil-once-islenen-cinayet-boy-19941694-1062_1_m.jpg\" alt=\"5 y\u0131l \u00f6nce i\u015flenen cinayet b\u00f6yle \u00e7\u00f6z\u00fcld\u00fc! Her \u015fey kuyudan \u00e7\u0131kan cesetle ba\u015flam\u0131\u015f\"\/><\/figure>\n\n\n\n<p class=\"wp-block-paragraph\"><\/p>\n","protected":false},"excerpt":{"rendered":"<p>Batman&#8217;da 2021 y\u0131l\u0131nda hayvan otlat\u0131rken silahl\u0131 sald\u0131r\u0131da hayat\u0131n\u0131 kaybeden Mehmet \u015eirin \u00c7elik&#8217;in dosyas\u0131nda y\u0131llar sonra<\/p>\n","protected":false},"author":1,"featured_media":3060,"comment_status":"open","ping_status":"open","sticky":false,"template":"","format":"standard","meta":{"_rtcl_gb_attr":"","footnotes":""},"categories":[43],"tags":[],"class_list":["post-3059","post","type-post","status-publish","format-standard","has-post-thumbnail","hentry","category-son-dakika"],"_links":{"self":[{"href":"https:\/\/turkiyemhaber.com\/index.php?rest_route=\/wp\/v2\/posts\/3059","targetHints":{"allow":["GET"]}}],"collection":[{"href":"https:\/\/turkiyemhaber.com\/index.php?rest_route=\/wp\/v2\/posts"}],"about":[{"href":"https:\/\/turkiyemhaber.com\/index.php?rest_route=\/wp\/v2\/types\/post"}],"author":[{"embeddable":true,"href":"https:\/\/turkiyemhaber.com\/index.php?rest_route=\/wp\/v2\/users\/1"}],"replies":[{"embeddable":true,"href":"https:\/\/turkiyemhaber.com\/index.php?rest_route=%2Fwp%2Fv2%2Fcomments&post=3059"}],"version-history":[{"count":1,"href":"https:\/\/turkiyemhaber.com\/index.php?rest_route=\/wp\/v2\/posts\/3059\/revisions"}],"predecessor-version":[{"id":3061,"href":"https:\/\/turkiyemhaber.com\/index.php?rest_route=\/wp\/v2\/posts\/3059\/revisions\/3061"}],"wp:featuredmedia":[{"embeddable":true,"href":"https:\/\/turkiyemhaber.com\/index.php?rest_route=\/wp\/v2\/media\/3060"}],"wp:attachment":[{"href":"https:\/\/turkiyemhaber.com\/index.php?rest_route=%2Fwp%2Fv2%2Fmedia&parent=3059"}],"wp:term":[{"taxonomy":"category","embeddable":true,"href":"https:\/\/turkiyemhaber.com\/index.php?rest_route=%2Fwp%2Fv2%2Fcategories&post=3059"},{"taxonomy":"post_tag","embeddable":true,"href":"https:\/\/turkiyemhaber.com\/index.php?rest_route=%2Fwp%2Fv2%2Ftags&post=3059"}],"curies":[{"name":"wp","href":"https:\/\/api.w.org\/{rel}","templated":true}]}}