{"id":3056,"date":"2026-06-12T14:04:30","date_gmt":"2026-06-12T14:04:30","guid":{"rendered":"https:\/\/turkiyemhaber.com\/?p=3056"},"modified":"2026-06-12T14:04:34","modified_gmt":"2026-06-12T14:04:34","slug":"savciya-15-yil-hapis-hakimi-vuran-savciya-ceza","status":"publish","type":"post","link":"https:\/\/turkiyemhaber.com\/?p=3056","title":{"rendered":"Savc\u0131ya 15 y\u0131l hapis: Hakimi vuran savc\u0131ya ceza"},"content":{"rendered":"\n<p class=\"wp-block-paragraph\">\u0130stanbul adliyesinde kad\u0131n hakim Asl\u0131 K.&#8217;y\u0131 silahla yaralayan savc\u0131 Muhammed \u00c7a\u011fatay K., &#8216;kad\u0131na kar\u015f\u0131 kasten \u00f6ld\u00fcrmeye te\u015febb\u00fcs&#8217; dahil su\u00e7lardan 15 y\u0131l hapis cezas\u0131na \u00e7arpt\u0131r\u0131ld\u0131; baz\u0131 su\u00e7larda h\u00fckm\u00fcn a\u00e7\u0131klanmas\u0131 geri b\u0131rak\u0131ld\u0131.<\/p>\n\n\n\n<p class=\"wp-block-paragraph\"><a href=\"https:\/\/www.sondakika.com\/istanbul\/\">\u0130stanbul<\/a>&nbsp;B\u00f6lge Adliye Mahkemesi&#8217;nde g\u00f6rev yapan kad\u0131n hakimi silahla yaralayan Cumhuriyet Savc\u0131s\u0131 Muhammed \u00c7a\u011fatay K. hakk\u0131nda karar \u00e7\u0131kt\u0131. Mahkeme, san\u0131\u011f\u0131 &#8220;kad\u0131na kar\u015f\u0131 kasten \u00f6ld\u00fcrmeye te\u015febb\u00fcs&#8221; su\u00e7undan 11 y\u0131l 8 ay hapis cezas\u0131na \u00e7arpt\u0131rd\u0131.<\/p>\n\n\n\n<p class=\"wp-block-paragraph\">\u0130stanbul B\u00f6lge Adliye Mahkemesi binas\u0131nda 13 Ocak 2026 tarihinde hakim Asl\u0131 K.&#8217;y\u0131 tart\u0131\u015fma s\u0131ras\u0131nda silahla vurarak yaralayan Anadolu Adliyesi&#8217;nde g\u00f6revli Cumhuriyet Savc\u0131s\u0131 Muhammed \u00c7a\u011fatay K.&#8217;n\u0131n yarg\u0131lanmas\u0131na devam edildi.<\/p>\n\n\n\n<p class=\"wp-block-paragraph\">\u0130stanbul 35. A\u011f\u0131r Ceza Mahkemesi&#8217;nde g\u00f6r\u00fclen duru\u015fmada tutuklu san\u0131k Muhammed \u00c7a\u011fatay K. ile taraf avukatlar\u0131 haz\u0131r bulundu.<\/p>\n\n\n\n<figure class=\"wp-block-image\"><img decoding=\"async\" src=\"https:\/\/foto.sondakika.com\/haber\/2026\/06\/12\/kadin-hakimi-vuran-savciya-mah-19941725-7841_1_m.jpg\" alt=\"Savc\u0131ya 15 y\u0131l hapis: Hakimi vuran savc\u0131ya ceza\"\/><\/figure>\n\n\n\n<h3 class=\"wp-block-heading\">SANIKTAN SON SAVUNMA<\/h3>\n\n\n\n<p class=\"wp-block-paragraph\">Duru\u015fmada son savunmas\u0131n\u0131 yapan san\u0131k Muhammed \u00c7a\u011fatay K., olay\u0131n uzun s\u00fcredir devam eden duygusal ili\u015fkinin ard\u0131ndan ya\u015fanan tart\u0131\u015fma ve kar\u015f\u0131l\u0131kl\u0131 gerilim s\u00fcrecinde meydana geldi\u011fini \u00f6ne s\u00fcrd\u00fc.<\/p>\n\n\n\n<p class=\"wp-block-paragraph\">San\u0131k, m\u00fc\u015ftekiyle ya\u015fad\u0131\u011f\u0131 ili\u015fki nedeniyle psikolojik bask\u0131 alt\u0131nda kald\u0131\u011f\u0131n\u0131, hamilelik ve k\u00fcrtaj s\u00fcrecinin de ili\u015fkideki gerginli\u011fi art\u0131rd\u0131\u011f\u0131n\u0131 savunarak olay\u0131n kasten \u00f6ld\u00fcrme amac\u0131yla de\u011fil, aniden geli\u015fen bir arbede s\u0131ras\u0131nda ger\u00e7ekle\u015fti\u011fini iddia etti.<\/p>\n\n\n\n<p class=\"wp-block-paragraph\">San\u0131k, &#8220;M\u00fc\u015fteki beni aldatt\u0131, ikinci bebe\u011fi bana sormadan ald\u0131rd\u0131. Annemi hasta etti. Onu su\u00e7lam\u0131yorum kendimi su\u00e7luyorum, ama mademki siz T\u00fcrk milleti ad\u0131na karar veriyorsunuz aldatmas\u0131 sizin umurunuzda olmal\u0131. M\u00fc\u015fteki beni olay g\u00fcn\u00fc tehdit etti, olay g\u00fcn\u00fc ya\u015fanan tart\u0131\u015fmada sald\u0131r\u0131ya u\u011frad\u0131m, bu nedenle silah\u0131m\u0131 kulland\u0131m&#8221; dedi.<\/p>\n\n\n\n<figure class=\"wp-block-image\"><img decoding=\"async\" src=\"https:\/\/foto.sondakika.com\/haber\/2026\/06\/12\/kadin-hakimi-vuran-savciya-mah-19941725-4752_1_m.jpg\" alt=\"Savc\u0131ya 15 y\u0131l hapis: Hakimi vuran savc\u0131ya ceza\"\/><\/figure>\n\n\n\n<h3 class=\"wp-block-heading\">&#8220;\u00d6LD\u00dcRMEK \u0130\u00c7\u0130N ATE\u015e ETT\u0130 D\u0130YEMEZS\u0130N\u0130Z&#8221;<\/h3>\n\n\n\n<p class=\"wp-block-paragraph\">San\u0131k Muhammed \u00c7a\u011fatay K., savunmas\u0131n\u0131n devam\u0131nda, &#8220;Bacak b\u00f6lgesine ate\u015f ettim ben. Ben tabancay\u0131 indirdikten sonra tan\u0131k \u00fcst\u00fcme atlad\u0131, onun \u00fcst\u00fcme atlamas\u0131yla polislerin girmesi ayn\u0131 anda ya\u015fand\u0131. Beni tuttuklar\u0131 andan sonra asla kimseye dokunmad\u0131m. Polisler beni tuttuklar\u0131 an ben silah\u0131 yere b\u0131rakt\u0131m&#8221; ifadelerini kulland\u0131.<\/p>\n\n\n\n<p class=\"wp-block-paragraph\">San\u0131k avukatlar\u0131 ise m\u00fcvekkilleri hakk\u0131nda haks\u0131z tahrik h\u00fck\u00fcmlerinin uygulanmas\u0131n\u0131 talep etti. Avukatlar, m\u00fcvekkillerinin amac\u0131n\u0131n \u00f6ld\u00fcrmeye te\u015febb\u00fcs olmad\u0131\u011f\u0131n\u0131 savundu.<\/p>\n\n\n\n<p class=\"wp-block-paragraph\">M\u00fc\u015fteki avukat\u0131 ise san\u0131\u011f\u0131n sistematik \u015fekilde tehditlerde bulundu\u011funu ve \u0131srarl\u0131 takip ger\u00e7ekle\u015ftirdi\u011fini belirterek olay\u0131n planl\u0131 \u015fekilde i\u015flendi\u011fini \u00f6ne s\u00fcrd\u00fc.<\/p>\n\n\n\n<figure class=\"wp-block-image\"><img decoding=\"async\" src=\"https:\/\/foto.sondakika.com\/haber\/2026\/06\/12\/kadin-hakimi-vuran-savciya-mah-19941725-6592_1_m.jpg\" alt=\"Savc\u0131ya 15 y\u0131l hapis: Hakimi vuran savc\u0131ya ceza\"\/><\/figure>\n\n\n\n<h3 class=\"wp-block-heading\">&#8220;BEN SAVCI OLDU\u011eUM \u0130\u00c7\u0130N BU YAPILIYOR&#8221;<\/h3>\n\n\n\n<p class=\"wp-block-paragraph\">Son s\u00f6z\u00fc sorulan san\u0131k, &#8220;Meslekta\u015flar\u0131ma, meslek b\u00fcy\u00fcklerime sesleniyorum. Sa\u011f\u0131r dilsiz kendimi savunamayan biri de olabilirdim. Savunamad\u0131\u011f\u0131m halde sizin yaralamadan h\u00fck\u00fcm kurman\u0131z gerekirdi. B\u00fct\u00fcn adalet te\u015fkilat\u0131na sesleniyorum. Benim ba\u015f\u0131ma gelen sizin ba\u015f\u0131n\u0131za da gelebilir. Ben savc\u0131 oldu\u011fum i\u00e7in bu yap\u0131l\u0131yor&#8221; dedi.<\/p>\n\n\n\n<figure class=\"wp-block-image\"><img decoding=\"async\" src=\"https:\/\/foto.sondakika.com\/haber\/2026\/06\/12\/kadin-hakimi-vuran-savciya-mah-19941725-7872_1_m.jpg\" alt=\"Savc\u0131ya 15 y\u0131l hapis: Hakimi vuran savc\u0131ya ceza\"\/><\/figure>\n\n\n\n<h3 class=\"wp-block-heading\">MAHKEMEDEN 15 YIL HAP\u0130S KARARI<\/h3>\n\n\n\n<p class=\"wp-block-paragraph\">Karar\u0131n\u0131 a\u00e7\u0131klayan mahkeme, Muhammed \u00c7a\u011fatay K.&#8217;y\u0131 &#8220;kad\u0131na kar\u015f\u0131 kasten \u00f6ld\u00fcrmeye te\u015febb\u00fcs&#8221; su\u00e7undan 11 y\u0131l 8 ay hapis cezas\u0131na \u00e7arpt\u0131rd\u0131.<\/p>\n\n\n\n<p class=\"wp-block-paragraph\">Mahkeme ayr\u0131ca san\u0131\u011f\u0131n &#8220;cebir ve tehdit kullanmak suretiyle i\u015f yeri dokunulmazl\u0131\u011f\u0131n\u0131 ihlal&#8221;, &#8220;silahla ve zincirleme \u015fekilde tehdit&#8221; ve &#8220;ki\u015fisel verileri hukuka ayk\u0131r\u0131 olarak ele ge\u00e7irmek&#8221; su\u00e7lar\u0131ndan toplam 3 y\u0131l 4 ay hapis cezas\u0131 almas\u0131na h\u00fckmetti. Ancak san\u0131\u011f\u0131n sab\u0131kas\u0131z olmas\u0131 nedeniyle bu su\u00e7lardan verilen cezalar i\u00e7in h\u00fckm\u00fcn a\u00e7\u0131klanmas\u0131n\u0131n geri b\u0131rak\u0131lmas\u0131na karar verildi.<\/p>\n\n\n\n<figure class=\"wp-block-image\"><img decoding=\"async\" src=\"https:\/\/foto.sondakika.com\/haber\/2026\/06\/12\/kadin-hakimi-vuran-savciya-mah-19941725-6897_1_m.jpg\" alt=\"Savc\u0131ya 15 y\u0131l hapis: Hakimi vuran savc\u0131ya ceza\"\/><\/figure>\n\n\n\n<h3 class=\"wp-block-heading\">\u0130DD\u0130ANAMEDE D\u0130KKAT \u00c7EKEN DETAYLAR<\/h3>\n\n\n\n<p class=\"wp-block-paragraph\">\u0130stanbul Cumhuriyet Ba\u015fsavc\u0131l\u0131\u011f\u0131 taraf\u0131ndan haz\u0131rlanan iddianamede, savc\u0131 Muhammed \u00c7a\u011fatay K\u0131l\u0131\u00e7arslan ile m\u00fc\u015fteki hakim Asl\u0131 Kahraman&#8217;\u0131n 2023 y\u0131l\u0131n\u0131n ortalar\u0131ndan itibaren duygusal birliktelik ya\u015famaya ba\u015flad\u0131klar\u0131 belirtildi.<\/p>\n\n\n\n<p class=\"wp-block-paragraph\">\u0130ddianamede, ili\u015fkinin bir s\u00fcre sonra sona erdi\u011fi, K\u0131l\u0131\u00e7arslan&#8217;\u0131n mesleki kariyerinin olumsuz etkilenece\u011fini d\u00fc\u015f\u00fcnerek birlikteli\u011fi bitirmek istedi\u011fi, ailesinin ayn\u0131 sitede oturmas\u0131 nedeniyle m\u00fc\u015ftekiyle kar\u015f\u0131la\u015fma ve durumu ailesine a\u00e7\u0131klama konusunda endi\u015fe ya\u015fad\u0131\u011f\u0131 ifade edildi.<\/p>\n\n\n\n<p class=\"wp-block-paragraph\">Savc\u0131n\u0131n, m\u00fc\u015ftekinin ba\u015fka bir \u015fehre tayin istemesini tek \u00e7\u0131k\u0131\u015f yolu olarak g\u00f6rd\u00fc\u011f\u00fc ve bu ama\u00e7la bask\u0131lar\u0131n\u0131 giderek art\u0131rd\u0131\u011f\u0131 kaydedildi.<\/p>\n\n\n\n<figure class=\"wp-block-image\"><img decoding=\"async\" src=\"https:\/\/foto.sondakika.com\/haber\/2026\/06\/12\/kadin-hakimi-vuran-savciya-mah-19941725-6164_1_m.jpg\" alt=\"Savc\u0131ya 15 y\u0131l hapis: Hakimi vuran savc\u0131ya ceza\"\/><\/figure>\n\n\n\n<p class=\"wp-block-paragraph\">\u0130ddianamede ayr\u0131ca san\u0131\u011f\u0131n zaman zaman m\u00fc\u015ftekinin \u00e7al\u0131\u015fma odas\u0131na gitti\u011fi, tehdit i\u00e7erikli mesajlar ve g\u00f6rseller g\u00f6nderdi\u011fi, farkl\u0131 ileti\u015fim y\u00f6ntemleriyle temas kurmaya \u00e7al\u0131\u015farak ma\u011fdurun huzurunu bozdu\u011fu ve g\u00fcvenli\u011finden endi\u015fe etmesine neden oldu\u011fu belirtildi.<\/p>\n\n\n\n<p class=\"wp-block-paragraph\">Her t\u00fcrl\u00fc ileti\u015fim kanal\u0131ndan engellenmesine ra\u011fmen gizli numaralarla aramalar yapt\u0131\u011f\u0131 ve banka dekontlar\u0131n\u0131n a\u00e7\u0131klama k\u0131sm\u0131na yazd\u0131\u011f\u0131 ifadelerle tehditlerini s\u00fcrd\u00fcrd\u00fc\u011f\u00fc de iddianamede yer ald\u0131.<\/p>\n\n\n\n<p class=\"wp-block-paragraph\">Olay g\u00fcn\u00fc taraflar aras\u0131nda \u00e7\u0131kan tart\u0131\u015fman\u0131n ard\u0131ndan san\u0131\u011f\u0131n m\u00fc\u015ftekinin odas\u0131n\u0131 terk etmedi\u011fi, silah\u0131n\u0131 \u00e7\u0131kararak ma\u011fdura do\u011frulttu\u011fu, yard\u0131m \u00e7a\u011fr\u0131s\u0131 \u00fczerine odaya giren g\u00f6revlinin m\u00fcdahalesine ra\u011fmen ate\u015f etti\u011fi belirtildi.<\/p>\n\n\n\n<figure class=\"wp-block-image\"><img decoding=\"async\" src=\"https:\/\/foto.sondakika.com\/haber\/2026\/06\/12\/kadin-hakimi-vuran-savciya-mah-19941725-9583_1_m.jpg\" alt=\"Savc\u0131ya 15 y\u0131l hapis: Hakimi vuran savc\u0131ya ceza\"\/><\/figure>\n\n\n\n<p class=\"wp-block-paragraph\">Haz\u0131rlanan iddianamede Muhammed \u00c7a\u011fatay K\u0131l\u0131\u00e7arslan&#8217;\u0131n &#8220;kad\u0131na kar\u015f\u0131 kasten \u00f6ld\u00fcrmeye te\u015febb\u00fcs&#8221;, &#8220;cebir ve tehdit kullanmak suretiyle i\u015f yeri dokunulmazl\u0131\u011f\u0131n\u0131 ihlal&#8221;, &#8220;silahla ve zincirleme \u015fekilde tehdit&#8221;, &#8220;ki\u015fisel verileri hukuka ayk\u0131r\u0131 olarak ele ge\u00e7irmek&#8221; ve &#8220;\u0131srarl\u0131 takip&#8221; su\u00e7lar\u0131ndan toplam 20 y\u0131l 2 aydan 42 y\u0131l 3 aya kadar hapis cezas\u0131yla cezaland\u0131r\u0131lmas\u0131 talep edilmi\u015fti.<\/p>\n","protected":false},"excerpt":{"rendered":"<p>\u0130stanbul adliyesinde kad\u0131n hakim Asl\u0131 K.&#8217;y\u0131 silahla yaralayan savc\u0131 Muhammed \u00c7a\u011fatay K., &#8216;kad\u0131na kar\u015f\u0131 kasten<\/p>\n","protected":false},"author":1,"featured_media":3057,"comment_status":"open","ping_status":"open","sticky":false,"template":"","format":"standard","meta":{"_rtcl_gb_attr":"","footnotes":""},"categories":[43],"tags":[],"class_list":["post-3056","post","type-post","status-publish","format-standard","has-post-thumbnail","hentry","category-son-dakika"],"_links":{"self":[{"href":"https:\/\/turkiyemhaber.com\/index.php?rest_route=\/wp\/v2\/posts\/3056","targetHints":{"allow":["GET"]}}],"collection":[{"href":"https:\/\/turkiyemhaber.com\/index.php?rest_route=\/wp\/v2\/posts"}],"about":[{"href":"https:\/\/turkiyemhaber.com\/index.php?rest_route=\/wp\/v2\/types\/post"}],"author":[{"embeddable":true,"href":"https:\/\/turkiyemhaber.com\/index.php?rest_route=\/wp\/v2\/users\/1"}],"replies":[{"embeddable":true,"href":"https:\/\/turkiyemhaber.com\/index.php?rest_route=%2Fwp%2Fv2%2Fcomments&post=3056"}],"version-history":[{"count":1,"href":"https:\/\/turkiyemhaber.com\/index.php?rest_route=\/wp\/v2\/posts\/3056\/revisions"}],"predecessor-version":[{"id":3058,"href":"https:\/\/turkiyemhaber.com\/index.php?rest_route=\/wp\/v2\/posts\/3056\/revisions\/3058"}],"wp:featuredmedia":[{"embeddable":true,"href":"https:\/\/turkiyemhaber.com\/index.php?rest_route=\/wp\/v2\/media\/3057"}],"wp:attachment":[{"href":"https:\/\/turkiyemhaber.com\/index.php?rest_route=%2Fwp%2Fv2%2Fmedia&parent=3056"}],"wp:term":[{"taxonomy":"category","embeddable":true,"href":"https:\/\/turkiyemhaber.com\/index.php?rest_route=%2Fwp%2Fv2%2Fcategories&post=3056"},{"taxonomy":"post_tag","embeddable":true,"href":"https:\/\/turkiyemhaber.com\/index.php?rest_route=%2Fwp%2Fv2%2Ftags&post=3056"}],"curies":[{"name":"wp","href":"https:\/\/api.w.org\/{rel}","templated":true}]}}