{"id":3053,"date":"2026-06-12T13:59:38","date_gmt":"2026-06-12T13:59:38","guid":{"rendered":"https:\/\/turkiyemhaber.com\/?p=3053"},"modified":"2026-06-12T13:59:42","modified_gmt":"2026-06-12T13:59:42","slug":"ozgur-ozelden-yeni-parti-cikisi-kilicdaroglunu-isaret-etti","status":"publish","type":"post","link":"https:\/\/turkiyemhaber.com\/?p=3053","title":{"rendered":"\u00d6zg\u00fcr \u00d6zel&#8217;den yeni parti \u00e7\u0131k\u0131\u015f\u0131! K\u0131l\u0131\u00e7daro\u011flu&#8217;nu i\u015faret etti"},"content":{"rendered":"\n<p class=\"wp-block-paragraph\">CHP&#8217;de ya\u015fanan kriz ve yeni parti tart\u0131\u015fmalar\u0131na ili\u015fkin konu\u015fan \u00d6zg\u00fcr \u00d6zel, CHP&#8217;yi b\u0131rakma niyetlerinin olmad\u0131\u011f\u0131n\u0131 ve m\u00fccadeleyi sonuna kadar s\u00fcrd\u00fcreceklerini s\u00f6yledi. Ancak \u00d6zel, Kemal K\u0131l\u0131\u00e7daro\u011flu&#8217;nun &#8220;partiyi AK Parti&#8217;ye dayanak yapmaya devam etmesi, CHP&#8217;yi k\u00fc\u00e7\u00fcltmesi, kendilerini parti i\u00e7inde siyaset yapamaz hale getirmesi ve T\u00fcrkiye&#8217;yi CHP ile normal bir zemine ta\u015f\u0131ma umutlar\u0131n\u0131 ortadan kald\u0131rmas\u0131 durumunda mecburen yeni parti kurulaca\u011f\u0131n\u0131&#8221; ifade etti.<\/p>\n\n\n\n<p class=\"wp-block-paragraph\">CHP&#8217;deki mutlak butlan karar\u0131n\u0131n ard\u0131ndan yeni parti kuraca\u011f\u0131 y\u00f6n\u00fcndeki iddialara yan\u0131t veren&nbsp;<a href=\"https:\/\/www.sondakika.com\/ozgur-ozel\/\">\u00d6zg\u00fcr \u00d6zel<\/a>, \u015fu an i\u00e7in b\u00f6yle bir planlar\u0131n\u0131n olmad\u0131\u011f\u0131n\u0131 s\u00f6yledi. \u00d6zel, CHP i\u00e7inde m\u00fccadeleyi s\u00fcrd\u00fcreceklerini belirtirken, t\u00fcm yollar\u0131n t\u00fckenmesi halinde yeni parti se\u00e7ene\u011finin g\u00fcndeme gelebilece\u011fini ifade etti.<\/p>\n\n\n\n<h3 class=\"wp-block-heading\">&#8220;CHP&#8217;Y\u0130 BIRAKMA N\u0130YET\u0130M\u0130Z YOK&#8221;<\/h3>\n\n\n\n<p class=\"wp-block-paragraph\">CHP&#8217;de mutlak butlan karar\u0131yla genel ba\u015fkanl\u0131k koltu\u011funu kaybeden \u00d6zg\u00fcr \u00d6zel, gazeteci Fatih Altayl\u0131&#8217;ya yapt\u0131\u011f\u0131 a\u00e7\u0131klamada, yeni parti kuraca\u011f\u0131 y\u00f6n\u00fcndeki iddialar\u0131 de\u011ferlendirdi.<\/p>\n\n\n\n<p class=\"wp-block-paragraph\">Parti i\u00e7inde m\u00fccadeleye devam edeceklerini vurgulayan \u00d6zel, &#8220;Ben ona hi\u00e7 bakm\u0131yorum. Bizim \u015fu an i\u00e7in yeni parti kurma, CHP&#8217;yi b\u0131rakma niyetimiz yok. Sonuna kadar m\u00fccadele edece\u011fiz. T\u00fcm hukuki yollar\u0131 deneyece\u011fiz. Bu parti bizim partimiz. Bizim bu partinin \u00f6rg\u00fct\u00fc ile, taban\u0131 ile, se\u00e7meni ile g\u00f6n\u00fcl ba\u011f\u0131m\u0131z var. Bu partinin se\u00e7ilmi\u015f y\u00f6netimi biziz. Niye b\u0131rakal\u0131m. Biz partiyi butlanc\u0131lardan geri alaca\u011f\u0131m\u0131za inan\u0131yoruz&#8221; dedi.<\/p>\n\n\n\n<h3 class=\"wp-block-heading\">&#8220;YEN\u0130 PART\u0130 \u015eU AN G\u00dcNDEM\u0130M\u0130ZDE YOK&#8221;<\/h3>\n\n\n\n<p class=\"wp-block-paragraph\">\u00d6zel, CHP i\u00e7inde siyaset yapma imkanlar\u0131n\u0131n devam etti\u011fi s\u00fcrece yeni parti kurma se\u00e7ene\u011finin masada olmad\u0131\u011f\u0131n\u0131 belirtti.&nbsp;Parti i\u00e7inde m\u00fccadeleyi s\u00fcrd\u00fcreceklerini ifade eden \u00d6zel, t\u00fcm hukuki ve siyasi yollar\u0131 sonuna kadar kullanacaklar\u0131n\u0131 s\u00f6yledi.<\/p>\n\n\n\n<h3 class=\"wp-block-heading\">KILI\u00c7DARO\u011eLU&#8217;NA SERT ELE\u015eT\u0130R\u0130<\/h3>\n\n\n\n<p class=\"wp-block-paragraph\"><a href=\"https:\/\/www.sondakika.com\/kemal-kilicdaroglu\/\">Kemal K\u0131l\u0131\u00e7daro\u011flu<\/a>&#8216;na da ele\u015ftiriler y\u00f6nelten \u00d6zel, &#8220;Parti i\u00e7inde m\u00fccadeleyi s\u00fcrd\u00fcrebildi\u011fimiz s\u00fcrece yok. Olmaz. Ama \u015funu g\u00f6r\u00fcr\u00fcz; Kemal K\u0131l\u0131\u00e7daro\u011flu partiyi&nbsp;<a href=\"https:\/\/www.sondakika.com\/ak-parti\/\">AK Parti<\/a>&#8216;ye dayanak yapmaya devam eder, partiyi k\u00fc\u00e7\u00fclt\u00fcr, bitirmek i\u00e7in \u00e7abalamaya devam eder, bizi de CHP i\u00e7inde siyaset yapamayacak hale getirir,&nbsp;<a href=\"https:\/\/www.sondakika.com\/turkiye\/\">T\u00fcrkiye<\/a>&#8216;yi normal bir d\u00fczleme CHP ile ta\u015f\u0131ma umudumuzu yok eder; o zaman mecburen yeni parti kurulur&#8221; ifadelerini kulland\u0131.<\/p>\n\n\n\n<h3 class=\"wp-block-heading\">&#8220;HER \u015eEY\u0130 DENEMEDEN CHP&#8217;Y\u0130 BIRAKMAYIZ&#8221;<\/h3>\n\n\n\n<p class=\"wp-block-paragraph\">\u00d6zel, yeni parti se\u00e7ene\u011finin son \u00e7are olaca\u011f\u0131n\u0131 belirterek, &#8220;Ama biz sonuna kadar u\u011fra\u015fmadan, her \u015feyi denemeden, elimizden gelenin t\u00fcm\u00fcn\u00fc ortaya koymadan CHP&#8217;yi b\u0131rakamay\u0131z. Vicdan\u0131m\u0131zda &#8216;Ke\u015fke \u015funu da yapsayd\u0131k&#8217; diyecek bir tek nokta b\u0131rakmak istemiyoruz&#8221; dedi.<\/p>\n","protected":false},"excerpt":{"rendered":"<p>CHP&#8217;de ya\u015fanan kriz ve yeni parti tart\u0131\u015fmalar\u0131na ili\u015fkin konu\u015fan \u00d6zg\u00fcr \u00d6zel, CHP&#8217;yi b\u0131rakma niyetlerinin olmad\u0131\u011f\u0131n\u0131<\/p>\n","protected":false},"author":1,"featured_media":3054,"comment_status":"open","ping_status":"open","sticky":false,"template":"","format":"standard","meta":{"_rtcl_gb_attr":"","footnotes":""},"categories":[1],"tags":[],"class_list":["post-3053","post","type-post","status-publish","format-standard","has-post-thumbnail","hentry","category-http-turkiyemhaber-com-wp-content-uploads-2026-03-saray-59-haber-13-mart-pdf"],"_links":{"self":[{"href":"https:\/\/turkiyemhaber.com\/index.php?rest_route=\/wp\/v2\/posts\/3053","targetHints":{"allow":["GET"]}}],"collection":[{"href":"https:\/\/turkiyemhaber.com\/index.php?rest_route=\/wp\/v2\/posts"}],"about":[{"href":"https:\/\/turkiyemhaber.com\/index.php?rest_route=\/wp\/v2\/types\/post"}],"author":[{"embeddable":true,"href":"https:\/\/turkiyemhaber.com\/index.php?rest_route=\/wp\/v2\/users\/1"}],"replies":[{"embeddable":true,"href":"https:\/\/turkiyemhaber.com\/index.php?rest_route=%2Fwp%2Fv2%2Fcomments&post=3053"}],"version-history":[{"count":1,"href":"https:\/\/turkiyemhaber.com\/index.php?rest_route=\/wp\/v2\/posts\/3053\/revisions"}],"predecessor-version":[{"id":3055,"href":"https:\/\/turkiyemhaber.com\/index.php?rest_route=\/wp\/v2\/posts\/3053\/revisions\/3055"}],"wp:featuredmedia":[{"embeddable":true,"href":"https:\/\/turkiyemhaber.com\/index.php?rest_route=\/wp\/v2\/media\/3054"}],"wp:attachment":[{"href":"https:\/\/turkiyemhaber.com\/index.php?rest_route=%2Fwp%2Fv2%2Fmedia&parent=3053"}],"wp:term":[{"taxonomy":"category","embeddable":true,"href":"https:\/\/turkiyemhaber.com\/index.php?rest_route=%2Fwp%2Fv2%2Fcategories&post=3053"},{"taxonomy":"post_tag","embeddable":true,"href":"https:\/\/turkiyemhaber.com\/index.php?rest_route=%2Fwp%2Fv2%2Ftags&post=3053"}],"curies":[{"name":"wp","href":"https:\/\/api.w.org\/{rel}","templated":true}]}}