{"id":3050,"date":"2026-06-12T13:57:35","date_gmt":"2026-06-12T13:57:35","guid":{"rendered":"https:\/\/turkiyemhaber.com\/?p=3050"},"modified":"2026-06-12T13:57:39","modified_gmt":"2026-06-12T13:57:39","slug":"dolar-dolu-kutulardan-luks-villaya-silivri-belediyesine-yonelik-sorusturmada-pes-dedirten-iddialar","status":"publish","type":"post","link":"https:\/\/turkiyemhaber.com\/?p=3050","title":{"rendered":"Dolar dolu kutulardan l\u00fcks villaya! Silivri Belediyesi&#8217;ne y\u00f6nelik soru\u015fturmada pes dedirten iddialar"},"content":{"rendered":"\n<p class=\"wp-block-paragraph\">Silivri Belediyesi\u2019ndeki baz\u0131 i\u015f ve i\u015flemlerde menfaat temini ve usuls\u00fczl\u00fck yap\u0131ld\u0131\u011f\u0131 iddias\u0131yla y\u00fcr\u00fct\u00fclen dev soru\u015fturmada, aralar\u0131nda Belediye Ba\u015fkan\u0131 Bora Balc\u0131o\u011flu ve Yard\u0131mc\u0131s\u0131 Fatih Yavuz&#8217;un da bulundu\u011fu 17 ki\u015fi g\u00f6zalt\u0131na ald\u0131. Ba\u015fsavc\u0131l\u0131k koordinesinde y\u00fcr\u00fct\u00fclen soru\u015fturmada; 21 milyon TL&#8217;yi a\u015fan arsa vurgunu, siyah kutuda teslim edilen euro&#8217;lar, elden verilen 450 bin dolarl\u0131k r\u00fc\u015fvet iddialar\u0131 ve zab\u0131ta al\u0131m\u0131ndaki usuls\u00fczl\u00fckler tek tek de\u015fifre edildi.<\/p>\n\n\n\n<p class=\"wp-block-paragraph\">\u0130stanbul\u2019un Silivri il\u00e7esi, yerel y\u00f6netim kademesini sarsan dev bir yolsuzluk ve r\u00fc\u015fvet operasyonuyla \u00e7alkalan\u0131yor. Silivri Cumhuriyet Ba\u015fsavc\u0131l\u0131\u011f\u0131 taraf\u0131ndan y\u00fcr\u00fct\u00fclen geni\u015f kapsaml\u0131 soru\u015fturma do\u011frultusunda, emniyet g\u00fc\u00e7leri sabah saatlerinde d\u00fc\u011fmeye bast\u0131.<\/p>\n\n\n\n<p class=\"wp-block-paragraph\">Operasyon kapsam\u0131nda, aralar\u0131nda Silivri Belediye Ba\u015fkan\u0131&nbsp;<a href=\"https:\/\/www.sondakika.com\/bora-balcioglu\/\">Bora Balc\u0131o\u011flu<\/a>&nbsp;ile Belediye Ba\u015fkan Yard\u0131mc\u0131s\u0131&nbsp;<a href=\"https:\/\/www.sondakika.com\/fatih-yavuz\/\">Fatih Yavuz<\/a>&#8216;un da bulundu\u011fu toplam 17 \u015f\u00fcpheli g\u00f6zalt\u0131na al\u0131nd\u0131. Ba\u015fsavc\u0131l\u0131k; imar, ruhsat, m\u00fch\u00fcrleme, ka\u00e7ak yap\u0131, personel al\u0131m\u0131 ve ta\u015f\u0131nmaz sat\u0131\u015flar\u0131 s\u00fcre\u00e7lerinin menfaat temini amac\u0131yla usuls\u00fczce kullan\u0131ld\u0131\u011f\u0131n\u0131 tespit etti.<\/p>\n\n\n\n<h3 class=\"wp-block-heading\">\u0130\u015eTE \u00d6NE \u00c7IKAN YOLSUZLUK \u0130DD\u0130ALARI<\/h3>\n\n\n\n<ul class=\"wp-block-list\">\n<li><strong>21 Milyon liral\u0131k ye\u015fil alan ve arsa vurgunu:\u00a0<\/strong>Silivri il\u00e7esi Balaban Mahallesi&#8217;nde bulunan 5 bin 368 metrekarelik \u015fahsa ait ta\u015f\u0131nmaz, \u00f6nceki y\u0131llarda yap\u0131lan imar uygulamas\u0131 neticesinde ye\u015fil alan olarak tespit edilmi\u015f ve m\u00fclkiyetin silinmesi suretiyle terk i\u015flemi yap\u0131lm\u0131\u015ft\u0131r. Daha sonra yeniden ihdas i\u015flemi yap\u0131larak sanayi arsas\u0131na \u00e7evrilen bu ta\u015f\u0131nmaz, yan tarafta bulunan arazinin sahibi S.S. \u0130kitelli Silivri Karma Sanayi Sitesi Yap\u0131 Kooperatifi\u2019ne (Eski ad\u0131: \u0130kitelli Silivri Toplu \u0130\u015f Yeri Yap\u0131 Kooperatifi) tevhid edilerek ihale yoluyla sat\u0131lm\u0131\u015ft\u0131r. Yasal olarak ye\u015fil alandan \u00e7\u0131kart\u0131lan bu ta\u015f\u0131nmaz\u0131n eski sahibine iadesi zorunlu olmas\u0131na ve bu i\u015flem yap\u0131lmadan ba\u015fka bir ki\u015fiye devredilemeyecek olmas\u0131na ra\u011fmen ger\u00e7ekle\u015ftirilen bu d\u00fc\u015f\u00fck bedelli sat\u0131\u015f, 21 milyon 522 bin 717 TL 40 kuru\u015f kamu zarar\u0131na yol a\u00e7m\u0131\u015ft\u0131r. Bu husus bilirki\u015fi raporuyla tescillenmi\u015ftir. S\u00f6z konusu kooperatifin ad\u0131, \u0130BB soru\u015fturma beyanlar\u0131nda da &#8220;usuls\u00fcz ihalelerden edinilen paralar\u0131n ta\u015f\u0131nmaz al\u0131narak akland\u0131\u011f\u0131 yer&#8221; olarak ge\u00e7mektedir.<\/li>\n\n\n\n<li><strong>M\u00fcteahhit taraf\u0131ndan elden verilen 450 bin dolarl\u0131k r\u00fc\u015fvet iddias\u0131:\u00a0<\/strong>Silivri&#8217;de faaliyet g\u00f6steren \u015f\u00fcpheli bir m\u00fcteahhidin, projelerine i\u015f yeri iskan\u0131 alabilmek amac\u0131yla do\u011frudan Belediye Ba\u015fkan\u0131 Bora Balc\u0131o\u011flu\u2019na elden 450 bin dolar nakit para verdi\u011fi \u00f6ne s\u00fcr\u00fclm\u00fc\u015ft\u00fcr. \u0130hbara g\u00f6re m\u00fcteahhit, paray\u0131 teslim ederken i\u00e7erisinden 2 bin dolar geri alm\u0131\u015f; ancak daha sonra Belediye Ba\u015fkan\u0131&#8217;n\u0131n paran\u0131n eksik oldu\u011funu s\u00f6ylemesi \u00fczerine o 2 bin dolar\u0131 da yeniden kendisine vermi\u015ftir. M\u00fcteahhidin bu durumu kamuya a\u00e7\u0131k alanlarda a\u00e7\u0131k\u00e7a beyan etmesi \u00fczerine yap\u0131lan banka hesap incelemelerinde, belirtilen tarihlerde ve tutarlarda dolar cinsinden nakit para \u00e7ekim i\u015flemlerinin bulundu\u011fu tespit edilmi\u015ftir.<\/li>\n\n\n\n<li><strong>Siyah kutu i\u00e7erisinde 40 bin 200 euro&#8217;luk r\u00fc\u015fvet:<\/strong>\u00a0Soru\u015fturma kapsam\u0131nda daha \u00f6nce ifadesi al\u0131nan bir kafe i\u015fletmecisi, 5 y\u0131ll\u0131k i\u015fletme hakk\u0131n\u0131 alabilmek amac\u0131yla, mevcut Belediye Ba\u015fkan\u0131 Bora Balc\u0131o\u011flu\u2019nun bilgisi dahilinde, CHP eski \u0130l\u00e7e Ba\u015fkan\u0131&#8217;na parti binas\u0131nda siyah bir kutu i\u00e7erisinde 40 bin 200 Euro nakit para teslim etti\u011fini a\u00e7\u0131k\u00e7a itiraf ederek samimi beyanda bulunmu\u015ftur.<\/li>\n\n\n\n<li><strong>Usuls\u00fcz iskanlar ve r\u00fc\u015fvetle g\u00f6z yumulan ka\u00e7ak yap\u0131lar:<\/strong>\u00a0Yasal zorunluluk gere\u011fi iskan verilmemesi gereken 3 adet villaya r\u00fc\u015fvet kar\u015f\u0131l\u0131\u011f\u0131nda iskan sa\u011fland\u0131\u011f\u0131 saptanm\u0131\u015ft\u0131r. Ayr\u0131ca, il\u00e7ede ka\u00e7ak yap\u0131 in\u015fa eden bir firman\u0131n imar kirlili\u011fi su\u00e7una, 300 bin TL r\u00fc\u015fvet kar\u015f\u0131l\u0131\u011f\u0131nda herhangi bir yasal i\u015flem yap\u0131lmayarak g\u00f6z yumuldu\u011fu ve usuls\u00fczl\u00fck yap\u0131ld\u0131\u011f\u0131 belirlenmi\u015ftir.<\/li>\n\n\n\n<li><strong>Belediye Ba\u015fkan\u0131&#8217;n\u0131n kayna\u011f\u0131 belirsiz l\u00fcks ya\u015fam\u0131 ve 40 milyon liral\u0131k villas\u0131:<\/strong>\u00a0Bora Balc\u0131o\u011flu\u2019nun Silivri Belediye Ba\u015fkan\u0131 olduktan sonra mal varl\u0131\u011f\u0131nda l\u00fcks ya\u015fam standartlar\u0131yla uyumsuz, fahi\u015f bir art\u0131\u015f ya\u015fand\u0131\u011f\u0131 kaydedilmi\u015ftir. \u0130ncelemelerde; Balc\u0131o\u011flu&#8217;nun kayna\u011f\u0131 tespit edilemeyen yakla\u015f\u0131k 40 milyon TL bedelle \u015fu an oturdu\u011fu l\u00fcks villay\u0131 sat\u0131n ald\u0131\u011f\u0131, y\u00fcksek tutarl\u0131 tadilat harcamalar\u0131n\u0131 elden nakit \u00f6demelerle ger\u00e7ekle\u015ftirdi\u011fi ve mevcut yasal gelirleriyle ba\u011fda\u015fmayacak s\u0131kl\u0131kta yurt d\u0131\u015f\u0131 tatillerine giderek l\u00fcks bir ya\u015fam s\u00fcrd\u00fc\u011f\u00fc iddia edilmi\u015ftir.<\/li>\n\n\n\n<li><strong><a href=\"https:\/\/www.sondakika.com\/zabita\/\">Zab\u0131ta<\/a>\u00a0al\u0131m\u0131nda r\u00fc\u015fvet tarifesi ve akraba hesaplar\u0131yla iade \u00e7ark\u0131:\u00a0<\/strong><a href=\"https:\/\/www.sondakika.com\/silivri-belediyesi\/\">Silivri Belediyesi<\/a>&#8216;ne zab\u0131ta memuru olarak al\u0131nmak istenen 4 \u015fah\u0131stan, i\u015fe giri\u015f \u00f6ncesi 200 bin TL, i\u015fe al\u0131m sonras\u0131nda da 200 bin TL olmak \u00fczere toplamda ki\u015fi ba\u015f\u0131 400 bin TL r\u00fc\u015fvet talep edilmi\u015ftir. Bu kapsamda adaylar ilk etapta 200&#8217;er bin TL&#8217;yi teslim etmi\u015f ancak daha sonra 3 \u015fahs\u0131n ba\u015fvurusu reddedilmi\u015ftir. Yap\u0131lan banka hesap incelemelerinde, ba\u015fvurusu reddedilen bir \u015fahs\u0131n \u00f6dedi\u011fi 200 bin TL r\u00fc\u015fvet paras\u0131n\u0131n, belediye \u00e7al\u0131\u015fanlar\u0131 ve onlar\u0131n akrabalar\u0131n\u0131n hesaplar\u0131 \u00fczerinden par\u00e7a par\u00e7a &#8220;iade&#8221; edildi\u011fi saptanm\u0131\u015ft\u0131r.<\/li>\n<\/ul>\n\n\n\n<h3 class=\"wp-block-heading\">A\u011eIR SU\u00c7LAMALARLA SORU\u015eTURMA B\u00dcY\u00dcYOR<\/h3>\n\n\n\n<p class=\"wp-block-paragraph\">\u015e\u00fcpheliler hakk\u0131nda; &#8220;Su\u00e7 i\u015flemek amac\u0131yla \u00f6rg\u00fct kurma ve y\u00f6netme&#8221;, &#8220;\u00d6rg\u00fcte \u00fcye olma&#8221;, &#8220;R\u00fc\u015fvet alma-verme&#8221;, &#8220;\u0130rtikap&#8221;, &#8220;N\u00fcfuz ticareti&#8221;, &#8220;G\u00f6revi k\u00f6t\u00fcye kullanma&#8221;, &#8220;\u0130haleye fesat kar\u0131\u015ft\u0131rma&#8221;, &#8220;Edimin ifas\u0131na fesat kar\u0131\u015ft\u0131rma&#8221;, &#8220;\u0130mar kirlili\u011fine neden olma&#8221; ve &#8220;Su\u00e7tan kaynaklanan mal varl\u0131\u011f\u0131 de\u011ferlerini aklama&#8221; su\u00e7lar\u0131ndan adli s\u00fcre\u00e7 y\u00fcr\u00fct\u00fcl\u00fcyor. 17 \u015f\u00fcphelinin emniyetteki sorgusu devam ediyor.<\/p>\n","protected":false},"excerpt":{"rendered":"<p>Silivri Belediyesi\u2019ndeki baz\u0131 i\u015f ve i\u015flemlerde menfaat temini ve usuls\u00fczl\u00fck yap\u0131ld\u0131\u011f\u0131 iddias\u0131yla y\u00fcr\u00fct\u00fclen dev soru\u015fturmada,<\/p>\n","protected":false},"author":1,"featured_media":3051,"comment_status":"open","ping_status":"open","sticky":false,"template":"","format":"standard","meta":{"_rtcl_gb_attr":"","footnotes":""},"categories":[1],"tags":[],"class_list":["post-3050","post","type-post","status-publish","format-standard","has-post-thumbnail","hentry","category-http-turkiyemhaber-com-wp-content-uploads-2026-03-saray-59-haber-13-mart-pdf"],"_links":{"self":[{"href":"https:\/\/turkiyemhaber.com\/index.php?rest_route=\/wp\/v2\/posts\/3050","targetHints":{"allow":["GET"]}}],"collection":[{"href":"https:\/\/turkiyemhaber.com\/index.php?rest_route=\/wp\/v2\/posts"}],"about":[{"href":"https:\/\/turkiyemhaber.com\/index.php?rest_route=\/wp\/v2\/types\/post"}],"author":[{"embeddable":true,"href":"https:\/\/turkiyemhaber.com\/index.php?rest_route=\/wp\/v2\/users\/1"}],"replies":[{"embeddable":true,"href":"https:\/\/turkiyemhaber.com\/index.php?rest_route=%2Fwp%2Fv2%2Fcomments&post=3050"}],"version-history":[{"count":1,"href":"https:\/\/turkiyemhaber.com\/index.php?rest_route=\/wp\/v2\/posts\/3050\/revisions"}],"predecessor-version":[{"id":3052,"href":"https:\/\/turkiyemhaber.com\/index.php?rest_route=\/wp\/v2\/posts\/3050\/revisions\/3052"}],"wp:featuredmedia":[{"embeddable":true,"href":"https:\/\/turkiyemhaber.com\/index.php?rest_route=\/wp\/v2\/media\/3051"}],"wp:attachment":[{"href":"https:\/\/turkiyemhaber.com\/index.php?rest_route=%2Fwp%2Fv2%2Fmedia&parent=3050"}],"wp:term":[{"taxonomy":"category","embeddable":true,"href":"https:\/\/turkiyemhaber.com\/index.php?rest_route=%2Fwp%2Fv2%2Fcategories&post=3050"},{"taxonomy":"post_tag","embeddable":true,"href":"https:\/\/turkiyemhaber.com\/index.php?rest_route=%2Fwp%2Fv2%2Ftags&post=3050"}],"curies":[{"name":"wp","href":"https:\/\/api.w.org\/{rel}","templated":true}]}}