{"id":3047,"date":"2026-06-12T13:55:36","date_gmt":"2026-06-12T13:55:36","guid":{"rendered":"https:\/\/turkiyemhaber.com\/?p=3047"},"modified":"2026-06-12T13:55:39","modified_gmt":"2026-06-12T13:55:39","slug":"cumhurbaskani-erdogandan-chpnin-yuzde-46-oy-aldigi-kentte-govde-gosterisi","status":"publish","type":"post","link":"https:\/\/turkiyemhaber.com\/?p=3047","title":{"rendered":"Cumhurba\u015fkan\u0131 Erdo\u011fan&#8217;dan CHP&#8217;nin y\u00fczde 46 oy ald\u0131\u011f\u0131 kentte g\u00f6vde g\u00f6sterisi"},"content":{"rendered":"\n<p class=\"wp-block-paragraph\">31 Mart yerel se\u00e7imlerinde CHP&#8217;nin aday\u0131n\u0131n y\u00fczde 46 oy ald\u0131\u011f\u0131 Edirne&#8217;de toplu a\u00e7\u0131l\u0131\u015f t\u00f6renine kat\u0131lan Cumhurba\u015fkan\u0131 Erdo\u011fan, alandaki kalabal\u0131\u011fa dikkat \u00e7ekerek &#8220;Kar\u015f\u0131mda muhte\u015fem bir kat\u0131l\u0131m var. Emniyet&#8217;ten rakamlar\u0131 ald\u0131m. 32 bin ki\u015fi \u015fu anda kar\u015f\u0131mda&#8221; ifadelerini kulland\u0131.<\/p>\n\n\n\n<p class=\"wp-block-paragraph\">Cumhurba\u015fkan\u0131 Erdo\u011fan, Selimiye Camii \u015eerifi&#8217;nin Restorasyon Sonras\u0131 Yeniden \u0130badete A\u00e7\u0131l\u0131\u015f\u0131 ile Yap\u0131m\u0131 Tamamlanan Tesis ve Projelerin Toplu A\u00e7\u0131l\u0131\u015f\u0131 ve Anahtar Teslim T\u00f6reni&#8217;nde a\u00e7\u0131klamalarda bulundu.&nbsp;<\/p>\n\n\n\n<p class=\"wp-block-paragraph\">Konu\u015fmas\u0131n\u0131n ba\u015f\u0131nda alandaki kalabal\u0131\u011fa dikkat \u00e7eken Erdo\u011fan, &#8220;\u015eu anda kar\u015f\u0131mda muhte\u015fem bir kat\u0131l\u0131m var. Emniyetten ald\u0131\u011f\u0131m rakamlar\u0131 s\u00f6yleyeyim. 32 bin ki\u015fi \u015fu anda kar\u015f\u0131mda&#8221; ifadelerine yer verdi.&nbsp;<\/p>\n\n\n\n<h3 class=\"wp-block-heading\">Erdo\u011fan&#8217;\u0131n konu\u015fmas\u0131ndan sat\u0131rba\u015flar\u0131;&nbsp;<\/h3>\n\n\n\n<p class=\"wp-block-paragraph\">Arif Nihat Asya&#8217;n\u0131n o muhte\u015fem tarifiyle, minarelerinden en tatl\u0131 ezanlar\u0131n, dallar\u0131ndan g\u00fcvercin huhular\u0131n\u0131n, \u00e7inilerinden s\u00fcmb\u00fcl kokular\u0131n\u0131n geldi\u011fi&nbsp;<a href=\"https:\/\/www.sondakika.com\/edirne\/\">Edirne<\/a>&#8216;yi bug\u00fcn bir kez daha h\u00fcrmetle selaml\u0131yorum. G\u00f6renlerin, bilenlerin, yolu bu \u015fehre d\u00fc\u015fenlerin bildi\u011fi \u00fczere Edirne \u00f6ylesine bir \u015fehirdir ki ne e\u015fi vard\u0131r ne benzeri. Topra\u011f\u0131 misk, suyu kevserdir dedi\u011fi Edirne&#8217;mizde bulunmaktan, Edirneli vatanda\u015flar\u0131mla hasret gidermekten b\u00fcy\u00fck bir memnuniyet duyuyorum. A\u00e7\u0131l\u0131\u015flar\u0131, hizmetleri, yat\u0131r\u0131mlar\u0131 vesile k\u0131larak bizi bir kez daha bulu\u015fturan Cenab-\u0131 Allah&#8217;a hamdolsun.<\/p>\n\n\n\n<h3 class=\"wp-block-heading\">&#8220;RABB\u0130M S\u0130ZLERDEN RAZI OLSUN&#8221;<\/h3>\n\n\n\n<p class=\"wp-block-paragraph\">Edirne&#8217;yi vatan yaparak, sanat eserleriyle inci gibi i\u015fleyip donatarak, yeni fetihleri haz\u0131rlayarak bizlere emanet eden atalar\u0131m\u0131z\u0131n ruhu \u015fad olsun. Edirneli olmak kimli\u011fini, Edirne aidiyetini kalbinin \u00fcst\u00fcnde bir madalya gibi gururla ta\u015f\u0131yan t\u00fcm karde\u015flerime selam olsun. Sizlerin \u015fahs\u0131nda, Yahya Kemal&#8217;in T\u00fcrk Devleti&#8217;nin men\u015fei olarak g\u00f6rd\u00fc\u011f\u00fc, ba\u015fkentlerin anas\u0131 Edirne&#8217;nin her il\u00e7esinde, her mahallesinde ya\u015fayan karde\u015flerime selamlar\u0131m\u0131, muhabbetlerimi g\u00f6nderiyorum. A\u015fk\u0131n\u0131z i\u00e7in, ahde vefan\u0131z i\u00e7in, bize g\u00f6sterdi\u011finiz bu tevecc\u00fch i\u00e7in her birinize ayr\u0131 ayr\u0131 te\u015fekk\u00fcr ediyorum. Rabbim sizlerden raz\u0131 olsun.<\/p>\n\n\n\n<h3 class=\"wp-block-heading\">&#8220;G\u00d6NL\u00dcM\u00dcZDE ED\u0130RNE&#8217;N\u0130N \u00d6ZEL B\u0130R YER\u0130 VAR&#8221;<\/h3>\n\n\n\n<p class=\"wp-block-paragraph\">\u00d6zellikle de \u015funu biliniz ki siz bu karde\u015finizi nas\u0131l seviyorsan\u0131z bizim de g\u00f6nl\u00fcm\u00fczde Edirne&#8217;nin \u00f6zel bir yeri var. Bizim Edirne&#8217;ye muhabbetimiz denizler gibidir. Bizim Edirne&#8217;ye muhabbetimiz \u0131rmaklar gibidir. Meri\u00e7 gibidir. Tuna gibidir. \u00d6zellikle Tunca gibidir. Bizim Edirne&#8217;ye muhabbetimiz s\u0131rada\u011flar gibidir. Bizim Edirne&#8217;ye muhabbetimiz alperenlerin, ak\u0131nc\u0131lar\u0131n, \u00e7a\u011f a\u00e7\u0131p \u00e7a\u011f kapayan fatihlerin, \u015fehri bay\u0131nd\u0131r k\u0131lan mimarlar\u0131n a\u015fk\u0131yla mayalanm\u0131\u015ft\u0131r. \u00c7\u00fcnk\u00fc Edirne s\u0131radan bir \u015fehir de\u011fil, bir cihan imparatorlu\u011funun r\u00fcyas\u0131n\u0131 g\u00f6ren, \u0130stanbul&#8217;un fethini m\u00fcjdeleyen, her soka\u011f\u0131 tarih kokan bir mekteptir. Edirne, Meri\u00e7&#8217;in huzuru, Tunca&#8217;n\u0131n zarafeti, Sarayi\u00e7i&#8217;nin ihti\u015fam\u0131d\u0131r. Edirne, er meydanlar\u0131nda as\u0131rlard\u0131r yank\u0131lanan dualard\u0131r. K\u0131rkp\u0131nar&#8217;\u0131n pehlivan nefesi, Balkanlardan Anadolu&#8217;ya uzanan karde\u015flik k\u00f6pr\u00fcs\u00fcd\u00fcr. Edirne, as\u0131rlar boyunca Balkanlara a\u00e7\u0131lan kap\u0131m\u0131z, fetihlerin kararg\u00e2h\u0131, ilmin, sanat\u0131n ve mimarinin merkezidir. \u0130\u015fte bug\u00fcn tarihin huzurunda, ecdad\u0131n g\u00f6lgesinde Edirne&#8217;ye, Osmanl\u0131&#8217;n\u0131n kadim payitaht\u0131na, Balkanlar\u0131n m\u00fctevaz\u0131 ama ba\u015f\u0131 dik kap\u0131s\u0131na, sultanlar \u015fehrine birbirinden g\u00fczel eserler kazand\u0131rman\u0131n bahtiyarl\u0131\u011f\u0131n\u0131 ya\u015f\u0131yoruz.<\/p>\n\n\n\n<h3 class=\"wp-block-heading\">&#8220;SEL\u0130M\u0130YE CAM\u0130\u0130 TAPU SENED\u0130M\u0130ZD\u0130R&#8221;<\/h3>\n\n\n\n<p class=\"wp-block-paragraph\">Sevgili Edirneliler, \u00e7ok de\u011ferli karde\u015flerim, t\u00f6ren alan\u0131m\u0131za gelmeden evvel Selimiye Camii&#8217;ndeydik. Selimiye, Mimar Sinan&#8217;\u0131n y\u00fcksek sanat dehas\u0131n\u0131n ta\u015fa, mermere, zamana ve mek\u00e2na i\u015flendi\u011fi muhte\u015fem bir eserdir. G\u00f6ky\u00fcz\u00fcne uzanan o d\u00f6rt zarif minaresiyle bu topraklar\u0131n ebediyen T\u00fcrk-\u0130slam yurdu oldu\u011funu g\u00f6steren tapu senedimizdir. Mimar Sinan&#8217;\u0131n &#8216;ustal\u0131k eserim&#8217; dedi\u011fi Selimiye&#8217;yi bak\u0131n\u0131z, merhum Arif Nihat Asya nas\u0131l tarif ediyor? &#8216;Selimlerden kalma muhte\u015fem miras. Sinanlardan kalma \u015fanl\u0131 hediye. Kuvvetin tu\u011fras\u0131, sanat\u0131n m\u00fchr\u00fc. Kubbeler kubbesi bir Selimiye. K\u00fckreyen, \u015fahlanan, ko\u015fan, at\u0131lan o mutlu yi\u011fitler, o mutlu iman. S\u0131n\u0131rlar a\u015fmay\u0131 ku\u015flardan de\u011fil \u00f6\u011frenirdi senin ezanlar\u0131ndan.&#8217;<\/p>\n\n\n\n<p class=\"wp-block-paragraph\">\u015eu anda kar\u015f\u0131mda muhte\u015fem bir kat\u0131l\u0131m var. Emniyetten ald\u0131\u011f\u0131m rakamlar\u0131 s\u00f6yleyeyim. 32 bin ki\u015fi \u015fu anda kar\u015f\u0131mda. Sadece T\u00fcrk-\u0130slam mimarisinin de\u011fil, ayn\u0131 zamanda d\u00fcnya mimarisinin de en estetik eserlerinden biri olan Selimiye Camii&#8217;ni asl\u0131na uygun \u015fekilde restore ederek hamdolsun bug\u00fcn yeniden ibadete a\u00e7t\u0131k. D\u00f6rt y\u0131l s\u00fcren restorasyon s\u00fcrecimiz, Selimiye&#8217;nin 450 y\u0131ll\u0131k mazisindeki en kapsaml\u0131 onar\u0131m \u00e7al\u0131\u015fmas\u0131 oldu. Camiimizin restorasyonu, se\u00e7kin isimlerin yer ald\u0131\u011f\u0131 bilim kurulumuzun rehberli\u011finde Vak\u0131flar Genel M\u00fcd\u00fcrl\u00fc\u011f\u00fcm\u00fcz taraf\u0131ndan y\u00fcr\u00fct\u00fcld\u00fc. Kalem i\u015flerinden ta\u015f dokusuna, i\u00e7 mek\u00e2n d\u00fczenlemelerinden \u00e7evre ihyas\u0131na kadar her ad\u0131mda eserin asl\u0131na sad\u0131k kal\u0131nmas\u0131 esas al\u0131nd\u0131. Yap\u0131ya zarar veren eski \u00e7imentolu uygulamalar temizlenirken, ana kubbe, minareler ve statik sistemlerin tamam\u0131nda g\u00fc\u00e7lendirmeler yap\u0131ld\u0131. C\u00fcmle kap\u0131s\u0131ndan m\u00fcezzin mahfiline, mihrap \u00e7inilerinden ah\u015fap do\u011framalar\u0131na kadar tabiri caizse dokunulmad\u0131k, restore edilmedik, temizlenmedik, g\u00fc\u00e7lendirilmedik tek bir nokta dahi b\u0131rakmad\u0131k.<\/p>\n\n\n\n<h3 class=\"wp-block-heading\">&#8220;SEL\u0130M\u0130YE&#8217;YE B\u0130R Y\u00dcZ SENE DAHA KAZANDIRDIK&#8221;<\/h3>\n\n\n\n<p class=\"wp-block-paragraph\">Balkan Sava\u015flar\u0131 s\u0131ras\u0131nda Bulgar kuvvetlerinin ate\u015fi sonucu g\u00fclle isabet eden ve cami cephesinde iz b\u0131rakan b\u00f6l\u00fcme ise \u00f6zellikle dokunmad\u0131k. Bu topraklarda verdi\u011fimiz zorlu m\u00fccadelelerin canl\u0131 \u015fahidi olarak o izi aynen muhafaza ettik. Yakla\u015f\u0131k 450 milyon liraya mal olan restorasyon \u00e7al\u0131\u015fmas\u0131yla Selimiye&#8217;ye Allah&#8217;\u0131n izniyle bir y\u00fcz sene daha kazand\u0131rd\u0131\u011f\u0131m\u0131za inan\u0131yorum. Hay\u0131rl\u0131, u\u011furlu olsun. Eme\u011fi ge\u00e7enleri tebrik ediyorum. Rabbim minarelerinden ezan-\u0131 Muhammediyeleri, kubbelerinden Kur&#8217;an-\u0131 Kerim tilavetlerini eksik etmesin diyorum.&nbsp;<\/p>\n\n\n\n<h3 class=\"wp-block-heading\">&#8220;2027 YILININ SONUNA DO\u011eRU ED\u0130RNE SARAYI&#8217;NIN A\u00c7ILI\u015eINI YAPACA\u011eIZ&#8221;<\/h3>\n\n\n\n<p class=\"wp-block-paragraph\">Burada \u015fu m\u00fcjdeyi de vermek istiyorum. \u015eehrimizin bir di\u011fer sembol\u00fc, 93 Harbi&#8217;nde infilak ettirilmek suretiyle y\u0131k\u0131lan tarihi Edirne Saray\u0131&#8217;m\u0131zd\u0131. Y\u0131llarca ihmal edilen ve hayvanlar\u0131n otlak alan\u0131 olarak kullan\u0131lan Edirne Saray\u0131&#8217;n\u0131 ve bah\u00e7elerini in\u015fallah yeniden aya\u011fa kald\u0131r\u0131yoruz. Talimat\u0131m\u0131z do\u011frultusunda Milli Saraylar Ba\u015fkanl\u0131\u011f\u0131m\u0131z \u00e7al\u0131\u015fmalara ba\u015flad\u0131. Avrupa&#8217;n\u0131n en b\u00fcy\u00fck ihya projesiyle in\u015fallah 2027 y\u0131l\u0131n\u0131n sonuna do\u011fru Edirne Saray\u0131&#8217;n\u0131n a\u00e7\u0131l\u0131\u015f\u0131n\u0131 yapaca\u011f\u0131z. Saray\u0131n ihyas\u0131yla inan\u0131yorum ki Edirne yeni bir \u00e7ehreye b\u00fcr\u00fcnecek, 150 y\u0131l \u00f6nceki ihti\u015fam\u0131na yeniden kavu\u015facak.<\/p>\n\n\n\n<p class=\"wp-block-paragraph\">Karde\u015flerim, sizin a\u015fk\u0131n\u0131z, sizin co\u015fkunuz hi\u00e7bir yere benzemez. Mehter Mar\u015f\u0131m\u0131zdan rahats\u0131z olan, tarih bilmez, ecdat bilmez \u015fuursuzlara ra\u011fmen tarihi ve mimari yadig\u00e2rlar\u0131m\u0131za sahip \u00e7\u0131kmaya in\u015fallah devam edece\u011fiz. K\u0131ymetli karde\u015flerim, bug\u00fcn Edirne&#8217;ye elimiz dolu dolu geldik. \u0130\u00e7i\u015flerinde toplam bedeli 1,1 milyar liray\u0131 bulan projeleri, mill\u00ee e\u011fitimde toplam 670 milyon lira yat\u0131r\u0131m tutar\u0131na sahip 7 okulu, aile ve sosyal hizmetlerde 75 milyon lira de\u011ferinde 2 eseri \u015fehrimize kazand\u0131r\u0131yoruz. \u0130stikbalimizin g\u00fcvencesi olan gen\u00e7lerimizi gelece\u011fe haz\u0131rlamak i\u00e7in yo\u011fun bir \u00e7aba i\u00e7indeyiz. Gen\u00e7lik ve sporda, i\u00e7inde semt sahalar\u0131, kamp alanlar\u0131, \u00f6\u011frenci yurtlar\u0131 ve statlar\u0131n da oldu\u011fu toplam 1,3 milyar lira de\u011ferinde 27 yat\u0131r\u0131m\u0131 Edirne&#8217;mize kazand\u0131r\u0131yoruz. K\u00fclt\u00fcr ve turizm alan\u0131nda, Selimiye Camii restorasyonu d\u00e2hil toplam 1,5 milyar lira tutar\u0131nda 16 projeyi sizlerin resmen hizmetine veriyoruz. Sa\u011fl\u0131k, biliyorsunuz bizim en \u00e7ok \u00f6nem verdi\u011fimiz alanlardan biridir. Sa\u011fl\u0131k yat\u0131r\u0131mlar\u0131nda Cumhuriyet tarihinin en ba\u015far\u0131l\u0131 iktidar\u0131y\u0131z. Hastane masraflar\u0131 dolay\u0131s\u0131yla cenazelerin rehin al\u0131nd\u0131\u011f\u0131 g\u00fcnlerden i\u015fte bug\u00fcnk\u00fc seviyelere ula\u015ft\u0131k. Bir d\u00f6nem bizim insan\u0131m\u0131z tedavi i\u00e7in Bat\u0131&#8217;ya giderken, \u015fimdi yurt d\u0131\u015f\u0131ndan milyonlarca hasta \u00fclkemize geliyor. \u0130n\u015fallah \u00e7ok daha iyi olacak. Bunun i\u00e7in durmadan, duraksamadan \u00e7al\u0131\u015f\u0131yoruz. Edirneli vatanda\u015flar\u0131m\u0131za daha iyi sa\u011fl\u0131k hizmeti sunabilmek i\u00e7in toplam 590 milyon lira de\u011ferinde 9 projeyi hayata ge\u00e7irdik. Sanayi ve teknolojide yat\u0131r\u0131m bedeli 2,2 milyar liray\u0131 bulan, 3 milyon metrekare b\u00fcy\u00fckl\u00fc\u011f\u00fcnde 4 organize sanayi b\u00f6lgesini hizmete a\u00e7\u0131yoruz. Adalette 1,2 milyar lira tutar\u0131nda \u00fc\u00e7 projemizi hizmete verirken bir m\u00fcjdemizi daha sizlerle payla\u015fmak istiyorum. Yarg\u0131lamalar\u0131n daha etkin, h\u0131zl\u0131 ve verimli y\u00fcr\u00fct\u00fclmesi i\u00e7in Edirne&#8217;de B\u00f6lge \u0130dare Mahkemesini kurduk. Edirne B\u00f6lge \u0130dare Mahkemesi&#8217;nin yarg\u0131 \u00e7evresi Edirne, K\u0131rklareli, Tekirda\u011f ve \u00c7anakkale olacak. \u015eehirlerimize ve adalet camiam\u0131za hay\u0131rl\u0131 olsun diyorum. \u00c7evre ve \u015fehircilikte toplam yat\u0131r\u0131m tutar\u0131 3,9 milyar liray\u0131 a\u015fan \u00e7ok say\u0131da projeyi bug\u00fcn Edirneli karde\u015flerimizin hizmetine sunuyoruz. Bilhassa 515 bin metrekare b\u00fcy\u00fckl\u00fc\u011f\u00fcndeki S\u00f6\u011f\u00fctl\u00fck Millet Bah\u00e7emizin Edirne&#8217;mizin g\u00fczelli\u011fine g\u00fczellik katt\u0131\u011f\u0131n\u0131 g\u00f6r\u00fcyoruz. \u0130l genelinde tamamlanan bin otuz \u00fc\u00e7 konutun anahtar teslimini de yapaca\u011f\u0131z. Yuvalar\u0131na kavu\u015fan hak sahibi karde\u015flerimizin g\u00f6z\u00fc ayd\u0131n olsun diyor, evlerinde a\u011f\u0131z tad\u0131yla oturmalar\u0131n\u0131 Rabbimden niyaz ediyorum.<\/p>\n\n\n\n<p class=\"wp-block-paragraph\">Edirne Valili\u011fimizin \u00e7al\u0131\u015fmalar\u0131yla, \u0130l \u00d6zel \u0130daremizin tamamlad\u0131\u011f\u0131 6,5 milyar liral\u0131k hizmetlerle \u00c7evre Koruma Vakf\u0131&#8217;n\u0131n tamamlad\u0131\u011f\u0131 700 milyon lira de\u011ferindeki 17 projeyi de bug\u00fcn resm\u00ee olarak hizmete a\u00e7\u0131yoruz. B\u00f6ylece bug\u00fcnk\u00fc t\u00f6renimizle toplam 19 milyar 326 milyon lira de\u011ferinde 65 kalem projeyi sizlerin istifadesine sunuyoruz. Bu hizmet ve yat\u0131r\u0131mlar\u0131n Edirne&#8217;mize kazand\u0131r\u0131lmas\u0131nda eme\u011fi ge\u00e7en herkese, t\u00fcm kurumlar\u0131m\u0131za te\u015fekk\u00fcr ediyorum.<\/p>\n\n\n\n<p class=\"wp-block-paragraph\">Son 23 y\u0131lda Edirne&#8217;mize 390 milyar liral\u0131k yat\u0131r\u0131m yapm\u0131\u015ft\u0131k. Bug\u00fcn bu rakam\u0131 \u00e7ok daha y\u00fckse\u011fe \u00e7\u0131kartm\u0131\u015f oluyoruz. Hay\u0131rl\u0131, u\u011furlu olmas\u0131n\u0131 diliyorum. Edirne i\u00e7in \u00e7ok \u00f6nemli olan tar\u0131m ve sulama alan\u0131nda yat\u0131r\u0131mlar\u0131m\u0131z da h\u0131z kesmeden devam ediyor. Bu y\u0131l tamamlanan S\u00fclo\u011flu Baraj\u0131 isale hatt\u0131 yenilemesiyle Edirne il merkezine y\u0131ll\u0131k 8 milyon metrek\u00fcp i\u00e7me suyu temin edece\u011fiz. Yat\u0131r\u0131m bedeli 3 milyar 700 milyon lira olan A\u015fa\u011f\u0131 \u0130psala Hamzadere Baraj\u0131 Sulamas\u0131 2. K\u0131s\u0131m Projesi&#8217;nde \u00e7al\u0131\u015fmalar\u0131m\u0131z s\u00fcr\u00fcyor. \u00dc\u00e7te ikisini bitirdi\u011fimiz bu projeyi in\u015fallah 2027 y\u0131l\u0131nda hizmete a\u00e7aca\u011f\u0131z. Yat\u0131r\u0131m bedeli 1 milyar 200 milyon lira olan \u00c7\u00f6mlekk\u00f6y Baraj\u0131 Projesi&#8217;ni ise 2028 y\u0131l\u0131nda tamamlamay\u0131 planl\u0131yoruz. Yakla\u015f\u0131k 3 milyar 700 milyon liral\u0131k bir yat\u0131r\u0131m olan \u00c7\u00f6mlekk\u00f6y Baraj\u0131 Sulamas\u0131 Projesi&#8217;nin ihalesini yapt\u0131k. Di\u011fer projelerle beraber toplam 6 milyar 400 milyon liral\u0131k yat\u0131r\u0131mlar\u0131n ihalesini tamamlam\u0131\u015f olduk.<\/p>\n\n\n\n<h3 class=\"wp-block-heading\">&#8220;M\u0130LLET\u0130N, ANA MUHALEFET\u0130N KOLTUK KAVGALARIYLA HEBA EDECEK TEK B\u0130R ANI YOK&#8221;<\/h3>\n\n\n\n<p class=\"wp-block-paragraph\">\u015eunu Edirneli karde\u015flerimizin \u00e7ok \u00e7ok iyi bilmesini isterim. Zengin tarihi miras\u0131yla, kadim k\u00fclt\u00fcrel birikimiyle, bereketli topraklar\u0131yla, farkl\u0131 kesimlerin huzur i\u00e7inde ya\u015fad\u0131\u011f\u0131 ho\u015fg\u00f6r\u00fc iklimiyle, velhas\u0131l her y\u00f6n\u00fcyle g\u00f6z bebe\u011fimiz olan Edirne&#8217;ye a\u015fkla hizmet etmeyi s\u00fcrd\u00fcrece\u011fiz. Sevgili Edirneliler, bak\u0131n biz \u015funa g\u00f6n\u00fclden inanan, \u00e7ok samimi olarak inanan bir kadroyuz. T\u00fcrkiye&#8217;nin art\u0131k gereksiz tart\u0131\u015fmalarla kaybedecek tek bir saniyesi yok. Bu aziz milletin, ana muhalefetin koltuk kavgalar\u0131yla heba edecek tek bir an\u0131, bo\u015fa harcayacak tek bir g\u00fcn\u00fc yok. Etraf\u0131m\u0131zda olan bitenler muhalefetin g\u00fcndeminde olmasa da inan\u0131yorum ki sizler hadiseleri takip ediyorsunuz.<\/p>\n\n\n\n<p class=\"wp-block-paragraph\">Hen\u00fcz bir kriz \u00e7\u00f6z\u00fclmeden bak\u0131yorsunuz, ertesi g\u00fcn yenisi ba\u015fl\u0131yor. F\u00fcze ve bomba seslerinin \u00e7ocuk \u00e7\u0131\u011fl\u0131klar\u0131n\u0131 bast\u0131rd\u0131\u011f\u0131 g\u00fcnler ya\u015f\u0131yoruz. Yar\u0131n ne olaca\u011f\u0131n\u0131, nerede silahlar\u0131n patlayaca\u011f\u0131n\u0131 kimse kestiremiyor. \u0130\u015fte g\u00f6r\u00fcyorsunuz, Rusya-Ukrayna Sava\u015f\u0131 bitmeden \u015fimdi b\u00f6lgemiz \u0130ran&#8217;a y\u00f6nelik sald\u0131r\u0131lar\u0131n a\u011f\u0131r ekonomik faturas\u0131n\u0131 \u00f6d\u00fcyor. Gazze ve L\u00fcbnan&#8217;da Siyonist katiller her t\u00fcrl\u00fc hukuku, kural\u0131, ilkeyi ayaklar alt\u0131na alarak kan d\u00f6kmeye devam ediyor.<\/p>\n\n\n\n<h3 class=\"wp-block-heading\">&#8220;S\u0130Z M\u0130LLETVEK\u0130L\u0130 M\u0130S\u0130N\u0130Z YOKSA M\u0130L\u0130TAN MI?&#8221;<\/h3>\n\n\n\n<p class=\"wp-block-paragraph\">Sorunlar devam ederken Do\u011fu Akdeniz&#8217;de yeni tezg\u00e2hlar kuruldu\u011funu, yeni oyunlar oynand\u0131\u011f\u0131n\u0131 g\u00f6r\u00fcyoruz. B\u00f6lgemiz ve d\u00fcnyam\u0131z belki de \u0130kinci D\u00fcnya Sava\u015f\u0131 sonras\u0131ndaki en kritik geli\u015fmelere \u015fahit oluyor. \u0130ktidar ve Cumhur \u0130ttifak\u0131 olarak hem T\u00fcrkiye&#8217;yi bu ate\u015f \u00e7ukurundan uzak tutmaya hem de hizmet ve eser siyasetimizi s\u00fcrd\u00fcrmeye \u00e7al\u0131\u015f\u0131yoruz. Ter\u00f6rs\u00fcz T\u00fcrkiye s\u00fcrecimizde ise \u00fclkemizin yar\u0131m as\u0131rl\u0131k bir sorununu kal\u0131c\u0131 bi\u00e7imde \u00e7\u00f6zmenin gayretindeyiz. Ter\u00f6r\u00fcn karanl\u0131k g\u00f6lgesini \u00f6nce \u00fclkemizin, sonra b\u00f6lgemizin \u00fczerinden tamamen kald\u0131rmak istiyoruz. Bu hedefe giden yolda \u015fimdiye kadar \u00e7ok \u00f6nemli mesafe katettik. \u0130n\u015fallah tempomuzu biraz daha art\u0131raca\u011f\u0131z. Bizim tek bir derdimiz vard\u0131r. O da 86 milyonun huzuru ve g\u00fcvenli\u011fidir. Bizim tek bir hedefimiz vard\u0131r. O da T\u00fcrkiye Y\u00fczy\u0131l\u0131&#8217;n\u0131n in\u015fas\u0131d\u0131r. Bizim tek bir arzumuz vard\u0131r. O da milletimizin duas\u0131na mazhar olmakt\u0131r. 23 y\u0131ld\u0131r hep Hakk&#8217;\u0131n r\u0131zas\u0131n\u0131 umarak halk\u0131m\u0131z i\u00e7in \u00e7al\u0131\u015ft\u0131k, \u00e7abalad\u0131k, ter d\u00f6kt\u00fck, m\u00fccadele ettik. T\u00fcrkiye&#8217;yi ilklerle tan\u0131\u015ft\u0131rd\u0131k. T\u00fcrkiye&#8217;yi devler ligindeki bir \u00fclke konumuna y\u00fckselttik. B\u00fct\u00fcn engellere ra\u011fmen, b\u00fct\u00fcn engellemelere ra\u011fmen i\u00e7 politikada, d\u0131\u015f politikada, demokratikle\u015fmede kelimenin tam anlam\u0131yla devrim yapt\u0131k. \u0130n\u015fallah daha fazlas\u0131n\u0131 yapaca\u011f\u0131z. Millet olarak hep birlikte \u00e7ok daha g\u00fczel g\u00fcnler g\u00f6rece\u011fiz. Kay\u0131k\u00e7\u0131 kavgalar\u0131n\u0131n asla taraf\u0131 olmayacak 86 milyon i\u00e7in eser \u00fcretmeye, hizmet \u00fcretmeye devam edece\u011fiz. \u015eunu burada alt\u0131n\u0131 \u00e7izerek ifade ediyorum. Biz ba\u015fkalar\u0131yla de\u011fil, kendimizle yar\u0131\u015f\u0131yoruz. Biz ba\u015fkalar\u0131n\u0131n i\u00e7 meseleleriyle de\u011fil, milletin s\u0131k\u0131nt\u0131lar\u0131yla ilgileniyoruz. Buna ra\u011fmen haberlere bakt\u0131k\u00e7a T\u00fcrk siyaseti ad\u0131na, bu \u00fclkenin ana muhalefeti ad\u0131na inan\u0131n biz \u00fcz\u00fcl\u00fcyoruz. Millet i\u015fi g\u00fcc\u00fc b\u0131rakt\u0131, aksiyon filmi izler gibi her g\u00fcn CHP izliyor. Siyasi parti de\u011fil, sanki d\u00f6v\u00fc\u015f kul\u00fcb\u00fc. Herkes bir ba\u015fkas\u0131na yumruk atman\u0131n, bir ba\u015fkas\u0131na \u00e7elme takman\u0131n, tuzak kurman\u0131n pe\u015finde. Herkes bir ucundan tutmu\u015f Gazi Mustafa Kemal&#8217;in partisini oradan buraya \u00e7eki\u015ftiriyor. Hatta baz\u0131lar\u0131 \u00e7\u0131km\u0131\u015f, s\u0131rf kaybettikleri koltuklar\u0131n\u0131 korumak i\u00e7in topyek\u00fbn ayaklanmaktan bahsediyor. H\u0131rslar\u0131 boylar\u0131n\u0131 a\u015fan bu \u015fahsiyetlere sormak laz\u0131m. Hay\u0131rd\u0131r? Siz milletvekili misiniz? Yoksa militan m\u0131s\u0131n\u0131z?&#8221;<\/p>\n","protected":false},"excerpt":{"rendered":"<p>31 Mart yerel se\u00e7imlerinde CHP&#8217;nin aday\u0131n\u0131n y\u00fczde 46 oy ald\u0131\u011f\u0131 Edirne&#8217;de toplu a\u00e7\u0131l\u0131\u015f t\u00f6renine kat\u0131lan<\/p>\n","protected":false},"author":1,"featured_media":3048,"comment_status":"open","ping_status":"open","sticky":false,"template":"","format":"standard","meta":{"_rtcl_gb_attr":"","footnotes":""},"categories":[44],"tags":[],"class_list":["post-3047","post","type-post","status-publish","format-standard","has-post-thumbnail","hentry","category-politika"],"_links":{"self":[{"href":"https:\/\/turkiyemhaber.com\/index.php?rest_route=\/wp\/v2\/posts\/3047","targetHints":{"allow":["GET"]}}],"collection":[{"href":"https:\/\/turkiyemhaber.com\/index.php?rest_route=\/wp\/v2\/posts"}],"about":[{"href":"https:\/\/turkiyemhaber.com\/index.php?rest_route=\/wp\/v2\/types\/post"}],"author":[{"embeddable":true,"href":"https:\/\/turkiyemhaber.com\/index.php?rest_route=\/wp\/v2\/users\/1"}],"replies":[{"embeddable":true,"href":"https:\/\/turkiyemhaber.com\/index.php?rest_route=%2Fwp%2Fv2%2Fcomments&post=3047"}],"version-history":[{"count":1,"href":"https:\/\/turkiyemhaber.com\/index.php?rest_route=\/wp\/v2\/posts\/3047\/revisions"}],"predecessor-version":[{"id":3049,"href":"https:\/\/turkiyemhaber.com\/index.php?rest_route=\/wp\/v2\/posts\/3047\/revisions\/3049"}],"wp:featuredmedia":[{"embeddable":true,"href":"https:\/\/turkiyemhaber.com\/index.php?rest_route=\/wp\/v2\/media\/3048"}],"wp:attachment":[{"href":"https:\/\/turkiyemhaber.com\/index.php?rest_route=%2Fwp%2Fv2%2Fmedia&parent=3047"}],"wp:term":[{"taxonomy":"category","embeddable":true,"href":"https:\/\/turkiyemhaber.com\/index.php?rest_route=%2Fwp%2Fv2%2Fcategories&post=3047"},{"taxonomy":"post_tag","embeddable":true,"href":"https:\/\/turkiyemhaber.com\/index.php?rest_route=%2Fwp%2Fv2%2Ftags&post=3047"}],"curies":[{"name":"wp","href":"https:\/\/api.w.org\/{rel}","templated":true}]}}