{"id":3038,"date":"2026-06-12T00:54:01","date_gmt":"2026-06-12T00:54:01","guid":{"rendered":"https:\/\/turkiyemhaber.com\/?p=3038"},"modified":"2026-06-12T00:54:04","modified_gmt":"2026-06-12T00:54:04","slug":"dogansehirde-otomobil-devrildi-1-yarali","status":"publish","type":"post","link":"https:\/\/turkiyemhaber.com\/?p=3038","title":{"rendered":"Do\u011fan\u015fehir&#8217;de otomobil devrildi: 1 yaral\u0131"},"content":{"rendered":"\n<p class=\"wp-block-paragraph\">Malatya&#8217;n\u0131n Do\u011fan\u015fehir il\u00e7esi S\u00fcrg\u00fc Mahallesi&#8217;nde s\u00fcr\u00fcc\u00fcs\u00fcn\u00fcn direksiyon hakimiyetini kaybetmesi sonucu devrilen otomobilde bir ki\u015fi yaraland\u0131. Yaral\u0131 s\u00fcr\u00fcc\u00fc Y.S., sa\u011fl\u0131k ekiplerinin ilk m\u00fcdahalesinin ard\u0131ndan Do\u011fan\u015fehir \u015eehit Esra K\u00f6se Ba\u015faran Devlet Hastanesi&#8217;nde tedavi alt\u0131na al\u0131nd\u0131; kazayla ilgili inceleme ba\u015flat\u0131ld\u0131.<\/p>\n\n\n\n<p class=\"wp-block-paragraph\">MALATYA&#8217;n\u0131n&nbsp;<a href=\"https:\/\/www.sondakika.com\/dogansehir\/\">Do\u011fan\u015fehir<\/a>&nbsp;il\u00e7esinde kontrolden \u00e7\u0131karak devrilen otomobil s\u00fcr\u00fcc\u00fcs\u00fc yaraland\u0131.<\/p>\n\n\n\n<p class=\"wp-block-paragraph\">Kaza, saat 17.00 s\u0131ralar\u0131nda S\u00fcrg\u00fc Mahallesi&#8217;nde meydana geldi. Y.S. y\u00f6netimindeki 44 ACH 133 plakal\u0131 otomobil, s\u00fcr\u00fcc\u00fcs\u00fcn\u00fcn direksiyon hakimiyetini kaybetmesi sonucu kontrolden \u00e7\u0131karak devrildi. \u00c7evredekilerin 112 Acil \u00c7a\u011fr\u0131 Merkezi&#8217;ne ihbar\u0131 \u00fczerine b\u00f6lgeye sa\u011fl\u0131k, polis ve jandarma ekipleri sevk edildi. Kazada yaralanan otomobil s\u00fcr\u00fcc\u00fcs\u00fc Y.S., sa\u011fl\u0131k ekiplerinin ilk m\u00fcdahalesi sonras\u0131 Do\u011fan\u015fehir \u015eehit&nbsp;<a href=\"https:\/\/www.sondakika.com\/esra-kose\/\">Esra K\u00f6se<\/a>&nbsp;Ba\u015faran&nbsp;<a href=\"https:\/\/www.sondakika.com\/devlet-hastanesi\/\">Devlet Hastanesi<\/a>&#8216;ne kald\u0131r\u0131larak tedavi alt\u0131na al\u0131nd\u0131.<\/p>\n\n\n\n<p class=\"wp-block-paragraph\">Kaza ile ilgili inceleme ba\u015flat\u0131ld\u0131.<\/p>\n","protected":false},"excerpt":{"rendered":"<p>Malatya&#8217;n\u0131n Do\u011fan\u015fehir il\u00e7esi S\u00fcrg\u00fc Mahallesi&#8217;nde s\u00fcr\u00fcc\u00fcs\u00fcn\u00fcn direksiyon hakimiyetini kaybetmesi sonucu devrilen otomobilde bir ki\u015fi yaraland\u0131.<\/p>\n","protected":false},"author":1,"featured_media":3039,"comment_status":"open","ping_status":"open","sticky":false,"template":"","format":"standard","meta":{"_rtcl_gb_attr":"","footnotes":""},"categories":[1],"tags":[],"class_list":["post-3038","post","type-post","status-publish","format-standard","has-post-thumbnail","hentry","category-http-turkiyemhaber-com-wp-content-uploads-2026-03-saray-59-haber-13-mart-pdf"],"_links":{"self":[{"href":"https:\/\/turkiyemhaber.com\/index.php?rest_route=\/wp\/v2\/posts\/3038","targetHints":{"allow":["GET"]}}],"collection":[{"href":"https:\/\/turkiyemhaber.com\/index.php?rest_route=\/wp\/v2\/posts"}],"about":[{"href":"https:\/\/turkiyemhaber.com\/index.php?rest_route=\/wp\/v2\/types\/post"}],"author":[{"embeddable":true,"href":"https:\/\/turkiyemhaber.com\/index.php?rest_route=\/wp\/v2\/users\/1"}],"replies":[{"embeddable":true,"href":"https:\/\/turkiyemhaber.com\/index.php?rest_route=%2Fwp%2Fv2%2Fcomments&post=3038"}],"version-history":[{"count":1,"href":"https:\/\/turkiyemhaber.com\/index.php?rest_route=\/wp\/v2\/posts\/3038\/revisions"}],"predecessor-version":[{"id":3040,"href":"https:\/\/turkiyemhaber.com\/index.php?rest_route=\/wp\/v2\/posts\/3038\/revisions\/3040"}],"wp:featuredmedia":[{"embeddable":true,"href":"https:\/\/turkiyemhaber.com\/index.php?rest_route=\/wp\/v2\/media\/3039"}],"wp:attachment":[{"href":"https:\/\/turkiyemhaber.com\/index.php?rest_route=%2Fwp%2Fv2%2Fmedia&parent=3038"}],"wp:term":[{"taxonomy":"category","embeddable":true,"href":"https:\/\/turkiyemhaber.com\/index.php?rest_route=%2Fwp%2Fv2%2Fcategories&post=3038"},{"taxonomy":"post_tag","embeddable":true,"href":"https:\/\/turkiyemhaber.com\/index.php?rest_route=%2Fwp%2Fv2%2Ftags&post=3038"}],"curies":[{"name":"wp","href":"https:\/\/api.w.org\/{rel}","templated":true}]}}