{"id":3035,"date":"2026-06-12T00:48:13","date_gmt":"2026-06-12T00:48:13","guid":{"rendered":"https:\/\/turkiyemhaber.com\/?p=3035"},"modified":"2026-06-12T00:48:16","modified_gmt":"2026-06-12T00:48:16","slug":"ozgur-ozel-bu-goruntulerle-ilgili-ilk-kez-konustu","status":"publish","type":"post","link":"https:\/\/turkiyemhaber.com\/?p=3035","title":{"rendered":"\u00d6zg\u00fcr \u00d6zel bu g\u00f6r\u00fcnt\u00fclerle ilgili ilk kez konu\u015ftu"},"content":{"rendered":"\n<p class=\"wp-block-paragraph\">Kendisi i\u00e7in, &#8220;Ne An\u0131tkabir&#8217;in bek\u00e7isi ne de T\u00fcrk gen\u00e7li\u011finin lideri olma potansiyeline sahiptir&#8221; diyen MHP Genel Ba\u015fkan\u0131 Devlet Bah\u00e7eli&#8217;nin eline Ko\u00e7 Grubu&#8217;nun 100. y\u0131l etkinli\u011finde s\u0131k\u0131ca sar\u0131l\u0131p samimi sohbet eden \u00d6zg\u00fcr \u00d6zel, o anlara ili\u015fkin konu\u015ftu. \u00d6zel, &#8220;Devlet Bey ba\u015f\u0131n\u0131 kald\u0131r\u0131p selam verince yan\u0131na oturup sa\u011fl\u0131\u011f\u0131n\u0131 sordum. Bize bazen haks\u0131zl\u0131k yap\u0131yor ama, gidip kabal\u0131k yaparak birilerinden aferin almam\u0131 kimse beklemesin. Orada Tayyip Bey de olsayd\u0131 ona da giderdim.&#8221; dedi.<\/p>\n\n\n\n<p class=\"wp-block-paragraph\">Halk TV canl\u0131 yay\u0131n\u0131nda g\u00fcndemi de\u011ferlendiren&nbsp;<a href=\"https:\/\/www.sondakika.com\/ozgur-ozel\/\">\u00d6zg\u00fcr \u00d6zel<\/a>,&nbsp;<a href=\"https:\/\/www.sondakika.com\/koc-holding\/\">Ko\u00e7 Holding<\/a>&#8216;in 100. y\u0131l resepsiyonunda MHP Lideri&nbsp;<a href=\"https:\/\/www.sondakika.com\/devlet-bahceli\/\">Devlet Bah\u00e7eli<\/a>&nbsp;ile ger\u00e7ekle\u015ftirdi\u011fi ve ele\u015ftirilere neden olan samimi sohbetin perde arkas\u0131n\u0131 anlatt\u0131. \u00d6zel, &#8220;Gidip kabal\u0131k yap\u0131p aferin almam\u0131z\u0131 kimse beklemesin, insan olmaktan \u00e7\u0131kmamak laz\u0131m&#8221; dedi.<\/p>\n\n\n\n<p class=\"wp-block-paragraph\">CHP Genel Ba\u015fkan\u0131 \u00d6zg\u00fcr \u00d6zel, Halk TV\u2019de kat\u0131ld\u0131\u011f\u0131 canl\u0131 yay\u0131n program\u0131nda gazetecilerin sorular\u0131n\u0131 yan\u0131tlad\u0131. \u00d6zel, ge\u00e7ti\u011fimiz g\u00fcnlerde Ko\u00e7 Grubu&#8217;nun 100. y\u0131l etkinli\u011finde, kendisine y\u00f6nelik daha \u00f6nce \u00e7ok sert ifadeler kullanan MHP Genel Ba\u015fkan\u0131 Devlet Bah\u00e7eli ile yan yana gelmesi ve elini s\u0131kmas\u0131na y\u00f6nelik parti taban\u0131ndan ve kamuoyundan gelen ele\u015ftirilere canl\u0131 yay\u0131nda \u00e7ok net yan\u0131tlar verdi.<\/p>\n\n\n\n<figure class=\"wp-block-image\"><img decoding=\"async\" src=\"https:\/\/foto.sondakika.com\/haber\/2026\/06\/11\/ozgur-ozel-bu-goruntulerle-ilg-19938962-8808_1_m.jpg\" alt=\"\u00d6zg\u00fcr \u00d6zel bu g\u00f6r\u00fcnt\u00fclerle ilgili ilk kez konu\u015ftu\"\/><\/figure>\n\n\n\n<h3 class=\"wp-block-heading\">&#8220;DEVLET BEY BA\u015eINI KALDIRDI VE SELAM VERD\u0130&#8221;<\/h3>\n\n\n\n<p class=\"wp-block-paragraph\">Kendisine y\u00f6nelik &#8220;Ne&nbsp;<a href=\"https:\/\/www.sondakika.com\/anitkabir\/\">An\u0131tkabir<\/a>&#8216;in bek\u00e7isi ne de T\u00fcrk gen\u00e7li\u011finin lideri olma potansiyeline sahiptir&#8221; diyen Devlet Bah\u00e7eli ile ge\u00e7mi\u015fe dayanan bir tan\u0131\u015f\u0131kl\u0131\u011f\u0131 oldu\u011funu hat\u0131rlatan \u00d6zg\u00fcr \u00d6zel, resepsiyondaki o anlar\u0131 \u015fu s\u00f6zlerle aktard\u0131:<\/p>\n\n\n\n<p class=\"wp-block-paragraph\">&#8220;Bir insan kendisi olmaktan vazge\u00e7ecekse ancak o zaman hi\u00e7 ele\u015ftirilmeyebilir. Ben Devlet Bah\u00e7eli ile T\u00fcrk Eczac\u0131lar\u0131 Birli\u011fi Genel Sekreteri iken tan\u0131\u015ft\u0131m. Sa\u011fl\u0131k Bakanl\u0131\u011f\u0131 onlardayd\u0131 o zaman; 2007\u2019de ilk kez kar\u015f\u0131la\u015ft\u0131m. 2011\u2019den beri de milletvekili, genel ba\u015fkan vekili ve genel ba\u015fkan olarak kar\u015f\u0131la\u015f\u0131yorum. Devlet Bey\u2019den \u00e7ok k\u00f6t\u00fc s\u00f6zler, \u00e7ok a\u011f\u0131r ele\u015ftiriler duydum. Ama bayram seyran siyasilerin birbirini aramas\u0131, hastal\u0131\u011f\u0131nda aramas\u0131 normaldir.<\/p>\n\n\n\n<p class=\"wp-block-paragraph\">Ko\u00e7 Toplulu\u011fu&#8217;nun 100. y\u0131l resepsiyonundayd\u0131k, ba\u015fta uzakt\u0131k. Sonra ben Devlet Bey\u2019in \u00f6n\u00fcnden ge\u00e7erken Devlet Bey ba\u015f\u0131n\u0131 kald\u0131rd\u0131 ve selam verdi. Bunun \u00fczerine ben de yan\u0131na gidip oturdum; &#8216;Nas\u0131ls\u0131n\u0131z, sa\u011fl\u0131\u011f\u0131n\u0131z nas\u0131l?&#8217; dedim. O da bana sordu. Sonra kalkt\u0131k gittik, epi topu 16 saniye s\u00fcrd\u00fc.&#8221;<\/p>\n\n\n\n<h3 class=\"wp-block-heading\">&#8220;G\u0130D\u0130P KABALIK YAPIP AFER\u0130N ALMAMIZI K\u0130MSE BEKLEMES\u0130N&#8221;<\/h3>\n\n\n\n<p class=\"wp-block-paragraph\">Siyasetteki gergin atmosferin insani ili\u015fkileri bitirmemesi gerekti\u011fini savunan CHP Lideri, Manisa&#8217;daki yerel siyaset k\u00fclt\u00fcr\u00fcnden \u00f6rnek vererek tavr\u0131n\u0131 savundu:<\/p>\n\n\n\n<p class=\"wp-block-paragraph\">&#8220;Ne yapaca\u011f\u0131m yani Devlet Bey\u2019e? Ele\u015ftirileri oluyor, bazen bize haks\u0131zl\u0131k yap\u0131yor ama 80 ya\u015f\u0131nda, ya\u015f\u0131 bizden fazla. \u00c7ok defa Meclis&#8217;te kar\u015f\u0131la\u015ft\u0131k. Orada gidip kabal\u0131k yap\u0131p da birilerinden aferin almam\u0131z\u0131 kimse beklemesin. Ben \u00f6yle biri de\u011filim. Ben Manisa\u2019da da \u00f6yle biri de\u011filim. Biz Manisa&#8217;da cenazeyi de d\u00fc\u011f\u00fcn\u00fc de AK Partililerle, MHP\u2019lilerle beraber yap\u0131yoruz. \u0130nsan olmaktan \u00e7\u0131kmamak laz\u0131m, bunlar insan yapar bizi.&#8221;<\/p>\n\n\n\n<h3 class=\"wp-block-heading\">&#8220;TAYY\u0130P BEY OLSAYDI ONA DA G\u0130DER HATRINI SORARDIM&#8221;<\/h3>\n\n\n\n<p class=\"wp-block-paragraph\">\u00d6zg\u00fcr \u00d6zel, Cumhurba\u015fkan\u0131 Recep Tayyip Erdo\u011fan&#8217;\u0131n da orada bulunmas\u0131 durumunda ayn\u0131 nezaketi g\u00f6sterece\u011fini belirterek konu\u015fmas\u0131n\u0131 \u015f\u00f6yle tamamlad\u0131:<\/p>\n\n\n\n<p class=\"wp-block-paragraph\">&#8220;Bu kadar g\u00f6rmeseydik, ortam bu kadar gergin olmasayd\u0131, orada Tayyip Bey de olsayd\u0131 ona da giderdim, hatr\u0131n\u0131 sorard\u0131m. Ya\u015f\u0131 benden b\u00fcy\u00fck, bu bana d\u00fc\u015fer. Tecr\u00fcbesi fazla. Epi topu 16 saniyelik bir olay bu.&#8221;<\/p>\n\n\n\n<figure class=\"wp-block-image\"><img decoding=\"async\" src=\"https:\/\/foto.sondakika.com\/haber\/2026\/06\/11\/ozgur-ozel-bu-goruntulerle-ilg-19938962-6991_1_m.jpg\" alt=\"\u00d6zg\u00fcr \u00d6zel bu g\u00f6r\u00fcnt\u00fclerle ilgili ilk kez konu\u015ftu\"\/><\/figure>\n","protected":false},"excerpt":{"rendered":"<p>Kendisi i\u00e7in, &#8220;Ne An\u0131tkabir&#8217;in bek\u00e7isi ne de T\u00fcrk gen\u00e7li\u011finin lideri olma potansiyeline sahiptir&#8221; diyen MHP<\/p>\n","protected":false},"author":1,"featured_media":3036,"comment_status":"open","ping_status":"open","sticky":false,"template":"","format":"standard","meta":{"_rtcl_gb_attr":"","footnotes":""},"categories":[44],"tags":[],"class_list":["post-3035","post","type-post","status-publish","format-standard","has-post-thumbnail","hentry","category-politika"],"_links":{"self":[{"href":"https:\/\/turkiyemhaber.com\/index.php?rest_route=\/wp\/v2\/posts\/3035","targetHints":{"allow":["GET"]}}],"collection":[{"href":"https:\/\/turkiyemhaber.com\/index.php?rest_route=\/wp\/v2\/posts"}],"about":[{"href":"https:\/\/turkiyemhaber.com\/index.php?rest_route=\/wp\/v2\/types\/post"}],"author":[{"embeddable":true,"href":"https:\/\/turkiyemhaber.com\/index.php?rest_route=\/wp\/v2\/users\/1"}],"replies":[{"embeddable":true,"href":"https:\/\/turkiyemhaber.com\/index.php?rest_route=%2Fwp%2Fv2%2Fcomments&post=3035"}],"version-history":[{"count":1,"href":"https:\/\/turkiyemhaber.com\/index.php?rest_route=\/wp\/v2\/posts\/3035\/revisions"}],"predecessor-version":[{"id":3037,"href":"https:\/\/turkiyemhaber.com\/index.php?rest_route=\/wp\/v2\/posts\/3035\/revisions\/3037"}],"wp:featuredmedia":[{"embeddable":true,"href":"https:\/\/turkiyemhaber.com\/index.php?rest_route=\/wp\/v2\/media\/3036"}],"wp:attachment":[{"href":"https:\/\/turkiyemhaber.com\/index.php?rest_route=%2Fwp%2Fv2%2Fmedia&parent=3035"}],"wp:term":[{"taxonomy":"category","embeddable":true,"href":"https:\/\/turkiyemhaber.com\/index.php?rest_route=%2Fwp%2Fv2%2Fcategories&post=3035"},{"taxonomy":"post_tag","embeddable":true,"href":"https:\/\/turkiyemhaber.com\/index.php?rest_route=%2Fwp%2Fv2%2Ftags&post=3035"}],"curies":[{"name":"wp","href":"https:\/\/api.w.org\/{rel}","templated":true}]}}