{"id":3026,"date":"2026-06-12T00:33:49","date_gmt":"2026-06-12T00:33:49","guid":{"rendered":"https:\/\/turkiyemhaber.com\/?p=3026"},"modified":"2026-06-12T00:33:52","modified_gmt":"2026-06-12T00:33:52","slug":"irmak-ogretmenin-sorun-yasadigi-tek-kisi-muduru-degilmis","status":"publish","type":"post","link":"https:\/\/turkiyemhaber.com\/?p=3026","title":{"rendered":"Irmak \u00f6\u011fretmenin sorun ya\u015fad\u0131\u011f\u0131 tek ki\u015fi m\u00fcd\u00fcr\u00fc de\u011filmi\u015f"},"content":{"rendered":"\n<p class=\"wp-block-paragraph\">A\u011fr\u0131&#8217;da 7 Haziran&#8217;da evinde iple as\u0131lm\u0131\u015f vaziyette \u00f6l\u00fc bulunan anas\u0131n\u0131f\u0131 \u00f6\u011fretmeni Irmak Ay\u015fe Koparan&#8217;\u0131n sadece okul m\u00fcd\u00fcr\u00fcyle de\u011fil kom\u015fusuyla da kavgal\u0131 oldu\u011fu ortaya \u00e7\u0131kt\u0131. Taraflar\u0131n hakaret iddias\u0131yla birbirinden \u015fikayet\u00e7i oldu\u011fu ancak savc\u0131l\u0131\u011f\u0131n kovu\u015fturmaya yer olmad\u0131\u011f\u0131na karar verdi\u011fi \u00f6\u011frenildi.<\/p>\n\n\n\n<p class=\"wp-block-paragraph\"><a href=\"https:\/\/www.sondakika.com\/agri\/\">A\u011fr\u0131<\/a>&#8216;da 7 Haziran&#8217;da evinde iple as\u0131lm\u0131\u015f vaziyette \u00f6l\u00fc bulunan gen\u00e7 \u00f6\u011fretmenle ilgili ba\u015flayan soru\u015fturmada t\u00fcm iddialar inceleniyor.<\/p>\n\n\n\n<p class=\"wp-block-paragraph\">A\u011fr\u0131 Cumhuriyet Ba\u015fsavc\u0131l\u0131\u011f\u0131, okul m\u00fcd\u00fcr\u00fcyle ya\u015fanan tart\u0131\u015fmadan yer de\u011fi\u015fikli\u011fi iddialar\u0131na, psikiyatri tedavi s\u00fcrecinden telefon incelemesine kadar soru\u015fturmay\u0131 derinle\u015ftirdi. A\u011fr\u0131&#8217;n\u0131n Hamur il\u00e7esinde g\u00f6rev yapan 28 ya\u015f\u0131ndaki anas\u0131n\u0131f\u0131 \u00f6\u011fretmeni Irmak Ay\u015fe Koparan&#8217;\u0131n evinde \u00f6l\u00fc bulunmas\u0131n\u0131n ard\u0131ndan ba\u015flat\u0131lan soru\u015fturma geni\u015fletildi.<\/p>\n\n\n\n<h3 class=\"wp-block-heading\">MOBB\u0130NG \u0130DD\u0130ALARI \u0130NCELEN\u0130YOR<\/h3>\n\n\n\n<p class=\"wp-block-paragraph\">A\u011fr\u0131 Cumhuriyet Ba\u015fsavc\u0131l\u0131\u011f\u0131, sosyal medyaya yans\u0131yan &#8220;mobbing, haks\u0131zl\u0131\u011fa u\u011frama ve intihara s\u00fcr\u00fcklenme&#8221; iddialar\u0131 \u00fczerine dosyay\u0131 \u00e7ok y\u00f6nl\u00fc incelemeye ald\u0131. Ba\u015fsavc\u0131l\u0131k, y\u00fcr\u00fct\u00fclen soru\u015fturma kapsam\u0131nda okul m\u00fcd\u00fcr\u00fc Melahat \u0130.&#8217;yi g\u00f6zalt\u0131na alarak ifadesine ba\u015fvurdu. Okul M\u00fcd\u00fcr\u00fc, ifadesinde mobbing ya da bask\u0131 uygulamad\u0131\u011f\u0131n\u0131, \u00f6l\u00fcm olay\u0131yla ilgisinin bulunmad\u0131\u011f\u0131n\u0131 belirtti. Okul M\u00fcd\u00fcr\u00fc, ifadesinin ard\u0131ndan serbest b\u0131rak\u0131ld\u0131.<\/p>\n\n\n\n<h3 class=\"wp-block-heading\">SERV\u0130S TARTI\u015eMASI \u0130LE \u0130LG\u0130L\u0130 \u0130DD\u0130ANAME D\u00dcZENLENM\u0130\u015e<\/h3>\n\n\n\n<p class=\"wp-block-paragraph\">Dosyada dikkat \u00e7eken ayr\u0131nt\u0131lardan biri de Koparan ile okul m\u00fcd\u00fcr\u00fc aras\u0131nda daha \u00f6nce ya\u015fanan olay oldu. 17 Nisan tarihinde okul m\u00fcd\u00fcr\u00fc ile \u00f6\u011fretmen Koparan aras\u0131nda serviste ya\u015fanan tart\u0131\u015fmaya ili\u015fkin taraflar hakk\u0131nda adli s\u00fcre\u00e7 ba\u015flat\u0131ld\u0131\u011f\u0131, \u00f6l\u00fcmden 4 g\u00fcn \u00f6nce, 3 Haziran tarihinde iddianame d\u00fczenlendi\u011fi ortaya \u00e7\u0131kt\u0131.<\/p>\n\n\n\n<figure class=\"wp-block-image\"><img decoding=\"async\" src=\"https:\/\/foto.sondakika.com\/haber\/2026\/06\/11\/irmak-ogretmenin-sorun-yasadig-19938425-1574_1_m.jpg\" alt=\"Irmak \u00f6\u011fretmenin sorun ya\u015fad\u0131\u011f\u0131 tek ki\u015fi m\u00fcd\u00fcr\u00fc de\u011filmi\u015f\"\/><\/figure>\n\n\n\n<h3 class=\"wp-block-heading\">&#8220;BANA SALDIRDI&#8221;<\/h3>\n\n\n\n<p class=\"wp-block-paragraph\">Okul M\u00fcd\u00fcr\u00fc Melahat \u0130., bu olayda Irmak Ay\u015fe \u00f6\u011fretmenin kendisine hakaret ederek elleriyle fiziki sald\u0131r\u0131da bulundu\u011funu belirtti ve olayla ilgili adli s\u00fcrecin i\u015fledi\u011fini ifade etti.<\/p>\n\n\n\n<p class=\"wp-block-paragraph\">Irmak Ay\u015fe \u00f6\u011fretmenin e\u011fitim y\u0131l\u0131 ba\u015f\u0131nda Hamur il\u00e7esi So\u011fanl\u0131tepe \u0130lkokulundan mazereti nedeniyle Karakazan \u0130lkokuluna g\u00f6revlendirildi\u011fi, yar\u0131 y\u0131lda g\u00f6revlendirilmesinin kald\u0131r\u0131larak yeniden eski okuluna d\u00f6nd\u00fc\u011f\u00fc belirtildi. Okul M\u00fcd\u00fcr\u00fc Melahat \u0130., Irmak Ay\u015fe \u00f6\u011fretmenin yer de\u011fi\u015fikli\u011fi ile ilgili kendisinin bir yetkisinin olmad\u0131\u011f\u0131n\u0131, bu konuda yetkinin il\u00e7e milli e\u011fitim m\u00fcd\u00fcrl\u00fc\u011f\u00fcnde oldu\u011funu, bu olayla da kendisinin alakas\u0131 olmad\u0131\u011f\u0131n\u0131 ifadesinde belirtti.<\/p>\n\n\n\n<h3 class=\"wp-block-heading\">YER DE\u011e\u0130\u015eT\u0130RME TALEB\u0130 ARA\u015eTIRILIYOR<\/h3>\n\n\n\n<p class=\"wp-block-paragraph\">Savc\u0131l\u0131k, Koparan&#8217;\u0131n okulunun de\u011fi\u015ftirilmesi talebiyle yapt\u0131\u011f\u0131 idari ba\u015fvurular\u0131n ve yak\u0131nmalar\u0131n\u0131n, il\u00e7e ve il milli e\u011fitim m\u00fcd\u00fcrl\u00fckleri nezdinde soru\u015fturma kapsam\u0131nda ara\u015ft\u0131r\u0131ld\u0131\u011f\u0131n\u0131 belirtti. Dosyada, Koparan&#8217;\u0131n g\u00f6revini k\u00f6t\u00fcye kullanma ya da ba\u015fka bir g\u00f6rev su\u00e7una ili\u015fkin do\u011frudan bir adli ba\u015fvurusunun bulunmad\u0131\u011f\u0131 kaydedildi.<\/p>\n\n\n\n<h3 class=\"wp-block-heading\">ERKEK ARKADA\u015eININ DA \u0130FADES\u0130 ALINDI<\/h3>\n\n\n\n<p class=\"wp-block-paragraph\">Soru\u015fturmada Koparan&#8217;\u0131n telefonunda yap\u0131lan incelemede, \u00f6l\u00fcm\u00fcnden \u00f6nce erkek arkada\u015f\u0131 Berat A. ile mesajla\u015ft\u0131\u011f\u0131 ve duygusal yo\u011funluk ya\u015fad\u0131\u011f\u0131 tespit edildi. Erkek arkada\u015f\u0131 Berat A.&#8217;n\u0131n da &#8220;intihara y\u00f6nlendirme&#8221; iddias\u0131 kapsam\u0131nda ifadesi al\u0131nd\u0131, ancak erkek arkada\u015f\u0131n\u0131n, Koparan&#8217;\u0131n \u00f6l\u00fcm\u00fcyle ilgisinin bulunmad\u0131\u011f\u0131 belirtilerek serbest b\u0131rak\u0131ld\u0131.<\/p>\n\n\n\n<h3 class=\"wp-block-heading\">PS\u0130K\u0130YATR\u0130 TEDAV\u0130S\u0130 G\u00d6R\u00dcYORDU<\/h3>\n\n\n\n<p class=\"wp-block-paragraph\">\u00d6\u011fretmen Irmak Ay\u015fe Koparan&#8217;\u0131n, \u00f6l\u00fcm\u00fcnden \u00f6nce psikiyatri tedavi s\u00fcrecinin bulundu\u011fu ve bu kapsamda farkl\u0131 tarihlerde hastane ba\u015fvurular\u0131 yapt\u0131\u011f\u0131 \u00f6\u011frenildi. Koparan&#8217;\u0131n ilk psikiyatri ba\u015fvurusunun 17 Nisan 2025 tarihinde yap\u0131ld\u0131\u011f\u0131, daha sonra 1 Aral\u0131k 2025, 17 Mart 2026 ve 13 Nisan 2026 tarihlerinde de psikiyatri birimine ba\u015fvurdu\u011fu ve ila\u00e7 kulland\u0131\u011f\u0131 belirlendi. 1 Aral\u0131k 2025 tarihli ba\u015fvurusunda ise kulland\u0131\u011f\u0131 uyku ilac\u0131ndan fazla say\u0131da almas\u0131 nedeniyle &#8220;zehirlenme&#8221; tan\u0131s\u0131 konuldu\u011fu, ancak bu olaya ili\u015fkin herhangi bir adli s\u00fcrecin bulunmad\u0131\u011f\u0131 ifade edildi.<\/p>\n\n\n\n<h3 class=\"wp-block-heading\">KOM\u015eUSU \u0130LE DE MAHKEMEL\u0130K OLMU\u015e<\/h3>\n\n\n\n<p class=\"wp-block-paragraph\">15 Ekim 2025 tarihinde kald\u0131\u011f\u0131 apartta kom\u015fusu Cansu B. ile ya\u015fad\u0131\u011f\u0131 iddia edilen olay nedeniyle \u00f6\u011fretmen Irmak Ay\u015fe Koparan hakk\u0131nda &#8220;hakaret&#8221; ve &#8220;ki\u015filerin huzur ve s\u00fck\u00fcnunu bozma&#8221; iddialar\u0131yla kar\u015f\u0131l\u0131kl\u0131 \u015fikayette bulunuldu\u011fu \u00f6\u011frenildi.<\/p>\n\n\n\n<figure class=\"wp-block-image\"><img decoding=\"async\" src=\"https:\/\/foto.sondakika.com\/haber\/2026\/06\/11\/irmak-ogretmenin-sorun-yasadig-19938425-7838_1_m.jpg\" alt=\"Irmak \u00f6\u011fretmenin sorun ya\u015fad\u0131\u011f\u0131 tek ki\u015fi m\u00fcd\u00fcr\u00fc de\u011filmi\u015f\"\/><\/figure>\n\n\n\n<p class=\"wp-block-paragraph\">Soru\u015fturma kapsam\u0131nda taraflar\u0131n beyanlar\u0131 al\u0131n\u0131rken, dosyada iddialar\u0131 destekleyen somut bir delile ula\u015f\u0131lamad\u0131\u011f\u0131 belirtildi. Bu nedenle savc\u0131l\u0131k taraf\u0131ndan kovu\u015fturmaya yer olmad\u0131\u011f\u0131na dair karar verildi.<\/p>\n\n\n\n<h3 class=\"wp-block-heading\">SORU\u015eTURMALAR \u00c7OK Y\u00d6NL\u00dc S\u00dcR\u00dcYOR<\/h3>\n\n\n\n<p class=\"wp-block-paragraph\">Soru\u015fturma kapsam\u0131nda &#8220;intihara y\u00f6nlendirme&#8221; su\u00e7u y\u00f6n\u00fcnden de \u015f\u00fcpheli tespitine y\u00f6nelik \u00e7al\u0131\u015fmalar\u0131n s\u00fcrd\u00fc\u011f\u00fc, ancak bu a\u015famada do\u011frudan bu su\u00e7un unsurlar\u0131n\u0131 olu\u015fturan somut bir olay \u00f6yk\u00fcs\u00fcne ula\u015f\u0131lamad\u0131\u011f\u0131 \u00f6\u011frenildi. Tan\u0131k beyanlar\u0131nda ise Koparan&#8217;\u0131n, okul m\u00fcd\u00fcr\u00fcyle ya\u015fad\u0131\u011f\u0131 s\u00fcre\u00e7te idari yer de\u011fi\u015fikli\u011fiyle kendisinin cezaland\u0131r\u0131ld\u0131\u011f\u0131n\u0131 d\u00fc\u015f\u00fcnd\u00fc\u011f\u00fcn\u00fc arkada\u015f \u00e7evresiyle payla\u015ft\u0131\u011f\u0131 y\u00f6n\u00fcnde ifadelerin bulundu\u011fu tespit edildi. Soru\u015fturman\u0131n, idari ba\u015fvurular ve tan\u0131k anlat\u0131mlar\u0131 do\u011frultusunda s\u00fcrd\u00fc\u011f\u00fc bildirildi.<\/p>\n\n\n\n<h3 class=\"wp-block-heading\">&#8220;\u00d6L\u00dcM\u00dc \u015e\u00dcPHEL\u0130 KILAN B\u0130R EMAREYE RASTLANMADI&#8221;<\/h3>\n\n\n\n<p class=\"wp-block-paragraph\">Ba\u015fsavc\u0131l\u0131k, gen\u00e7 \u00f6\u011fretmenin idari ba\u015fvurular\u0131n\u0131n kar\u015f\u0131lanmad\u0131\u011f\u0131 y\u00f6n\u00fcndeki iddialar \u00fczerine ilgili Milli E\u011fitim M\u00fcd\u00fcrl\u00fcklerine yaz\u0131 yazarken, gelecek cevaba g\u00f6re kamu g\u00f6revlileri hakk\u0131nda ayr\u0131ca i\u015flem yap\u0131labilece\u011fini bildirdi. Ba\u015fsavc\u0131l\u0131k, ilk incelemelerde \u00f6l\u00fcm\u00fc \u015f\u00fcpheli k\u0131lan bir emareye rastlanmad\u0131\u011f\u0131n\u0131, ancak kamuoyuna yans\u0131yan t\u00fcm iddialar\u0131n titizlikle ara\u015ft\u0131r\u0131ld\u0131\u011f\u0131n\u0131 ve soru\u015fturman\u0131n t\u00fcm y\u00f6nleriyle s\u00fcrd\u00fc\u011f\u00fcn\u00fc a\u00e7\u0131klad\u0131.&nbsp;<\/p>\n","protected":false},"excerpt":{"rendered":"<p>A\u011fr\u0131&#8217;da 7 Haziran&#8217;da evinde iple as\u0131lm\u0131\u015f vaziyette \u00f6l\u00fc bulunan anas\u0131n\u0131f\u0131 \u00f6\u011fretmeni Irmak Ay\u015fe Koparan&#8217;\u0131n sadece<\/p>\n","protected":false},"author":1,"featured_media":3027,"comment_status":"open","ping_status":"open","sticky":false,"template":"","format":"standard","meta":{"_rtcl_gb_attr":"","footnotes":""},"categories":[1],"tags":[],"class_list":["post-3026","post","type-post","status-publish","format-standard","has-post-thumbnail","hentry","category-http-turkiyemhaber-com-wp-content-uploads-2026-03-saray-59-haber-13-mart-pdf"],"_links":{"self":[{"href":"https:\/\/turkiyemhaber.com\/index.php?rest_route=\/wp\/v2\/posts\/3026","targetHints":{"allow":["GET"]}}],"collection":[{"href":"https:\/\/turkiyemhaber.com\/index.php?rest_route=\/wp\/v2\/posts"}],"about":[{"href":"https:\/\/turkiyemhaber.com\/index.php?rest_route=\/wp\/v2\/types\/post"}],"author":[{"embeddable":true,"href":"https:\/\/turkiyemhaber.com\/index.php?rest_route=\/wp\/v2\/users\/1"}],"replies":[{"embeddable":true,"href":"https:\/\/turkiyemhaber.com\/index.php?rest_route=%2Fwp%2Fv2%2Fcomments&post=3026"}],"version-history":[{"count":1,"href":"https:\/\/turkiyemhaber.com\/index.php?rest_route=\/wp\/v2\/posts\/3026\/revisions"}],"predecessor-version":[{"id":3028,"href":"https:\/\/turkiyemhaber.com\/index.php?rest_route=\/wp\/v2\/posts\/3026\/revisions\/3028"}],"wp:featuredmedia":[{"embeddable":true,"href":"https:\/\/turkiyemhaber.com\/index.php?rest_route=\/wp\/v2\/media\/3027"}],"wp:attachment":[{"href":"https:\/\/turkiyemhaber.com\/index.php?rest_route=%2Fwp%2Fv2%2Fmedia&parent=3026"}],"wp:term":[{"taxonomy":"category","embeddable":true,"href":"https:\/\/turkiyemhaber.com\/index.php?rest_route=%2Fwp%2Fv2%2Fcategories&post=3026"},{"taxonomy":"post_tag","embeddable":true,"href":"https:\/\/turkiyemhaber.com\/index.php?rest_route=%2Fwp%2Fv2%2Ftags&post=3026"}],"curies":[{"name":"wp","href":"https:\/\/api.w.org\/{rel}","templated":true}]}}