{"id":3023,"date":"2026-06-12T00:27:50","date_gmt":"2026-06-12T00:27:50","guid":{"rendered":"https:\/\/turkiyemhaber.com\/?p=3023"},"modified":"2026-06-12T00:27:54","modified_gmt":"2026-06-12T00:27:54","slug":"unlulere-yonelik-uyusturucu-sorusturmasinda-10-tutuklama-talebi","status":"publish","type":"post","link":"https:\/\/turkiyemhaber.com\/?p=3023","title":{"rendered":"\u00dcnl\u00fclere y\u00f6nelik uyu\u015fturucu soru\u015fturmas\u0131nda 10 tutuklama talebi"},"content":{"rendered":"\n<p class=\"wp-block-paragraph\">\u0130stanbul Cumhuriyet Ba\u015fsavc\u0131l\u0131\u011f\u0131nca y\u00fcr\u00fct\u00fclen uyu\u015fturucu soru\u015fturmas\u0131nda g\u00f6zalt\u0131 i\u015flemlerinin ard\u0131ndan adliyeye sevk edilen ve aralar\u0131nda \u00fcnl\u00fclerin de oldu\u011fu 23 \u015f\u00fcpheliden Tolga \u00c7am, Ferhan Kaya, Murat Sayg\u0131, Enis Ahmet Onat, Emre Tari, Hasan Vatan, Reyhan K\u00fc\u00e7\u00fckye\u011fen, Mehmet Y\u0131ld\u0131z, Tessy Ramos Correira ve Rafet Eren Yorulmazer tutuklama talebiyle sulh ceza hakimli\u011fine sevk edildi.<\/p>\n\n\n\n<p class=\"wp-block-paragraph\"><a href=\"https:\/\/www.sondakika.com\/istanbul\/\">\u0130stanbul<\/a>&nbsp;Cumhuriyet Ba\u015fsavc\u0131l\u0131\u011f\u0131nca y\u00fcr\u00fct\u00fclen uyu\u015fturucu soru\u015fturmas\u0131 kapsam\u0131nda g\u00f6zalt\u0131na al\u0131nan 23 \u015f\u00fcpheliden 10\u2019u tutuklama talebiyle mahkemeye sevk edildi. Bir \u015f\u00fcpheli hakk\u0131nda ev hapsi, di\u011fer \u015f\u00fcpheliler hakk\u0131nda ise adli kontrol uygulanmas\u0131 istendi.<\/p>\n\n\n\n<h3 class=\"wp-block-heading\">10 K\u0130\u015e\u0130N\u0130N TUTUKLANMASI \u0130STEND\u0130<\/h3>\n\n\n\n<p class=\"wp-block-paragraph\">\u0130stanbul Cumhuriyet Ba\u015fsavc\u0131l\u0131\u011f\u0131 taraf\u0131ndan y\u00fcr\u00fct\u00fclen uyu\u015fturucu soru\u015fturmas\u0131 kapsam\u0131nda g\u00f6zalt\u0131na al\u0131nan ve aralar\u0131nda \u00fcnl\u00fc isimlerin de bulundu\u011fu 23 \u015f\u00fcphelinin emniyetteki i\u015flemleri tamamlanm\u0131\u015ft\u0131. Sa\u011fl\u0131k kontrol\u00fcn\u00fcn ard\u0131ndan \u015f\u00fcpheliler adliyeye sevk edilmi\u015fti. Savc\u0131l\u0131k ifadeleri tamamlanan \u015f\u00fcphelilerden Tolga \u00c7am, Ferhan Kaya,&nbsp;<a href=\"https:\/\/www.sondakika.com\/murat-saygi\/\">Murat Sayg\u0131<\/a>, Enis Ahmet Onat, Emre Tari, Hasan Vatan, Reyhan K\u00fc\u00e7\u00fckye\u011fen,&nbsp;<a href=\"https:\/\/www.sondakika.com\/mehmet-yildiz-4\/\">Mehmet Y\u0131ld\u0131z<\/a>, Tessy Ramos Correira ve Rafet Eren Yorulmazer tutuklama talebiyle sulh ceza hakimli\u011fine sevk edildi.<\/p>\n\n\n\n<h3 class=\"wp-block-heading\">\u00dcNL\u00dc \u0130S\u0130MLERE ADL\u0130 KONTROL TALEB\u0130<\/h3>\n\n\n\n<p class=\"wp-block-paragraph\">\u015e\u00fcphelilerden Ali Efe Bezci hakk\u0131nda konutu terk etmeme \u015feklinde adli kontrol tedbiri uygulanmas\u0131 talep edilirken, Ay\u015fe Hatun \u00d6nal, Ahmet Karo\u011flu, Kerimcan Durmaz, Kenan Do\u011fulu, Beren Saat, Mehmet Cem Karc\u0131, Berdan Mardini, Ozan Do\u011fulu, Ya\u015far \u0130pek, Enis Ar\u0131kan ve Selin Ci\u011ferci\u2019nin de aralar\u0131nda bulundu\u011fu ki\u015filer hakk\u0131nda yurt d\u0131\u015f\u0131na \u00e7\u0131k\u0131\u015f yasa\u011f\u0131 uygulanmas\u0131 istendi.<\/p>\n","protected":false},"excerpt":{"rendered":"<p>\u0130stanbul Cumhuriyet Ba\u015fsavc\u0131l\u0131\u011f\u0131nca y\u00fcr\u00fct\u00fclen uyu\u015fturucu soru\u015fturmas\u0131nda g\u00f6zalt\u0131 i\u015flemlerinin ard\u0131ndan adliyeye sevk edilen ve aralar\u0131nda \u00fcnl\u00fclerin<\/p>\n","protected":false},"author":1,"featured_media":3024,"comment_status":"open","ping_status":"open","sticky":false,"template":"","format":"standard","meta":{"_rtcl_gb_attr":"","footnotes":""},"categories":[1],"tags":[],"class_list":["post-3023","post","type-post","status-publish","format-standard","has-post-thumbnail","hentry","category-http-turkiyemhaber-com-wp-content-uploads-2026-03-saray-59-haber-13-mart-pdf"],"_links":{"self":[{"href":"https:\/\/turkiyemhaber.com\/index.php?rest_route=\/wp\/v2\/posts\/3023","targetHints":{"allow":["GET"]}}],"collection":[{"href":"https:\/\/turkiyemhaber.com\/index.php?rest_route=\/wp\/v2\/posts"}],"about":[{"href":"https:\/\/turkiyemhaber.com\/index.php?rest_route=\/wp\/v2\/types\/post"}],"author":[{"embeddable":true,"href":"https:\/\/turkiyemhaber.com\/index.php?rest_route=\/wp\/v2\/users\/1"}],"replies":[{"embeddable":true,"href":"https:\/\/turkiyemhaber.com\/index.php?rest_route=%2Fwp%2Fv2%2Fcomments&post=3023"}],"version-history":[{"count":1,"href":"https:\/\/turkiyemhaber.com\/index.php?rest_route=\/wp\/v2\/posts\/3023\/revisions"}],"predecessor-version":[{"id":3025,"href":"https:\/\/turkiyemhaber.com\/index.php?rest_route=\/wp\/v2\/posts\/3023\/revisions\/3025"}],"wp:featuredmedia":[{"embeddable":true,"href":"https:\/\/turkiyemhaber.com\/index.php?rest_route=\/wp\/v2\/media\/3024"}],"wp:attachment":[{"href":"https:\/\/turkiyemhaber.com\/index.php?rest_route=%2Fwp%2Fv2%2Fmedia&parent=3023"}],"wp:term":[{"taxonomy":"category","embeddable":true,"href":"https:\/\/turkiyemhaber.com\/index.php?rest_route=%2Fwp%2Fv2%2Fcategories&post=3023"},{"taxonomy":"post_tag","embeddable":true,"href":"https:\/\/turkiyemhaber.com\/index.php?rest_route=%2Fwp%2Fv2%2Ftags&post=3023"}],"curies":[{"name":"wp","href":"https:\/\/api.w.org\/{rel}","templated":true}]}}