{"id":3020,"date":"2026-06-11T23:45:13","date_gmt":"2026-06-11T23:45:13","guid":{"rendered":"https:\/\/turkiyemhaber.com\/?p=3020"},"modified":"2026-06-11T23:45:16","modified_gmt":"2026-06-11T23:45:16","slug":"edirnede-yeni-bolge-idare-mahkemesi-kuruldu","status":"publish","type":"post","link":"https:\/\/turkiyemhaber.com\/?p=3020","title":{"rendered":"Edirne&#8217;de Yeni B\u00f6lge \u0130dare Mahkemesi Kuruldu"},"content":{"rendered":"\n<p class=\"wp-block-paragraph\">Edirne, K\u0131rklareli, Tekirda\u011f ve \u00c7anakkale&#8217;yi kapsayan yeni mahkeme, adalet hizmetlerini h\u0131zland\u0131racak.<\/p>\n\n\n\n<p class=\"wp-block-paragraph\"><a href=\"https:\/\/www.sondakika.com\/edirne\/\">Edirne<\/a>&#8216;de B\u00f6lge \u0130dare Mahkemesi kuruldu. Resmi Gazete&#8217;de yay\u0131mlanarak y\u00fcr\u00fcrl\u00fc\u011fe giren kararla birlikte mahkemenin yarg\u0131 \u00e7evresi Edirne,&nbsp;<a href=\"https:\/\/www.sondakika.com\/kirklareli\/\">K\u0131rklareli<\/a>,&nbsp;<a href=\"https:\/\/www.sondakika.com\/tekirdag\/\">Tekirda\u011f<\/a>&nbsp;ve&nbsp;<a href=\"https:\/\/www.sondakika.com\/canakkale\/\">\u00c7anakkale<\/a>&nbsp;illerinin m\u00fclki s\u0131n\u0131rlar\u0131 olarak belirlendi.<\/p>\n\n\n\n<p class=\"wp-block-paragraph\">Adalet Bakanl\u0131\u011f\u0131&#8217;n\u0131n &#8220;T\u00fcrkiye Y\u00fczy\u0131l\u0131, Adaletin Y\u00fczy\u0131l\u0131&#8221; vizyonu do\u011frultusunda hayata ge\u00e7irilen yeni d\u00fczenleme ile vatanda\u015flar\u0131n adalet hizmetlerine eri\u015fiminin kolayla\u015ft\u0131r\u0131lmas\u0131, idari yarg\u0131da i\u015f y\u00fck\u00fcn\u00fcn dengelenmesi ve yarg\u0131lama s\u00fcre\u00e7lerinin h\u0131zland\u0131r\u0131lmas\u0131 hedefleniyor.<\/p>\n\n\n\n<p class=\"wp-block-paragraph\">Bakanl\u0131k taraf\u0131ndan yap\u0131lan a\u00e7\u0131klamada, yeni mahkemenin kurulmas\u0131na ili\u015fkin karar\u0131n kapsaml\u0131 analiz \u00e7al\u0131\u015fmalar\u0131 sonucunda al\u0131nd\u0131\u011f\u0131 belirtildi. A\u00e7\u0131klamada, b\u00f6lgelerin n\u00fcfus yo\u011funlu\u011fu, co\u011frafi \u00f6zellikleri, ula\u015f\u0131m imkanlar\u0131 ve idari yarg\u0131daki mevcut i\u015f y\u00fcklerinin ayr\u0131nt\u0131l\u0131 \u015fekilde de\u011ferlendirildi\u011fi ifade edildi.<\/p>\n\n\n\n<p class=\"wp-block-paragraph\">Yap\u0131lan incelemeler neticesinde Edirne&#8217;de B\u00f6lge \u0130dare Mahkemesi kurulmas\u0131n\u0131n uygun g\u00f6r\u00fcld\u00fc\u011f\u00fc belirtilirken, mahkemenin yarg\u0131 \u00e7evresinin Edirne, K\u0131rklareli, Tekirda\u011f ve \u00c7anakkale illerini kapsayacak \u015fekilde olu\u015fturuldu\u011fu kaydedildi.<\/p>\n\n\n\n<p class=\"wp-block-paragraph\">Karar\u0131n, Adalet Bakan\u0131 Ak\u0131n G\u00fcrlek&#8217;in tensipleri ve 10 Haziran 2026 tarihli Bakanl\u0131k oluru do\u011frultusunda al\u0131nd\u0131\u011f\u0131, 11 Haziran 2026 tarihli Resmi Gazete&#8217;de yay\u0131mlanmas\u0131n\u0131n ard\u0131ndan y\u00fcr\u00fcrl\u00fc\u011fe girdi\u011fi bildirildi.<\/p>\n\n\n\n<p class=\"wp-block-paragraph\">Yeni d\u00fczenleme sayesinde \u00f6zellikle Trakya B\u00f6lgesi ile \u00c7anakkale&#8217;de ya\u015fayan vatanda\u015flar\u0131n idari yarg\u0131 s\u00fcre\u00e7lerinde daha h\u0131zl\u0131 ve etkin hizmet almas\u0131n\u0131n ama\u00e7land\u0131\u011f\u0131 ifade edilirken, b\u00f6lgedeki dava y\u00fck\u00fcn\u00fcn daha dengeli da\u011f\u0131t\u0131lmas\u0131n\u0131n da hedeflendi\u011fi vurguland\u0131.<\/p>\n\n\n\n<p class=\"wp-block-paragraph\">Edirne B\u00f6lge \u0130dare Mahkemesi&#8217;nin faaliyete ge\u00e7mesiyle birlikte idari yarg\u0131 te\u015fkilat\u0131n\u0131n g\u00fc\u00e7lendirilmesi, vatanda\u015flar\u0131n yarg\u0131 mercilerine eri\u015fiminin kolayla\u015ft\u0131r\u0131lmas\u0131 ve yarg\u0131 hizmetlerinin kalitesinin art\u0131r\u0131lmas\u0131na katk\u0131 sa\u011flanmas\u0131 bekleniyor.<\/p>\n\n\n\n<p class=\"wp-block-paragraph\">Bakanl\u0131\u011f\u0131n a\u00e7\u0131klamas\u0131nda ayr\u0131ca, kurulan mahkemenin vatanda\u015flara, hukuk camias\u0131na ve adalet te\u015fkilat\u0131na hay\u0131rl\u0131 olmas\u0131 temennisinde bulunuldu. &#8211; ED\u0130RNE<\/p>\n","protected":false},"excerpt":{"rendered":"<p>Edirne, K\u0131rklareli, Tekirda\u011f ve \u00c7anakkale&#8217;yi kapsayan yeni mahkeme, adalet hizmetlerini h\u0131zland\u0131racak. Edirne&#8216;de B\u00f6lge \u0130dare Mahkemesi<\/p>\n","protected":false},"author":1,"featured_media":3021,"comment_status":"open","ping_status":"open","sticky":false,"template":"","format":"standard","meta":{"_rtcl_gb_attr":"","footnotes":""},"categories":[1],"tags":[],"class_list":["post-3020","post","type-post","status-publish","format-standard","has-post-thumbnail","hentry","category-http-turkiyemhaber-com-wp-content-uploads-2026-03-saray-59-haber-13-mart-pdf"],"_links":{"self":[{"href":"https:\/\/turkiyemhaber.com\/index.php?rest_route=\/wp\/v2\/posts\/3020","targetHints":{"allow":["GET"]}}],"collection":[{"href":"https:\/\/turkiyemhaber.com\/index.php?rest_route=\/wp\/v2\/posts"}],"about":[{"href":"https:\/\/turkiyemhaber.com\/index.php?rest_route=\/wp\/v2\/types\/post"}],"author":[{"embeddable":true,"href":"https:\/\/turkiyemhaber.com\/index.php?rest_route=\/wp\/v2\/users\/1"}],"replies":[{"embeddable":true,"href":"https:\/\/turkiyemhaber.com\/index.php?rest_route=%2Fwp%2Fv2%2Fcomments&post=3020"}],"version-history":[{"count":1,"href":"https:\/\/turkiyemhaber.com\/index.php?rest_route=\/wp\/v2\/posts\/3020\/revisions"}],"predecessor-version":[{"id":3022,"href":"https:\/\/turkiyemhaber.com\/index.php?rest_route=\/wp\/v2\/posts\/3020\/revisions\/3022"}],"wp:featuredmedia":[{"embeddable":true,"href":"https:\/\/turkiyemhaber.com\/index.php?rest_route=\/wp\/v2\/media\/3021"}],"wp:attachment":[{"href":"https:\/\/turkiyemhaber.com\/index.php?rest_route=%2Fwp%2Fv2%2Fmedia&parent=3020"}],"wp:term":[{"taxonomy":"category","embeddable":true,"href":"https:\/\/turkiyemhaber.com\/index.php?rest_route=%2Fwp%2Fv2%2Fcategories&post=3020"},{"taxonomy":"post_tag","embeddable":true,"href":"https:\/\/turkiyemhaber.com\/index.php?rest_route=%2Fwp%2Fv2%2Ftags&post=3020"}],"curies":[{"name":"wp","href":"https:\/\/api.w.org\/{rel}","templated":true}]}}