{"id":3017,"date":"2026-06-11T23:40:58","date_gmt":"2026-06-11T23:40:58","guid":{"rendered":"https:\/\/turkiyemhaber.com\/?p=3017"},"modified":"2026-06-11T23:41:01","modified_gmt":"2026-06-11T23:41:01","slug":"corluda-kaza-arac-aydinlatma-diregine-carpti","status":"publish","type":"post","link":"https:\/\/turkiyemhaber.com\/?p=3017","title":{"rendered":"\u00c7orlu&#8217;da Kaza: Ara\u00e7 Ayd\u0131nlatma Dire\u011fine \u00c7arpt\u0131"},"content":{"rendered":"\n<p class=\"wp-block-paragraph\">Tekirda\u011f&#8217;\u0131n \u00c7orlu il\u00e7esinde s\u00fcr\u00fcc\u00fcs\u00fcn\u00fcn kontrol\u00fcnden \u00e7\u0131kan ara\u00e7, ayd\u0131nlatma dire\u011fine \u00e7arpt\u0131. S\u00fcr\u00fcc\u00fc yaral\u0131.<\/p>\n\n\n\n<p class=\"wp-block-paragraph\"><a href=\"https:\/\/www.sondakika.com\/tekirdag\/\">Tekirda\u011f<\/a>&#8216;\u0131n&nbsp;<a href=\"https:\/\/www.sondakika.com\/corlu\/\">\u00c7orlu<\/a>&nbsp;il\u00e7esinde s\u00fcr\u00fcc\u00fcs\u00fcn\u00fcn kontrol\u00fcnden \u00e7\u0131kan ara\u00e7, ayd\u0131nlatma dire\u011fine \u00e7arpt\u0131. Hurdaya d\u00f6nen arac\u0131n s\u00fcr\u00fcc\u00fcs\u00fc yaraland\u0131.<\/p>\n\n\n\n<p class=\"wp-block-paragraph\"><a href=\"https:\/\/www.sondakika.com\/kaza\/\">Kaza<\/a>, saat 04.00 s\u0131ralar\u0131nda Eski \u00c7erkezk\u00f6y 1. Sokak&#8217;ta meydana geldi. K\u0131rkova y\u00f6n\u00fcne seyreden Hakan E. idaresindeki hafif ticari ara\u00e7, rampada s\u00fcr\u00fcc\u00fcs\u00fcn\u00fcn direksiyon hakimiyetini kaybetmesi sonucu yol kenar\u0131ndaki ayd\u0131nlatma dire\u011fine \u00e7arpt\u0131. Kazada \u00f6n k\u0131sm\u0131 hurdaya d\u00f6nen arac\u0131n s\u00fcr\u00fcc\u00fcs\u00fc yaraland\u0131. Yaral\u0131 Hakan E., olay yerine gelen sa\u011fl\u0131k ekiplerinin ilk m\u00fcdahalesinin ard\u0131ndan ambulansla \u00c7orlu Devlet Hastanesi&#8217;ne kald\u0131r\u0131larak tedavi alt\u0131na al\u0131nd\u0131.<\/p>\n\n\n\n<p class=\"wp-block-paragraph\">Kazayla ilgili konu\u015fan Dursun Alpero\u011flu, &#8220;Yukar\u0131dan a\u015fa\u011f\u0131ya do\u011fru iniyordum, bir ses geldi. Kamyon bir yere vurdu sand\u0131m. Geldim hemen ekipleri arad\u0131m, kaza yapan da tan\u0131d\u0131k \u00e7\u0131kt\u0131&#8221; diye konu\u015ftu.<\/p>\n\n\n\n<p class=\"wp-block-paragraph\">Kazayla ilgili polis taraf\u0131ndan inceleme ba\u015flat\u0131ld\u0131. &#8211; TEK\u0130RDA\u011e<\/p>\n","protected":false},"excerpt":{"rendered":"<p>Tekirda\u011f&#8217;\u0131n \u00c7orlu il\u00e7esinde s\u00fcr\u00fcc\u00fcs\u00fcn\u00fcn kontrol\u00fcnden \u00e7\u0131kan ara\u00e7, ayd\u0131nlatma dire\u011fine \u00e7arpt\u0131. S\u00fcr\u00fcc\u00fc yaral\u0131. Tekirda\u011f&#8216;\u0131n&nbsp;\u00c7orlu&nbsp;il\u00e7esinde s\u00fcr\u00fcc\u00fcs\u00fcn\u00fcn kontrol\u00fcnden<\/p>\n","protected":false},"author":1,"featured_media":3018,"comment_status":"open","ping_status":"open","sticky":false,"template":"","format":"standard","meta":{"_rtcl_gb_attr":"","footnotes":""},"categories":[1],"tags":[],"class_list":["post-3017","post","type-post","status-publish","format-standard","has-post-thumbnail","hentry","category-http-turkiyemhaber-com-wp-content-uploads-2026-03-saray-59-haber-13-mart-pdf"],"_links":{"self":[{"href":"https:\/\/turkiyemhaber.com\/index.php?rest_route=\/wp\/v2\/posts\/3017","targetHints":{"allow":["GET"]}}],"collection":[{"href":"https:\/\/turkiyemhaber.com\/index.php?rest_route=\/wp\/v2\/posts"}],"about":[{"href":"https:\/\/turkiyemhaber.com\/index.php?rest_route=\/wp\/v2\/types\/post"}],"author":[{"embeddable":true,"href":"https:\/\/turkiyemhaber.com\/index.php?rest_route=\/wp\/v2\/users\/1"}],"replies":[{"embeddable":true,"href":"https:\/\/turkiyemhaber.com\/index.php?rest_route=%2Fwp%2Fv2%2Fcomments&post=3017"}],"version-history":[{"count":1,"href":"https:\/\/turkiyemhaber.com\/index.php?rest_route=\/wp\/v2\/posts\/3017\/revisions"}],"predecessor-version":[{"id":3019,"href":"https:\/\/turkiyemhaber.com\/index.php?rest_route=\/wp\/v2\/posts\/3017\/revisions\/3019"}],"wp:featuredmedia":[{"embeddable":true,"href":"https:\/\/turkiyemhaber.com\/index.php?rest_route=\/wp\/v2\/media\/3018"}],"wp:attachment":[{"href":"https:\/\/turkiyemhaber.com\/index.php?rest_route=%2Fwp%2Fv2%2Fmedia&parent=3017"}],"wp:term":[{"taxonomy":"category","embeddable":true,"href":"https:\/\/turkiyemhaber.com\/index.php?rest_route=%2Fwp%2Fv2%2Fcategories&post=3017"},{"taxonomy":"post_tag","embeddable":true,"href":"https:\/\/turkiyemhaber.com\/index.php?rest_route=%2Fwp%2Fv2%2Ftags&post=3017"}],"curies":[{"name":"wp","href":"https:\/\/api.w.org\/{rel}","templated":true}]}}