{"id":3014,"date":"2026-06-11T23:37:31","date_gmt":"2026-06-11T23:37:31","guid":{"rendered":"https:\/\/turkiyemhaber.com\/?p=3014"},"modified":"2026-06-11T23:37:34","modified_gmt":"2026-06-11T23:37:34","slug":"tekirdagda-60-kiraz-festivali-basladi-2","status":"publish","type":"post","link":"https:\/\/turkiyemhaber.com\/?p=3014","title":{"rendered":"Tekirda\u011f&#8217;da 60. Kiraz Festivali Ba\u015flad\u0131"},"content":{"rendered":"\n<p class=\"wp-block-paragraph\">Tekirda\u011f&#8217;da 60. Uluslararas\u0131 Kiraz Festivali, a\u00e7\u0131l\u0131\u015f t\u00f6reniyle ba\u015flad\u0131, yar\u0131\u015fmalar ve etkinlikler d\u00fczenlenecek.<\/p>\n\n\n\n<p class=\"wp-block-paragraph\"><a href=\"https:\/\/www.sondakika.com\/tekirdag\/\">Tekirda\u011f<\/a>&#8216;da &#8220;60. Uluslararas\u0131 Kiraz Festivali&#8221; a\u00e7\u0131l\u0131\u015f t\u00f6reniyle ba\u015flad\u0131.<\/p>\n\n\n\n<p class=\"wp-block-paragraph\">S\u00fcleymanpa\u015fa Belediye Ba\u015fkan\u0131 Volkan Nallar, belediye taraf\u0131ndan Naip Mahallesi&#8217;nde d\u00fczenlenen a\u00e7\u0131l\u0131\u015f t\u00f6reninde yapt\u0131\u011f\u0131 konu\u015fmada, festivalin kentin en b\u00fcy\u00fck organizasyonu oldu\u011funu s\u00f6yledi.<\/p>\n\n\n\n<p class=\"wp-block-paragraph\">Festivalin yar\u0131m as\u0131rd\u0131r d\u00fczenlendi\u011fini aktaran Nallar, &#8220;Festival her ge\u00e7en y\u0131l b\u00fcy\u00fcyerek devam ediyor. Festival art\u0131k T\u00fcrkiye ve d\u00fcnyan\u0131n farkl\u0131 \u00fclkelerinde bilinen bir etkinlik haline d\u00f6n\u00fc\u015ft\u00fc. Festival kentin tan\u0131t\u0131m\u0131nda b\u00fcy\u00fck bir rol oynuyor. Bir\u00e7ok etkinli\u011fe ev sahipli\u011fi yapaca\u011f\u0131z. Festival geleneklerimizi gelecek nesillere ta\u015f\u0131d\u0131\u011f\u0131m\u0131z ve kentin marka de\u011ferini y\u00fckselten bir organizasyondur.&#8221; dedi.<\/p>\n\n\n\n<p class=\"wp-block-paragraph\">Nallar, festival boyunca yakla\u015f\u0131k 2 bu\u00e7uk milyon ziyaret\u00e7iyi a\u011f\u0131rlamay\u0131 hedeflediklerini dile getirdi.<\/p>\n\n\n\n<p class=\"wp-block-paragraph\">CHP Tekirda\u011f Milletvekili Nurten Yontar da kiraz \u00fcreticileri i\u00e7in bereketli bir y\u0131l olmas\u0131n\u0131 temenni ederek, festivalin hay\u0131rl\u0131 olmas\u0131n\u0131 diledi.<\/p>\n\n\n\n<p class=\"wp-block-paragraph\">Konu\u015fmalar\u0131n ard\u0131ndan &#8220;En \u0130yi Kiraz Yar\u0131\u015fmas\u0131&#8221; yap\u0131ld\u0131.<\/p>\n\n\n\n<p class=\"wp-block-paragraph\">Yar\u0131\u015fmada, 9 \u00fcretici y\u0131l boyunca emek verdikleri, tad\u0131, rengi ve b\u00fcy\u00fckl\u00fc\u011f\u00fcyle g\u00f6z dolduran Tekirda\u011f kiraz\u0131yla dereceye girmek i\u00e7in yar\u0131\u015ft\u0131.<\/p>\n\n\n\n<p class=\"wp-block-paragraph\">\u00dcr\u00fcnleri tarla bak\u0131m\u0131, yeti\u015ftirme, toplama ile tat kriterlerine g\u00f6re de\u011ferlendiren j\u00fcri \u00fcyelerinin puanlamas\u0131n\u0131n ard\u0131ndan, \u00fcretici Mustafa Kurtkan birinci, Ru\u015fen \u00d6rnek ikinci, Erdin\u00e7 \u0130\u00e7er ise \u00fc\u00e7\u00fcnc\u00fc oldu.<\/p>\n\n\n\n<p class=\"wp-block-paragraph\">Yar\u0131\u015fman\u0131n birincisine 25 bin, ikincisine 20 bin, \u00fc\u00e7\u00fcnc\u00fcs\u00fcne de 15 bin lira \u00f6d\u00fcl verildi.<\/p>\n\n\n\n<p class=\"wp-block-paragraph\">Halk oyunlar\u0131 ekibinin g\u00f6steri sundu\u011fu program\u0131n ard\u0131ndan, kat\u0131l\u0131mc\u0131lara kiraz ikram edildi.<\/p>\n\n\n\n<p class=\"wp-block-paragraph\">Ard\u0131ndan K\u00f6pr\u00fcba\u015f\u0131 mevkisinde, protokol \u00fcyeleri, vatanda\u015flar, motosikletliler ve animasyon ekibinin kat\u0131l\u0131m\u0131yla olu\u015fturulan kortej, H\u00fck\u00fcmet Caddesi&#8217;nde bando e\u015fli\u011finde y\u00fcr\u00fcd\u00fc.<\/p>\n\n\n\n<p class=\"wp-block-paragraph\">Vatanda\u015flar da 200 metrelik T\u00fcrk bayra\u011f\u0131 ta\u015f\u0131yarak Valilik \u00f6n\u00fcndeki Atat\u00fcrk An\u0131t\u0131&#8217;na geldi.<\/p>\n\n\n\n<p class=\"wp-block-paragraph\">Belediye Ba\u015fkan\u0131 Nallar, Atat\u00fcrk An\u0131t\u0131&#8217;na \u00e7elenk sundu.<\/p>\n\n\n\n<p class=\"wp-block-paragraph\">Sayg\u0131 duru\u015fu ve \u0130stiklal Mar\u015f\u0131&#8217;n\u0131n okunmas\u0131n\u0131n ard\u0131ndan protokol \u00fcyeleri festival ate\u015fini yakt\u0131.<\/p>\n\n\n\n<p class=\"wp-block-paragraph\">Festival, 14 Haziran Pazar g\u00fcn\u00fc sona erecek.<\/p>\n","protected":false},"excerpt":{"rendered":"<p>Tekirda\u011f&#8217;da 60. Uluslararas\u0131 Kiraz Festivali, a\u00e7\u0131l\u0131\u015f t\u00f6reniyle ba\u015flad\u0131, yar\u0131\u015fmalar ve etkinlikler d\u00fczenlenecek. Tekirda\u011f&#8216;da &#8220;60. Uluslararas\u0131<\/p>\n","protected":false},"author":1,"featured_media":3015,"comment_status":"open","ping_status":"open","sticky":false,"template":"","format":"standard","meta":{"_rtcl_gb_attr":"","footnotes":""},"categories":[1],"tags":[],"class_list":["post-3014","post","type-post","status-publish","format-standard","has-post-thumbnail","hentry","category-http-turkiyemhaber-com-wp-content-uploads-2026-03-saray-59-haber-13-mart-pdf"],"_links":{"self":[{"href":"https:\/\/turkiyemhaber.com\/index.php?rest_route=\/wp\/v2\/posts\/3014","targetHints":{"allow":["GET"]}}],"collection":[{"href":"https:\/\/turkiyemhaber.com\/index.php?rest_route=\/wp\/v2\/posts"}],"about":[{"href":"https:\/\/turkiyemhaber.com\/index.php?rest_route=\/wp\/v2\/types\/post"}],"author":[{"embeddable":true,"href":"https:\/\/turkiyemhaber.com\/index.php?rest_route=\/wp\/v2\/users\/1"}],"replies":[{"embeddable":true,"href":"https:\/\/turkiyemhaber.com\/index.php?rest_route=%2Fwp%2Fv2%2Fcomments&post=3014"}],"version-history":[{"count":1,"href":"https:\/\/turkiyemhaber.com\/index.php?rest_route=\/wp\/v2\/posts\/3014\/revisions"}],"predecessor-version":[{"id":3016,"href":"https:\/\/turkiyemhaber.com\/index.php?rest_route=\/wp\/v2\/posts\/3014\/revisions\/3016"}],"wp:featuredmedia":[{"embeddable":true,"href":"https:\/\/turkiyemhaber.com\/index.php?rest_route=\/wp\/v2\/media\/3015"}],"wp:attachment":[{"href":"https:\/\/turkiyemhaber.com\/index.php?rest_route=%2Fwp%2Fv2%2Fmedia&parent=3014"}],"wp:term":[{"taxonomy":"category","embeddable":true,"href":"https:\/\/turkiyemhaber.com\/index.php?rest_route=%2Fwp%2Fv2%2Fcategories&post=3014"},{"taxonomy":"post_tag","embeddable":true,"href":"https:\/\/turkiyemhaber.com\/index.php?rest_route=%2Fwp%2Fv2%2Ftags&post=3014"}],"curies":[{"name":"wp","href":"https:\/\/api.w.org\/{rel}","templated":true}]}}