{"id":3011,"date":"2026-06-11T23:34:17","date_gmt":"2026-06-11T23:34:17","guid":{"rendered":"https:\/\/turkiyemhaber.com\/?p=3011"},"modified":"2026-06-11T23:34:21","modified_gmt":"2026-06-11T23:34:21","slug":"tekirdagda-60-kiraz-festivali-basladi","status":"publish","type":"post","link":"https:\/\/turkiyemhaber.com\/?p=3011","title":{"rendered":"Tekirda\u011f&#8217;da 60. Kiraz Festivali Ba\u015flad\u0131"},"content":{"rendered":"\n<p class=\"wp-block-paragraph\">60. Uluslararas\u0131 Kiraz Festivali, renkli etkinliklerle Tekirda\u011f&#8217;da ba\u015flad\u0131 ve 14 Haziran&#8217;a kadar s\u00fcrecek.<\/p>\n\n\n\n<p class=\"wp-block-paragraph\"><a href=\"https:\/\/www.sondakika.com\/tekirdag\/\">Tekirda\u011f<\/a>&#8216;da bu y\u0131l 60&#8217;\u0131nc\u0131s\u0131 d\u00fczenlenen Uluslararas\u0131 Kiraz Festivali, festival ate\u015finin yak\u0131lmas\u0131yla ba\u015flarken, protokol \u00fcyeleri, vatanda\u015flar, motosiklet kul\u00fcpleri ve animasyon ekipleri ana cadde boyunca y\u00fcr\u00fcd\u00fc.<\/p>\n\n\n\n<p class=\"wp-block-paragraph\">Festivalin a\u00e7\u0131l\u0131\u015f program\u0131 muhtevas\u0131nda K\u00f6pr\u00fcba\u015f\u0131 mevkiinde bir araya gelen protokol \u00fcyeleri, vatanda\u015flar, motosiklet kul\u00fcpleri ve animasyon ekipleri, H\u00fck\u00fcmet Caddesi boyunca bando e\u015fli\u011finde y\u00fcr\u00fcy\u00fc\u015f ger\u00e7ekle\u015ftirdi. Renkli g\u00f6r\u00fcnt\u00fclere sahne olan kortejde vatanda\u015flar da 200 metrelik T\u00fcrk bayra\u011f\u0131 ta\u015f\u0131d\u0131. T\u00f6renin devam\u0131nda protokol \u00fcyeleri taraf\u0131ndan festival ate\u015fi yak\u0131larak 60. Uluslararas\u0131 Kiraz Festivali&#8217;nin resmi a\u00e7\u0131l\u0131\u015f\u0131 ger\u00e7ekle\u015ftirildi.<\/p>\n\n\n\n<p class=\"wp-block-paragraph\">Kentin simgelerinden biri haline gelen ve her y\u0131l y\u00fczlerce yerli ve yabanc\u0131 ziyaret\u00e7iyi a\u011f\u0131rlayan Uluslararas\u0131 Kiraz Festivali muhtevas\u0131nda konserler, k\u00fclt\u00fcrel etkinlikler, sergiler, sportif organizasyonlar ve \u00e7e\u015fitli g\u00f6steriler d\u00fczenlenecek.<\/p>\n\n\n\n<p class=\"wp-block-paragraph\">Tekirda\u011f&#8217;\u0131n tan\u0131t\u0131m\u0131na \u00f6nemli katk\u0131 sa\u011flayan festivalin, kent ekonomisine ve turizmine de hareketlilik kazand\u0131rmas\u0131 bekleniyor. Festival etkinlikleri 14 Haziran Pazar g\u00fcn\u00fcne kadar devam edecek. &#8211; TEK\u0130RDA\u011e<\/p>\n","protected":false},"excerpt":{"rendered":"<p>60. Uluslararas\u0131 Kiraz Festivali, renkli etkinliklerle Tekirda\u011f&#8217;da ba\u015flad\u0131 ve 14 Haziran&#8217;a kadar s\u00fcrecek. Tekirda\u011f&#8216;da bu<\/p>\n","protected":false},"author":1,"featured_media":3012,"comment_status":"open","ping_status":"open","sticky":false,"template":"","format":"standard","meta":{"_rtcl_gb_attr":"","footnotes":""},"categories":[1],"tags":[],"class_list":["post-3011","post","type-post","status-publish","format-standard","has-post-thumbnail","hentry","category-http-turkiyemhaber-com-wp-content-uploads-2026-03-saray-59-haber-13-mart-pdf"],"_links":{"self":[{"href":"https:\/\/turkiyemhaber.com\/index.php?rest_route=\/wp\/v2\/posts\/3011","targetHints":{"allow":["GET"]}}],"collection":[{"href":"https:\/\/turkiyemhaber.com\/index.php?rest_route=\/wp\/v2\/posts"}],"about":[{"href":"https:\/\/turkiyemhaber.com\/index.php?rest_route=\/wp\/v2\/types\/post"}],"author":[{"embeddable":true,"href":"https:\/\/turkiyemhaber.com\/index.php?rest_route=\/wp\/v2\/users\/1"}],"replies":[{"embeddable":true,"href":"https:\/\/turkiyemhaber.com\/index.php?rest_route=%2Fwp%2Fv2%2Fcomments&post=3011"}],"version-history":[{"count":1,"href":"https:\/\/turkiyemhaber.com\/index.php?rest_route=\/wp\/v2\/posts\/3011\/revisions"}],"predecessor-version":[{"id":3013,"href":"https:\/\/turkiyemhaber.com\/index.php?rest_route=\/wp\/v2\/posts\/3011\/revisions\/3013"}],"wp:featuredmedia":[{"embeddable":true,"href":"https:\/\/turkiyemhaber.com\/index.php?rest_route=\/wp\/v2\/media\/3012"}],"wp:attachment":[{"href":"https:\/\/turkiyemhaber.com\/index.php?rest_route=%2Fwp%2Fv2%2Fmedia&parent=3011"}],"wp:term":[{"taxonomy":"category","embeddable":true,"href":"https:\/\/turkiyemhaber.com\/index.php?rest_route=%2Fwp%2Fv2%2Fcategories&post=3011"},{"taxonomy":"post_tag","embeddable":true,"href":"https:\/\/turkiyemhaber.com\/index.php?rest_route=%2Fwp%2Fv2%2Ftags&post=3011"}],"curies":[{"name":"wp","href":"https:\/\/api.w.org\/{rel}","templated":true}]}}