{"id":2996,"date":"2026-06-11T23:02:08","date_gmt":"2026-06-11T23:02:08","guid":{"rendered":"https:\/\/turkiyemhaber.com\/?p=2996"},"modified":"2026-06-11T23:02:11","modified_gmt":"2026-06-11T23:02:11","slug":"dunya-kupasi-acilisinda-sahne-alan-shakira-ortaligi-yikip-gecti","status":"publish","type":"post","link":"https:\/\/turkiyemhaber.com\/?p=2996","title":{"rendered":"D\u00fcnya Kupas\u0131 a\u00e7\u0131l\u0131\u015f\u0131nda sahne alan Shakira ortal\u0131\u011f\u0131 y\u0131k\u0131p ge\u00e7ti"},"content":{"rendered":"\n<p class=\"wp-block-paragraph\">Kolombiyal\u0131 \u015fark\u0131c\u0131 Shakira, FIFA D\u00fcnya Kupas\u0131 a\u00e7\u0131l\u0131\u015f t\u00f6reninde sahne alarak bu dev etkinlikte be\u015f kez sahneye \u00e7\u0131kan ilk sanat\u00e7\u0131 oldu.<\/p>\n\n\n\n<p class=\"wp-block-paragraph\">FIFA&nbsp;<a href=\"https:\/\/www.sondakika.com\/dunya-kupasi\/\">D\u00fcnya Kupas\u0131<\/a>&#8216;n\u0131n vazge\u00e7ilmez ismi haline gelen Kolombiyal\u0131 pop y\u0131ld\u0131z\u0131&nbsp;<a href=\"https:\/\/www.sondakika.com\/shakira\/\">Shakira<\/a>, turnuvan\u0131n a\u00e7\u0131l\u0131\u015f t\u00f6reninde sergiledi\u011fi b\u00fcy\u00fcleyici performansla ad\u0131n\u0131 bir kez daha tarihe alt\u0131n harflerle yazd\u0131rd\u0131.&nbsp;D\u00fcnyaca \u00fcnl\u00fc sanat\u00e7\u0131, bu dev etkinlikte be\u015finci kez sahne alarak D\u00fcnya Kupas\u0131 tarihinde bir ilki ba\u015fard\u0131.<\/p>\n\n\n\n<h3 class=\"wp-block-heading\">SHAKIRA ORTALI\u011eI YIKIP GE\u00c7T\u0130<\/h3>\n\n\n\n<p class=\"wp-block-paragraph\"><a href=\"https:\/\/www.sondakika.com\/futbol\/\">Futbol<\/a>&nbsp;d\u00fcnyas\u0131n\u0131n en b\u00fcy\u00fck \u015f\u00f6leni olan FIFA D\u00fcnya Kupas\u0131, a\u00e7\u0131l\u0131\u015f seremonisindeki g\u00f6rsel \u015fovla haf\u0131zalara kaz\u0131nd\u0131. Turnuvan\u0131n a\u00e7\u0131l\u0131\u015f t\u00f6reninde sahneye \u00e7\u0131kan Latin m\u00fczi\u011finin efsane ismi Shakira, enerjik danslar\u0131 ve hit \u015fark\u0131lar\u0131yla milyarlarca izleyiciyi ekran ba\u015f\u0131na kilitledi.<\/p>\n\n\n\n<figure class=\"wp-block-image\"><img decoding=\"async\" src=\"https:\/\/foto.sondakika.com\/haber\/2026\/06\/11\/dunya-kupasi-acilisinda-sahne-19938794-3586_1_m.jpg\" alt=\"D\u00fcnya Kupas\u0131 a\u00e7\u0131l\u0131\u015f\u0131nda sahne alan Shakira ortal\u0131\u011f\u0131 y\u0131k\u0131p ge\u00e7ti\"\/><\/figure>\n\n\n\n<h3 class=\"wp-block-heading\">5. KEZ SAHNE ALARAK TAR\u0130HE GE\u00c7T\u0130<\/h3>\n\n\n\n<p class=\"wp-block-paragraph\">Daha \u00f6nce 2006 Almanya, 2010 G\u00fcney Afrika, 2014 Brezilya ve ard\u0131ndan gelen turnuvalardaki ba\u015far\u0131lar\u0131yla kupa tarihinin simgelerinden biri haline gelen Shakira, bu son performans\u0131yla eri\u015filmesi g\u00fc\u00e7 bir rekorun sahibi oldu. Be\u015f farkl\u0131 D\u00fcnya Kupas\u0131 organizasyonunda sahne alan ilk ve tek sanat\u00e7\u0131 unvan\u0131n\u0131 kazanan Kolombiyal\u0131 y\u0131ld\u0131z, m\u00fczik ve futbolun evrensel ba\u011f\u0131n\u0131 bir kez daha kan\u0131tlad\u0131.<\/p>\n","protected":false},"excerpt":{"rendered":"<p>Kolombiyal\u0131 \u015fark\u0131c\u0131 Shakira, FIFA D\u00fcnya Kupas\u0131 a\u00e7\u0131l\u0131\u015f t\u00f6reninde sahne alarak bu dev etkinlikte be\u015f kez<\/p>\n","protected":false},"author":1,"featured_media":2997,"comment_status":"open","ping_status":"open","sticky":false,"template":"","format":"standard","meta":{"_rtcl_gb_attr":"","footnotes":""},"categories":[41],"tags":[],"class_list":["post-2996","post","type-post","status-publish","format-standard","has-post-thumbnail","hentry","category-magazin"],"_links":{"self":[{"href":"https:\/\/turkiyemhaber.com\/index.php?rest_route=\/wp\/v2\/posts\/2996","targetHints":{"allow":["GET"]}}],"collection":[{"href":"https:\/\/turkiyemhaber.com\/index.php?rest_route=\/wp\/v2\/posts"}],"about":[{"href":"https:\/\/turkiyemhaber.com\/index.php?rest_route=\/wp\/v2\/types\/post"}],"author":[{"embeddable":true,"href":"https:\/\/turkiyemhaber.com\/index.php?rest_route=\/wp\/v2\/users\/1"}],"replies":[{"embeddable":true,"href":"https:\/\/turkiyemhaber.com\/index.php?rest_route=%2Fwp%2Fv2%2Fcomments&post=2996"}],"version-history":[{"count":1,"href":"https:\/\/turkiyemhaber.com\/index.php?rest_route=\/wp\/v2\/posts\/2996\/revisions"}],"predecessor-version":[{"id":2998,"href":"https:\/\/turkiyemhaber.com\/index.php?rest_route=\/wp\/v2\/posts\/2996\/revisions\/2998"}],"wp:featuredmedia":[{"embeddable":true,"href":"https:\/\/turkiyemhaber.com\/index.php?rest_route=\/wp\/v2\/media\/2997"}],"wp:attachment":[{"href":"https:\/\/turkiyemhaber.com\/index.php?rest_route=%2Fwp%2Fv2%2Fmedia&parent=2996"}],"wp:term":[{"taxonomy":"category","embeddable":true,"href":"https:\/\/turkiyemhaber.com\/index.php?rest_route=%2Fwp%2Fv2%2Fcategories&post=2996"},{"taxonomy":"post_tag","embeddable":true,"href":"https:\/\/turkiyemhaber.com\/index.php?rest_route=%2Fwp%2Fv2%2Ftags&post=2996"}],"curies":[{"name":"wp","href":"https:\/\/api.w.org\/{rel}","templated":true}]}}