{"id":2986,"date":"2026-06-11T19:25:11","date_gmt":"2026-06-11T19:25:11","guid":{"rendered":"https:\/\/turkiyemhaber.com\/?p=2986"},"modified":"2026-06-11T19:38:41","modified_gmt":"2026-06-11T19:38:41","slug":"tekirdag-kiraz-festivali-bir-sehrin-asirlik-tutkusu-60-yili-gorkemli-bir-sekilde-basladi","status":"publish","type":"post","link":"https:\/\/turkiyemhaber.com\/?p=2986","title":{"rendered":"Tekirda\u011f Kiraz Festivali: Bir \u015eehrin As\u0131rl\u0131k Tutkusu 60.Y\u0131l\u0131 g\u00f6rkemli bir \u015fekilde ba\u015flad\u0131."},"content":{"rendered":"\n<p class=\"wp-block-paragraph\">Tekirda\u011f\u2019\u0131n k\u00fclt\u00fcrel kimli\u011fi ile \u00f6zde\u015fle\u015fen&nbsp;<strong>Uluslararas\u0131 Tekirda\u011f Kiraz Festivali<\/strong>, sadece bir meyve hasad\u0131 de\u011fil, ayn\u0131 zamanda \u015fehrin tarihsel miras\u0131, sosyal dayan\u0131\u015fmas\u0131 ve bahar\u0131 u\u011furlay\u0131p yaz\u0131 kar\u015f\u0131lama co\u015fkusudur.<\/p>\n\n\n\n<h3 class=\"wp-block-heading\">Tarihsel S\u00fcre\u00e7 ve Geli\u015fim<\/h3>\n\n\n\n<p class=\"wp-block-paragraph\">Festivalin k\u00f6kleri, resmi olarak 1960\u2019l\u0131 y\u0131llara dayand\u0131r\u0131lsa da, Tekirda\u011f halk\u0131n\u0131n \u201cKiraz Bayram\u0131\u201d kutlamalar\u0131 1930\u2019lu y\u0131llara kadar uzanan bir ge\u00e7mi\u015fe sahiptir. O d\u00f6nemde festivaller, g\u00fcn\u00fcm\u00fczdeki dev sahnelerden ziyade halk\u0131n ba\u011flarda, bah\u00e7elerde ve \u0130smail Yaz\u0131c\u0131 Mesiresi gibi do\u011fa ile i\u00e7 i\u00e7e alanlarda kurdu\u011fu sofralarla, bir k\u0131r \u015fenli\u011fi havas\u0131nda kutlan\u0131rd\u0131.<\/p>\n\n\n\n<ul class=\"wp-block-list\">\n<li><strong>\u201cKiraz C\u00fcmb\u00fc\u015f\u00fc\u201d D\u00f6nemi (1961-1964):<\/strong>&nbsp;Modern festival s\u00fcreci, 1961 y\u0131l\u0131nda Naip K\u00f6y\u00fc\u2019nde, b\u00f6lgenin e\u015fsiz kirazlar\u0131n\u0131 onurland\u0131rmak amac\u0131yla ba\u015flat\u0131lan \u201cKiraz C\u00fcmb\u00fc\u015f\u00fc\u201d ile filizlenmi\u015ftir. Bu d\u00f6nemde halk, kiraz bah\u00e7elerinde bir araya gelir; t\u00fcrk\u00fcler ve maniler e\u015fli\u011finde e\u011flenirdi.<\/li>\n\n\n\n<li><strong>Festivale D\u00f6n\u00fc\u015f\u00fcm (1964):<\/strong>&nbsp;1964 y\u0131l\u0131nda, d\u00f6nemin valisi Kadir Demirel\u2019in giri\u015fimleriyle \u201cKiraz C\u00fcmb\u00fc\u015f\u00fc\u201d ismi \u201cKiraz Bayram\u0131\u201dna d\u00f6n\u00fc\u015ft\u00fcr\u00fclm\u00fc\u015f ve kurumsal bir festivale evrilmi\u015ftir.<\/li>\n\n\n\n<li><strong>Uluslararas\u0131 Kimlik:<\/strong>&nbsp;Y\u0131llar i\u00e7erisinde yerel bir bayram olman\u0131n \u00f6tesine ge\u00e7en etkinlik, kapsam\u0131n\u0131 geni\u015fleterek \u201cUluslararas\u0131 Tekirda\u011f Kiraz Festivali\u201d ismini alm\u0131\u015f ve d\u00fcnyan\u0131n d\u00f6rt bir yan\u0131ndan kat\u0131l\u0131mc\u0131lar\u0131 a\u011f\u0131rlamaya ba\u015flam\u0131\u015ft\u0131r.<\/li>\n<\/ul>\n\n\n\n<h3 class=\"wp-block-heading\">G\u00fcn\u00fcm\u00fczde Festival<\/h3>\n\n\n\n<p class=\"wp-block-paragraph\">G\u00fcn\u00fcm\u00fczde festival, haziran ay\u0131nda Tekirda\u011f\u2019\u0131n sahil dolgu alanlar\u0131 ve kent meydanlar\u0131nda b\u00fcy\u00fck bir co\u015fkuyla ger\u00e7ekle\u015fmektedir. Modern festivalin ba\u015fl\u0131ca unsurlar\u0131 \u015funlard\u0131r:<\/p>\n\n\n\n<ul class=\"wp-block-list\">\n<li><strong>Kiraz Yar\u0131\u015fmalar\u0131:<\/strong>&nbsp;Festivalin en k\u00f6kl\u00fc gelene\u011fi, en kaliteli ve lezzetli kirazlar\u0131n se\u00e7ildi\u011fi yar\u0131\u015fmalard\u0131r. Bu yar\u0131\u015fmalar, \u00fcreticileri te\u015fvik ederek Tekirda\u011f kiraz\u0131n\u0131n marka de\u011ferini korumaktad\u0131r.<\/li>\n\n\n\n<li><strong>K\u00fclt\u00fcrel ve Sanatsal Etkinlikler:<\/strong>&nbsp;Kortej y\u00fcr\u00fcy\u00fc\u015fleri, konserler, sergiler ve havai fi\u015fek g\u00f6sterileri ile \u015fehir adeta bir karnaval alan\u0131na d\u00f6n\u00fc\u015fmektedir.<\/li>\n\n\n\n<li><strong>Toplumsal Ba\u011f:<\/strong>&nbsp;Festival, Tekirda\u011fl\u0131lar i\u00e7in bir araya gelme, k\u00fclt\u00fcrel de\u011ferleri payla\u015fma ve kom\u015fuluk ili\u015fkilerini peki\u015ftirme vesilesidir. \u015eair Arif Nihat Asya\u2019n\u0131n&nbsp;<em>\u201cBizim buralarda kiraza \u00e7\u0131kmayan k\u0131z\u0131 almazlar\u201d<\/em>&nbsp;dizeleriyle \u00f6l\u00fcms\u00fczle\u015ftirdi\u011fi kiraz, Tekirda\u011f\u2019\u0131n hem lezzet simgesi hem de ortak paydas\u0131d\u0131r.<\/li>\n<\/ul>\n\n\n\n<p class=\"wp-block-paragraph\">Bug\u00fcn, 60 y\u0131la ula\u015fan kurumsal ge\u00e7mi\u015fiyle bu festival, b\u00f6lgenin tar\u0131msal ekonomisine katk\u0131 sa\u011flarken, yerel k\u00fclt\u00fcr\u00fc gelecek nesillere aktarmada kritik bir rol oynamaya devam etmektedir.<\/p>\n\n\n\n<h2 class=\"wp-block-heading\">60. Uluslararas\u0131 Tekirda\u011f Kiraz Festivali Ba\u015flad\u0131<\/h2>\n\n\n\n<p class=\"wp-block-paragraph\">Gelenekselle\u015fen&nbsp;<strong>60. Uluslararas\u0131 Tekirda\u011f Kiraz Festivali<\/strong>, b\u00fcy\u00fck bir co\u015fku ve g\u00f6rkemli etkinliklerle ba\u015flad\u0131. D\u00f6rt g\u00fcn s\u00fcrecek olan festival, 11 Haziran Per\u015fembe g\u00fcn\u00fc saat 16.00\u2019da Naip Mahallesi\u2019nde yap\u0131lan a\u00e7\u0131l\u0131\u015f program\u0131yla start ald\u0131.<\/p>\n\n\n\n<h3 class=\"wp-block-heading\">Festivalin \u0130lk G\u00fcn\u00fc ve Resmi A\u00e7\u0131l\u0131\u015f<\/h3>\n\n\n\n<p class=\"wp-block-paragraph\">Festival co\u015fkusu, saat 18.00\u2019de K\u00f6pr\u00fcba\u015f\u0131\u2019ndan ba\u015flayan geleneksel festival korteji ile \u015fehir merkezine ta\u015f\u0131nd\u0131. Ard\u0131ndan saat 19.00\u2019da Valilik \u00f6n\u00fcnde d\u00fczenlenen \u00e7elenk sunma t\u00f6reni ve festival ate\u015finin yak\u0131lmas\u0131yla etkinlikler resmen ba\u015flat\u0131ld\u0131. S\u00fcleymanpa\u015fa Belediye Ba\u015fkan\u0131 Volkan Nallar\u2019\u0131n yapt\u0131\u011f\u0131 a\u00e7\u0131l\u0131\u015f konu\u015fmas\u0131, kat\u0131l\u0131mc\u0131lar taraf\u0131ndan ilgiyle dinlenirken duygusal anlara sahne oldu.<\/p>\n\n\n\n<figure class=\"wp-block-video\"><video height=\"850\" style=\"aspect-ratio: 478 \/ 850;\" width=\"478\" controls src=\"https:\/\/turkiyemhaber.com\/wp-content\/uploads\/2026\/06\/WhatsApp-Video-2026-06-11-at-21.32.54.mp4\"><\/video><\/figure>\n\n\n\n<figure class=\"wp-block-image\"><img decoding=\"async\" src=\"https:\/\/turkiyemhabertv.com\/wp-content\/uploads\/2026\/06\/tekirdag-kiraz-festivali-1-1024x576.webp\" alt=\"\" class=\"wp-image-358\"\/><\/figure>\n\n\n\n<h3 class=\"wp-block-heading\">Konser Program\u0131 ve Etkinlikler<\/h3>\n\n\n\n<p class=\"wp-block-paragraph\">Sunuculu\u011funu&nbsp;<strong>Do\u011fukan Alsay<\/strong>\u2018\u0131n \u00fcstlendi\u011fi festivalde; Tekirda\u011f T\u00fcrk Halk M\u00fczi\u011fi Sevenler Korosu, Ritmi Ahenk, Burhan \u00d6\u00e7al &amp; Trakya All Stars gibi de\u011ferli isimlerin yan\u0131 s\u0131ra sevilen sanat\u00e7\u0131lar sahne alacak. D\u00f6rt g\u00fcn boyunca devam edecek konser program\u0131 ise \u015fu \u015fekildedir:<\/p>\n\n\n\n<ul class=\"wp-block-list\">\n<li><strong>12 Haziran Cuma:<\/strong>\n<ul class=\"wp-block-list\">\n<li>21.00: Poizi<\/li>\n\n\n\n<li>22.30: Merve \u00d6zbey<\/li>\n<\/ul>\n<\/li>\n\n\n\n<li><strong>13 Haziran Cumartesi:<\/strong>\n<ul class=\"wp-block-list\">\n<li>19.30: Kalman Balogh Gypsy Cimbalom Band<\/li>\n\n\n\n<li>21.00: Kolpa<\/li>\n\n\n\n<li>22.30: Buray<\/li>\n<\/ul>\n<\/li>\n\n\n\n<li><strong>14 Haziran Pazar:<\/strong>\n<ul class=\"wp-block-list\">\n<li>21.00: Sakiler<\/li>\n\n\n\n<li>22.30: Demet Akal\u0131n<\/li>\n<\/ul>\n<\/li>\n<\/ul>\n\n\n\n<h3 class=\"wp-block-heading\">K\u00fclt\u00fcrel Bulu\u015fma<\/h3>\n\n\n\n<p class=\"wp-block-paragraph\">Konserlerin yan\u0131 s\u0131ra k\u00fclt\u00fcrel g\u00f6steriler, sergiler ve geleneksel kiraz yar\u0131\u015fmalar\u0131yla zenginle\u015ftirilen festivalin, binlerce ziyaret\u00e7iyi Tekirda\u011f\u2019da bir araya getirmesi bekleniyor. \u015eehrin sosyal ve k\u00fclt\u00fcrel ya\u015fam\u0131na b\u00fcy\u00fck renk katan 60. Tekirda\u011f Kiraz Festivali, 14 Haziran Pazar ak\u015fam\u0131na kadar t\u00fcm ziyaret\u00e7ilerini a\u011f\u0131rlamaya devam edecek.<\/p>\n\n\n\n<figure class=\"wp-block-image\"><img decoding=\"async\" src=\"https:\/\/turkiyemhabertv.com\/wp-content\/uploads\/2026\/06\/WhatsApp-Image-2026-06-11-at-21.32.05-4-1024x461.jpeg\" alt=\"\" class=\"wp-image-354\"\/><\/figure>\n\n\n\n<figure class=\"wp-block-image\"><img decoding=\"async\" src=\"https:\/\/turkiyemhabertv.com\/wp-content\/uploads\/2026\/06\/WhatsApp-Image-2026-06-11-at-21.32.04-1-1024x461.jpeg\" alt=\"\" class=\"wp-image-356\"\/><\/figure>\n\n\n\n<figure class=\"wp-block-image\"><img decoding=\"async\" src=\"https:\/\/turkiyemhabertv.com\/wp-content\/uploads\/2026\/06\/WhatsApp-Image-2026-06-11-at-21.28.58-1-1024x576.jpeg\" alt=\"\" class=\"wp-image-357\"\/><\/figure>\n","protected":false},"excerpt":{"rendered":"<p>Tekirda\u011f\u2019\u0131n k\u00fclt\u00fcrel kimli\u011fi ile \u00f6zde\u015fle\u015fen&nbsp;Uluslararas\u0131 Tekirda\u011f Kiraz Festivali, sadece bir meyve hasad\u0131 de\u011fil, ayn\u0131 zamanda<\/p>\n","protected":false},"author":1,"featured_media":2991,"comment_status":"open","ping_status":"open","sticky":false,"template":"","format":"standard","meta":{"_rtcl_gb_attr":"","footnotes":""},"categories":[1],"tags":[],"class_list":["post-2986","post","type-post","status-publish","format-standard","has-post-thumbnail","hentry","category-http-turkiyemhaber-com-wp-content-uploads-2026-03-saray-59-haber-13-mart-pdf"],"_links":{"self":[{"href":"https:\/\/turkiyemhaber.com\/index.php?rest_route=\/wp\/v2\/posts\/2986","targetHints":{"allow":["GET"]}}],"collection":[{"href":"https:\/\/turkiyemhaber.com\/index.php?rest_route=\/wp\/v2\/posts"}],"about":[{"href":"https:\/\/turkiyemhaber.com\/index.php?rest_route=\/wp\/v2\/types\/post"}],"author":[{"embeddable":true,"href":"https:\/\/turkiyemhaber.com\/index.php?rest_route=\/wp\/v2\/users\/1"}],"replies":[{"embeddable":true,"href":"https:\/\/turkiyemhaber.com\/index.php?rest_route=%2Fwp%2Fv2%2Fcomments&post=2986"}],"version-history":[{"count":2,"href":"https:\/\/turkiyemhaber.com\/index.php?rest_route=\/wp\/v2\/posts\/2986\/revisions"}],"predecessor-version":[{"id":2990,"href":"https:\/\/turkiyemhaber.com\/index.php?rest_route=\/wp\/v2\/posts\/2986\/revisions\/2990"}],"wp:featuredmedia":[{"embeddable":true,"href":"https:\/\/turkiyemhaber.com\/index.php?rest_route=\/wp\/v2\/media\/2991"}],"wp:attachment":[{"href":"https:\/\/turkiyemhaber.com\/index.php?rest_route=%2Fwp%2Fv2%2Fmedia&parent=2986"}],"wp:term":[{"taxonomy":"category","embeddable":true,"href":"https:\/\/turkiyemhaber.com\/index.php?rest_route=%2Fwp%2Fv2%2Fcategories&post=2986"},{"taxonomy":"post_tag","embeddable":true,"href":"https:\/\/turkiyemhaber.com\/index.php?rest_route=%2Fwp%2Fv2%2Ftags&post=2986"}],"curies":[{"name":"wp","href":"https:\/\/api.w.org\/{rel}","templated":true}]}}