{"id":2981,"date":"2026-06-10T21:29:53","date_gmt":"2026-06-10T21:29:53","guid":{"rendered":"https:\/\/turkiyemhaber.com\/?p=2981"},"modified":"2026-06-10T21:29:56","modified_gmt":"2026-06-10T21:29:56","slug":"tekirdagin-corlu-ilcesinde-yolun-karsisina-gecmeye-calisan-rabia-celil-15-otomobilin-carpmasi-sonucu-yasamini-yitirdi","status":"publish","type":"post","link":"https:\/\/turkiyemhaber.com\/?p=2981","title":{"rendered":"TEK\u0130RDA\u011e&#8217;\u0131n \u00c7orlu il\u00e7esinde, yolun kar\u015f\u0131s\u0131na ge\u00e7meye \u00e7al\u0131\u015fan Rabia Celil (15), otomobilin \u00e7arpmas\u0131 sonucu ya\u015fam\u0131n\u0131 yitirdi."},"content":{"rendered":"\n<p class=\"wp-block-paragraph\">Kaza, saat 18.30 s\u0131ralar\u0131nda Ergene-\u00c7orlu \u00e7evre yolunda meydana geldi. Yolun kar\u015f\u0131s\u0131na ge\u00e7meye \u00e7al\u0131\u015fan Rabia Celil\u2019e, O.\u00c7.(24) y\u00f6netimindeki 59 APD 086 plakal\u0131 otomobil \u00e7arpt\u0131. \u00c7arpman\u0131n \u015fiddetiyle gen\u00e7 k\u0131z, yol kenar\u0131na savruldu. \u0130hbar \u00fczerine b\u00f6lgeye sa\u011fl\u0131k ve polis ekipleri sevk edildi. Sa\u011fl\u0131k ekibinin yapt\u0131\u011f\u0131 kontrolde, Rabia Celil\u2019in hayat\u0131n\u0131 kaybetti\u011fi belirlendi. Kaza yerine gelen Celil&#8217;in yak\u0131nlar\u0131 b\u00fcy\u00fck \u00fcz\u00fcnt\u00fc ya\u015farken, anne ve babas\u0131 sinir krizi ge\u00e7irip, rahats\u0131zland\u0131. Celil&#8217;in cans\u0131z bedeni, kaza yerinde yap\u0131lan incelemenin ard\u0131ndan otopsi i\u00e7in \u00c7orlu Devlet Hastanesi&#8217;nin morguna kald\u0131r\u0131ld\u0131<\/p>\n\n\n\n<p class=\"wp-block-paragraph\">S\u00fcr\u00fcc\u00fc O.\u00c7.&#8217;yi g\u00f6zalt\u0131na alan polis, kazayla ilgili soru\u015fturmaya devam ediyor.<\/p>\n\n\n\n<figure class=\"wp-block-video\"><video height=\"1350\" style=\"aspect-ratio: 1080 \/ 1350;\" width=\"1080\" controls src=\"http:\/\/turkiyemhaber.com\/wp-content\/uploads\/2026\/06\/Siyah-Beyaz-ve-Kirmizi-Metin-Odakli-ve-Modern-6-Subat-Depremi-Bas-Sagligi-Instagram-Gonderisi-1.mp4\"><\/video><\/figure>\n","protected":false},"excerpt":{"rendered":"<p>Kaza, saat 18.30 s\u0131ralar\u0131nda Ergene-\u00c7orlu \u00e7evre yolunda meydana geldi. Yolun kar\u015f\u0131s\u0131na ge\u00e7meye \u00e7al\u0131\u015fan Rabia Celil\u2019e,<\/p>\n","protected":false},"author":1,"featured_media":2983,"comment_status":"open","ping_status":"open","sticky":false,"template":"","format":"standard","meta":{"_rtcl_gb_attr":"","footnotes":""},"categories":[43],"tags":[],"class_list":["post-2981","post","type-post","status-publish","format-standard","has-post-thumbnail","hentry","category-son-dakika"],"_links":{"self":[{"href":"https:\/\/turkiyemhaber.com\/index.php?rest_route=\/wp\/v2\/posts\/2981","targetHints":{"allow":["GET"]}}],"collection":[{"href":"https:\/\/turkiyemhaber.com\/index.php?rest_route=\/wp\/v2\/posts"}],"about":[{"href":"https:\/\/turkiyemhaber.com\/index.php?rest_route=\/wp\/v2\/types\/post"}],"author":[{"embeddable":true,"href":"https:\/\/turkiyemhaber.com\/index.php?rest_route=\/wp\/v2\/users\/1"}],"replies":[{"embeddable":true,"href":"https:\/\/turkiyemhaber.com\/index.php?rest_route=%2Fwp%2Fv2%2Fcomments&post=2981"}],"version-history":[{"count":1,"href":"https:\/\/turkiyemhaber.com\/index.php?rest_route=\/wp\/v2\/posts\/2981\/revisions"}],"predecessor-version":[{"id":2984,"href":"https:\/\/turkiyemhaber.com\/index.php?rest_route=\/wp\/v2\/posts\/2981\/revisions\/2984"}],"wp:featuredmedia":[{"embeddable":true,"href":"https:\/\/turkiyemhaber.com\/index.php?rest_route=\/wp\/v2\/media\/2983"}],"wp:attachment":[{"href":"https:\/\/turkiyemhaber.com\/index.php?rest_route=%2Fwp%2Fv2%2Fmedia&parent=2981"}],"wp:term":[{"taxonomy":"category","embeddable":true,"href":"https:\/\/turkiyemhaber.com\/index.php?rest_route=%2Fwp%2Fv2%2Fcategories&post=2981"},{"taxonomy":"post_tag","embeddable":true,"href":"https:\/\/turkiyemhaber.com\/index.php?rest_route=%2Fwp%2Fv2%2Ftags&post=2981"}],"curies":[{"name":"wp","href":"https:\/\/api.w.org\/{rel}","templated":true}]}}