{"id":2978,"date":"2026-06-10T21:11:28","date_gmt":"2026-06-10T21:11:28","guid":{"rendered":"https:\/\/turkiyemhaber.com\/?p=2978"},"modified":"2026-06-10T21:11:31","modified_gmt":"2026-06-10T21:11:31","slug":"toplu-tasimada-mide-bulandiran-olay-once-dovduler-sonra-polise-teslim-ettiler","status":"publish","type":"post","link":"https:\/\/turkiyemhaber.com\/?p=2978","title":{"rendered":"Toplu ta\u015f\u0131mada mide buland\u0131ran olay: \u00d6nce d\u00f6vd\u00fcler, sonra polise teslim ettiler"},"content":{"rendered":"\n<p class=\"wp-block-paragraph\">\u0130stanbul Sultangazi\u2019de toplu ta\u015f\u0131ma arac\u0131nda bir gen\u00e7 k\u0131z\u0131 taciz etti\u011fi iddias\u0131yla vatanda\u015flar taraf\u0131ndan yakalanarak ara\u00e7tan indirilen ve ard\u0131ndan darbedilen \u015f\u00fcpheli, olay yerine sevk edilen polis ekiplerine teslim edildi. O anlar, cep telefonu kameras\u0131na yans\u0131d\u0131.<\/p>\n\n\n\n<p class=\"wp-block-paragraph\"><a href=\"https:\/\/www.sondakika.com\/istanbul\/\">\u0130stanbul<\/a>&#8216;un&nbsp;<a href=\"https:\/\/www.sondakika.com\/sultangazi\/\">Sultangazi<\/a>&nbsp;il\u00e7esinde, seyir halindeki bir toplu ta\u015f\u0131ma arac\u0131nda infial yaratan bir olay ya\u015fand\u0131.<\/p>\n\n\n\n<h3 class=\"wp-block-heading\">\u00d6NCE D\u00d6VD\u00dcLER, SONRA POL\u0130SE TESL\u0130M ETT\u0130LER<\/h3>\n\n\n\n<p class=\"wp-block-paragraph\">Ara\u00e7ta yolculuk eden bir \u015fahs\u0131n, gen\u00e7 bir kad\u0131n\u0131 taciz etti\u011fi ileri s\u00fcr\u00fcld\u00fc. Durumu fark eden ve di\u011fer yolcular, \u015fahsa an\u0131nda m\u00fcdahalede bulunarak ka\u00e7mas\u0131na izin vermedi. \u00d6fke dolu anlar\u0131n ya\u015fand\u0131\u011f\u0131 olayda vatanda\u015flar, taciz \u015f\u00fcphelisini yaka pa\u00e7a ara\u00e7tan indirdi. Ara\u00e7 d\u0131\u015f\u0131na \u00e7\u0131kar\u0131ld\u0131ktan sonra \u00e7evredekiler taraf\u0131ndan darbedilen \u015fah\u0131s, daha sonras\u0131na ise polis ekiplerine teslim edildi.<\/p>\n\n\n\n<h3 class=\"wp-block-heading\">O ANLAR KAMERADA<\/h3>\n\n\n\n<p class=\"wp-block-paragraph\">O anlar, cep telefonu kameras\u0131yla saniye saniye kaydedildi. Sosyal medyada payla\u015f\u0131lan g\u00f6r\u00fcnt\u00fcler k\u0131sa s\u00fcrede b\u00fcy\u00fck yank\u0131 uyand\u0131rd\u0131.<\/p>\n","protected":false},"excerpt":{"rendered":"<p>\u0130stanbul Sultangazi\u2019de toplu ta\u015f\u0131ma arac\u0131nda bir gen\u00e7 k\u0131z\u0131 taciz etti\u011fi iddias\u0131yla vatanda\u015flar taraf\u0131ndan yakalanarak ara\u00e7tan<\/p>\n","protected":false},"author":1,"featured_media":2979,"comment_status":"open","ping_status":"open","sticky":false,"template":"","format":"standard","meta":{"_rtcl_gb_attr":"","footnotes":""},"categories":[1],"tags":[],"class_list":["post-2978","post","type-post","status-publish","format-standard","has-post-thumbnail","hentry","category-http-turkiyemhaber-com-wp-content-uploads-2026-03-saray-59-haber-13-mart-pdf"],"_links":{"self":[{"href":"https:\/\/turkiyemhaber.com\/index.php?rest_route=\/wp\/v2\/posts\/2978","targetHints":{"allow":["GET"]}}],"collection":[{"href":"https:\/\/turkiyemhaber.com\/index.php?rest_route=\/wp\/v2\/posts"}],"about":[{"href":"https:\/\/turkiyemhaber.com\/index.php?rest_route=\/wp\/v2\/types\/post"}],"author":[{"embeddable":true,"href":"https:\/\/turkiyemhaber.com\/index.php?rest_route=\/wp\/v2\/users\/1"}],"replies":[{"embeddable":true,"href":"https:\/\/turkiyemhaber.com\/index.php?rest_route=%2Fwp%2Fv2%2Fcomments&post=2978"}],"version-history":[{"count":1,"href":"https:\/\/turkiyemhaber.com\/index.php?rest_route=\/wp\/v2\/posts\/2978\/revisions"}],"predecessor-version":[{"id":2980,"href":"https:\/\/turkiyemhaber.com\/index.php?rest_route=\/wp\/v2\/posts\/2978\/revisions\/2980"}],"wp:featuredmedia":[{"embeddable":true,"href":"https:\/\/turkiyemhaber.com\/index.php?rest_route=\/wp\/v2\/media\/2979"}],"wp:attachment":[{"href":"https:\/\/turkiyemhaber.com\/index.php?rest_route=%2Fwp%2Fv2%2Fmedia&parent=2978"}],"wp:term":[{"taxonomy":"category","embeddable":true,"href":"https:\/\/turkiyemhaber.com\/index.php?rest_route=%2Fwp%2Fv2%2Fcategories&post=2978"},{"taxonomy":"post_tag","embeddable":true,"href":"https:\/\/turkiyemhaber.com\/index.php?rest_route=%2Fwp%2Fv2%2Ftags&post=2978"}],"curies":[{"name":"wp","href":"https:\/\/api.w.org\/{rel}","templated":true}]}}