{"id":2969,"date":"2026-06-10T20:58:41","date_gmt":"2026-06-10T20:58:41","guid":{"rendered":"https:\/\/turkiyemhaber.com\/?p=2969"},"modified":"2026-06-10T20:58:45","modified_gmt":"2026-06-10T20:58:45","slug":"netflix-turk-ogretmene-2-milyon-tl-tazminat-odeyecek","status":"publish","type":"post","link":"https:\/\/turkiyemhaber.com\/?p=2969","title":{"rendered":"Netflix, T\u00fcrk \u00f6\u011fretmene 2 milyon TL tazminat \u00f6deyecek"},"content":{"rendered":"\n<p class=\"wp-block-paragraph\">Kamuoyunda &#8220;Matemati\u011fin G\u00fcler Y\u00fcz\u00fc&#8221; olarak tan\u0131nan pop\u00fcler matematik \u00f6\u011fretmeni Mustafa G\u00fcler&#8217;in, dijital yay\u0131n devi Netflix&#8217;e kar\u015f\u0131 a\u00e7t\u0131\u011f\u0131 dava sonu\u00e7land\u0131. Mahkeme, Netflix&#8217;in g\u00f6r\u00fcnt\u00fclerini izinsiz kullan\u0131ld\u0131\u011f\u0131 gerek\u00e7esiyle G\u00fcler&#8217;e toplam 1 milyon 950 bin TL tazminat \u00f6demesine h\u00fckmetti.<\/p>\n\n\n\n<p class=\"wp-block-paragraph\">Sosyal medyada \u00fcretti\u011fi e\u011fitim i\u00e7erikleriyle geni\u015f bir kitleye ula\u015fan ve &#8220;Matemati\u011fin G\u00fcler Y\u00fcz\u00fc&#8221; olarak tan\u0131nan \u00f6\u011fretmen Mustafa G\u00fcler\u2019in, k\u00fcresel dijital yay\u0131n platformu Netflix ile yakla\u015f\u0131k \u00fc\u00e7 y\u0131ld\u0131r s\u00fcrd\u00fcrd\u00fc\u011f\u00fc telif hakk\u0131 m\u00fccadelesinde nihai karar \u00e7\u0131kt\u0131.<\/p>\n\n\n\n<p class=\"wp-block-paragraph\">Ankara 4. Fikri ve S\u0131nai Haklar&nbsp;<a href=\"https:\/\/www.sondakika.com\/hukuk\/\">Hukuk<\/a>&nbsp;Mahkemesi\u2019nde g\u00f6r\u00fclen davan\u0131n 8. celsesinde mahkeme heyeti, davan\u0131n k\u0131smen kabul\u00fcne karar vererek Netflix&#8217;i mahkum etti.<\/p>\n\n\n\n<h3 class=\"wp-block-heading\">YAKLA\u015eIK 2 M\u0130LYON TL TAZM\u0130NAT \u00d6DENECEK<\/h3>\n\n\n\n<p class=\"wp-block-paragraph\">Bilirki\u015fi raporlar\u0131 ve mahkeme incelemeleri sonucunda, dijital platformun Mustafa G\u00fcler&#8217;e ait g\u00f6r\u00fcnt\u00fcleri izinsiz kullan\u0131ld\u0131\u011f\u0131 tescillendi.<\/p>\n\n\n\n<p class=\"wp-block-paragraph\">Bililirki\u015fi raporuyla tespit edilen ve \u0131slah yoluyla art\u0131r\u0131lan 1 milyon 800 bin TL tutar\u0131ndaki telif tazminat\u0131n\u0131n, 2 May\u0131s 2023 tarihinden itibaren i\u015fleyecek avans faiziyle birlikte Netflix&#8217;ten tahsil edilmesine karar verildi. G\u00fcler&#8217;in u\u011frad\u0131\u011f\u0131 manevi zarar i\u00e7in takdir edilen 150 bin TL manevi tazminat\u0131n da yine ayn\u0131 tarihten itibaren i\u015fleyecek avans faiziyle davac\u0131ya \u00f6denmesine h\u00fckmedildi.<\/p>\n\n\n\n<p class=\"wp-block-paragraph\">Taraflar\u0131n y\u00fcz\u00fcne okunan bu karara kar\u015f\u0131, Netflix&#8217;in 2 hafta i\u00e7inde Ankara B\u00f6lge Adliye Mahkemesi&#8217;ne istinaf ba\u015fvurusunda bulunma hakk\u0131 bulunuyor.<\/p>\n\n\n\n<figure class=\"wp-block-image\"><img decoding=\"async\" src=\"https:\/\/foto.sondakika.com\/haber\/2026\/06\/10\/netflix-turk-ogretmene-2-milyo-19934681-2702_1_m.jpg\" alt=\"Netflix, T\u00fcrk \u00f6\u011fretmene 2 milyon TL tazminat \u00f6deyecek\"\/><\/figure>\n\n\n\n<h3 class=\"wp-block-heading\">G\u00dcLER: EMEK VEREN, \u00dcRETEN VE HAKKINI HUKUK YOLUYLA ARAYAN HERKES ADINA ANLAMLI B\u0130R GEL\u0130\u015eME<\/h3>\n\n\n\n<p class=\"wp-block-paragraph\">Kazand\u0131\u011f\u0131 b\u00fcy\u00fck hukuk zaferinin ard\u0131ndan yaz\u0131l\u0131 bir bas\u0131n a\u00e7\u0131klamas\u0131 yapan Mustafa G\u00fcler, bu davan\u0131n sadece \u015fahsi bir mesele olmad\u0131\u011f\u0131n\u0131, t\u00fcm i\u00e7erik \u00fcreticileri i\u00e7in emsal niteli\u011fi ta\u015f\u0131d\u0131\u011f\u0131n\u0131 belirterek \u015fu ifadeleri kulland\u0131: &#8220;Yakla\u015f\u0131k \u00fc\u00e7 y\u0131ld\u0131r s\u00fcrd\u00fcrd\u00fc\u011f\u00fcm bu hukuk m\u00fccadelesinde; eme\u011fin, fikr\u00ee \u00fcretimin ve bireysel haklar\u0131n korunmas\u0131 ad\u0131na \u00f6nemli bir karar verilmi\u015f olmas\u0131n\u0131 son derece de\u011ferli buluyorum. Ba\u015f\u0131ndan beri hukuka ve adalet mekanizmas\u0131na olan g\u00fcvenimi korudum. Verilen karar\u0131n; emek veren, \u00fcreten ve hakk\u0131n\u0131 hukuk yoluyla arayan herkes ad\u0131na anlaml\u0131 bir geli\u015fme oldu\u011funa inan\u0131yorum.&#8221;<\/p>\n","protected":false},"excerpt":{"rendered":"<p>Kamuoyunda &#8220;Matemati\u011fin G\u00fcler Y\u00fcz\u00fc&#8221; olarak tan\u0131nan pop\u00fcler matematik \u00f6\u011fretmeni Mustafa G\u00fcler&#8217;in, dijital yay\u0131n devi Netflix&#8217;e<\/p>\n","protected":false},"author":1,"featured_media":2970,"comment_status":"open","ping_status":"open","sticky":false,"template":"","format":"standard","meta":{"_rtcl_gb_attr":"","footnotes":""},"categories":[1],"tags":[],"class_list":["post-2969","post","type-post","status-publish","format-standard","has-post-thumbnail","hentry","category-http-turkiyemhaber-com-wp-content-uploads-2026-03-saray-59-haber-13-mart-pdf"],"_links":{"self":[{"href":"https:\/\/turkiyemhaber.com\/index.php?rest_route=\/wp\/v2\/posts\/2969","targetHints":{"allow":["GET"]}}],"collection":[{"href":"https:\/\/turkiyemhaber.com\/index.php?rest_route=\/wp\/v2\/posts"}],"about":[{"href":"https:\/\/turkiyemhaber.com\/index.php?rest_route=\/wp\/v2\/types\/post"}],"author":[{"embeddable":true,"href":"https:\/\/turkiyemhaber.com\/index.php?rest_route=\/wp\/v2\/users\/1"}],"replies":[{"embeddable":true,"href":"https:\/\/turkiyemhaber.com\/index.php?rest_route=%2Fwp%2Fv2%2Fcomments&post=2969"}],"version-history":[{"count":1,"href":"https:\/\/turkiyemhaber.com\/index.php?rest_route=\/wp\/v2\/posts\/2969\/revisions"}],"predecessor-version":[{"id":2971,"href":"https:\/\/turkiyemhaber.com\/index.php?rest_route=\/wp\/v2\/posts\/2969\/revisions\/2971"}],"wp:featuredmedia":[{"embeddable":true,"href":"https:\/\/turkiyemhaber.com\/index.php?rest_route=\/wp\/v2\/media\/2970"}],"wp:attachment":[{"href":"https:\/\/turkiyemhaber.com\/index.php?rest_route=%2Fwp%2Fv2%2Fmedia&parent=2969"}],"wp:term":[{"taxonomy":"category","embeddable":true,"href":"https:\/\/turkiyemhaber.com\/index.php?rest_route=%2Fwp%2Fv2%2Fcategories&post=2969"},{"taxonomy":"post_tag","embeddable":true,"href":"https:\/\/turkiyemhaber.com\/index.php?rest_route=%2Fwp%2Fv2%2Ftags&post=2969"}],"curies":[{"name":"wp","href":"https:\/\/api.w.org\/{rel}","templated":true}]}}