{"id":2966,"date":"2026-06-10T20:54:32","date_gmt":"2026-06-10T20:54:32","guid":{"rendered":"https:\/\/turkiyemhaber.com\/?p=2966"},"modified":"2026-06-10T20:54:36","modified_gmt":"2026-06-10T20:54:36","slug":"iran-savas-bu-kez-bolgeyle-sinirli-kalmayacak","status":"publish","type":"post","link":"https:\/\/turkiyemhaber.com\/?p=2966","title":{"rendered":"\u0130ran: Sava\u015f bu kez b\u00f6lgeyle s\u0131n\u0131rl\u0131 kalmayacak"},"content":{"rendered":"\n<p class=\"wp-block-paragraph\">ABD Ba\u015fkan\u0131 Donald Trump&#8217;\u0131n sald\u0131r\u0131lar\u0131n\u0131 s\u00fcrd\u00fcrme tehdidine \u0130ran kanad\u0131ndan jet yan\u0131tlar gelirken, Meclis Ulusal G\u00fcvenlik ve D\u0131\u015f Politika Komisyonu Ba\u015fkan\u0131 \u0130brahim Azizi, &#8220;Sava\u015f bu kez b\u00f6lgeyle s\u0131n\u0131rl\u0131 kalmayacak. Nelerin olaca\u011f\u0131n\u0131 g\u00f6rece\u011fiz&#8221; ifadelerini kulland\u0131. \u0130srail Savunma Bakan\u0131 Yisrael Katz ise \u0130ran&#8217;a kar\u015f\u0131 sava\u015f\u0131n bitmekten \u00e7ok uzak oldu\u011funu s\u00f6yledi.<\/p>\n\n\n\n<p class=\"wp-block-paragraph\">&nbsp;<a href=\"https:\/\/www.sondakika.com\/iran\/\">\u0130ran<\/a>&nbsp;Meclisi Ulusal&nbsp;<a href=\"https:\/\/www.sondakika.com\/guvenlik\/\">G\u00fcvenlik<\/a>&nbsp;ve D\u0131\u015f&nbsp;<a href=\"https:\/\/www.sondakika.com\/politika\/\">Politika<\/a>&nbsp;Komisyonu Ba\u015fkan\u0131 \u0130brahim Azizi, sosyal medya hesab\u0131ndan ABD\u2019ye ili\u015fkin mesaj yay\u0131mlad\u0131.<\/p>\n\n\n\n<h3 class=\"wp-block-heading\">\u201cSAVA\u015e BU KEZ B\u00d6LGEYLE SINIRLI KALMAYACAK\u201d<\/h3>\n\n\n\n<p class=\"wp-block-paragraph\">Kaybedenlerle sava\u015fmaktan korkmad\u0131klar\u0131n\u0131 dile getiren&nbsp;Azizi, \u201cABD tabutlar\u0131, Trump&#8217;\u0131n s\u00f6yledi\u011finden \u00e7ok daha fazla ve daha fazla olacak. \u00c7\u00fcnk\u00fc sava\u015f bu kez b\u00f6lgeyle s\u0131n\u0131rl\u0131 kalmayacak. Nelerin olaca\u011f\u0131n\u0131 g\u00f6rece\u011fiz.\u201d ifadelerini kulland\u0131.<\/p>\n\n\n\n<h3 class=\"wp-block-heading\">PEZE\u015eK\u0130YAN: HAYAT\u0130 ALTYAPILARI HEDEF ALMA TEHD\u0130D\u0130 \u00c7ARES\u0130ZL\u0130\u011e\u0130N G\u00d6STERGES\u0130D\u0130R<\/h3>\n\n\n\n<p class=\"wp-block-paragraph\">\u0130ran Cumhurba\u015fkan\u0131 Mesud&nbsp;Peze\u015fkiyan da&nbsp;<a href=\"https:\/\/www.sondakika.com\/abd-baskani\/\">ABD Ba\u015fkan\u0131<\/a>&nbsp;Donald Trump\u2019\u0131n \u0130ran\u2019\u0131n altyap\u0131s\u0131na y\u00f6nelik sald\u0131r\u0131 tehdidine ili\u015fkin bir a\u00e7\u0131klamada bulundu. Peze\u015fkiyan, sosyal medya hesab\u0131ndan yapt\u0131\u011f\u0131 payla\u015f\u0131m\u0131nda, \u201cHayati altyap\u0131lar, halk\u0131n ya\u015fam damarlar\u0131d\u0131r. Onlar\u0131 hedef alma tehdidi g\u00fc\u00e7 g\u00f6sterisi de\u011fil bir milletin iradesinin kar\u015f\u0131s\u0131ndaki \u00e7aresizli\u011fin g\u00f6stergesidir.\u201d diyen&nbsp;Peze\u015fkiyan, \u00fclkesinin her t\u00fcrl\u00fc bask\u0131 ve tehdit kar\u015f\u0131s\u0131nda sa\u011flam olarak ayakta kalaca\u011f\u0131n\u0131 s\u00f6yledi.<\/p>\n\n\n\n<h3 class=\"wp-block-heading\">\u0130SRA\u0130L: \u0130RAN&#8217;A KAR\u015eI SAVA\u015e B\u0130TMEKTEN \u00c7OK UZAK<\/h3>\n\n\n\n<p class=\"wp-block-paragraph\">\u00d6te yandan&nbsp;<a href=\"https:\/\/www.sondakika.com\/israil\/\">\u0130srail<\/a>&nbsp;Savunma Bakan\u0131 Yisrael Katz da \u0130ran&#8217;a kar\u015f\u0131 y\u00fcr\u00fctt\u00fckleri sald\u0131r\u0131lar\u0131n hen\u00fcz &#8220;bitmedi\u011fini&#8221; belirterek, \u0130srail ordusunun \u0130ran&#8217;\u0131 &#8220;b\u00fcy\u00fck bir g\u00fc\u00e7le vurmaya haz\u0131r oldu\u011funu&#8221; belirtti.<\/p>\n\n\n\n<p class=\"wp-block-paragraph\">Katz,&nbsp;<a href=\"https:\/\/www.sondakika.com\/orta-dogu\/\">Orta Do\u011fu<\/a>&#8216;nun &#8220;g\u00f6zlerinin \u00f6n\u00fcnde de\u011fi\u015fti\u011fini&#8221; iddia ederek, &#8220;E\u011fer \u0130ran \u0130srail&#8217;e sald\u0131r\u0131rsa, birka\u00e7 g\u00fcn \u00f6nce yapt\u0131\u011f\u0131m\u0131z gibi a\u011f\u0131r bir darbe alacakt\u0131r. \u0130srail ordusu, \u0130ran&#8217;a b\u00fcy\u00fck bir g\u00fc\u00e7le sald\u0131rmaya haz\u0131rd\u0131r.&#8221; dedi.<\/p>\n\n\n\n<p class=\"wp-block-paragraph\">Sald\u0131r\u0131lar\u0131n ve \u00fcstlendikleri g\u00f6revin hen\u00fcz tamamlanmad\u0131\u011f\u0131n\u0131 savunan Katz, &#8220;Kimse sava\u015f\u0131n bitti\u011fini hayal etmesin. \u0130ran&#8217;a kar\u015f\u0131 sava\u015f bitmekten \u00e7ok uzak. \u0130srail ordusu, \u0130ran&#8217;\u0131n i\u00e7erisini b\u00fcy\u00fck bir g\u00fc\u00e7le vurmaya haz\u0131r.&#8221;<\/p>\n\n\n\n<p class=\"wp-block-paragraph\">ABD Ba\u015fkan\u0131 Donald Trump, ABD&#8217;ye ait bir helikopterin d\u00fc\u015f\u00fcr\u00fclmesinin ard\u0131ndan \u0130ran&#8217;a sald\u0131racaklar\u0131n\u0131 ve buna haklar\u0131 oldu\u011funu savunarak, &#8220;D\u00fcn onlara sert bir darbe indirdik ve bug\u00fcn de yine sert bir darbe vuraca\u011f\u0131z.&#8221; demi\u015fti.<\/p>\n","protected":false},"excerpt":{"rendered":"<p>ABD Ba\u015fkan\u0131 Donald Trump&#8217;\u0131n sald\u0131r\u0131lar\u0131n\u0131 s\u00fcrd\u00fcrme tehdidine \u0130ran kanad\u0131ndan jet yan\u0131tlar gelirken, Meclis Ulusal G\u00fcvenlik<\/p>\n","protected":false},"author":1,"featured_media":2967,"comment_status":"open","ping_status":"open","sticky":false,"template":"","format":"standard","meta":{"_rtcl_gb_attr":"","footnotes":""},"categories":[65],"tags":[],"class_list":["post-2966","post","type-post","status-publish","format-standard","has-post-thumbnail","hentry","category-dunya"],"_links":{"self":[{"href":"https:\/\/turkiyemhaber.com\/index.php?rest_route=\/wp\/v2\/posts\/2966","targetHints":{"allow":["GET"]}}],"collection":[{"href":"https:\/\/turkiyemhaber.com\/index.php?rest_route=\/wp\/v2\/posts"}],"about":[{"href":"https:\/\/turkiyemhaber.com\/index.php?rest_route=\/wp\/v2\/types\/post"}],"author":[{"embeddable":true,"href":"https:\/\/turkiyemhaber.com\/index.php?rest_route=\/wp\/v2\/users\/1"}],"replies":[{"embeddable":true,"href":"https:\/\/turkiyemhaber.com\/index.php?rest_route=%2Fwp%2Fv2%2Fcomments&post=2966"}],"version-history":[{"count":1,"href":"https:\/\/turkiyemhaber.com\/index.php?rest_route=\/wp\/v2\/posts\/2966\/revisions"}],"predecessor-version":[{"id":2968,"href":"https:\/\/turkiyemhaber.com\/index.php?rest_route=\/wp\/v2\/posts\/2966\/revisions\/2968"}],"wp:featuredmedia":[{"embeddable":true,"href":"https:\/\/turkiyemhaber.com\/index.php?rest_route=\/wp\/v2\/media\/2967"}],"wp:attachment":[{"href":"https:\/\/turkiyemhaber.com\/index.php?rest_route=%2Fwp%2Fv2%2Fmedia&parent=2966"}],"wp:term":[{"taxonomy":"category","embeddable":true,"href":"https:\/\/turkiyemhaber.com\/index.php?rest_route=%2Fwp%2Fv2%2Fcategories&post=2966"},{"taxonomy":"post_tag","embeddable":true,"href":"https:\/\/turkiyemhaber.com\/index.php?rest_route=%2Fwp%2Fv2%2Ftags&post=2966"}],"curies":[{"name":"wp","href":"https:\/\/api.w.org\/{rel}","templated":true}]}}