{"id":2963,"date":"2026-06-10T20:48:57","date_gmt":"2026-06-10T20:48:57","guid":{"rendered":"https:\/\/turkiyemhaber.com\/?p=2963"},"modified":"2026-06-10T20:49:01","modified_gmt":"2026-06-10T20:49:01","slug":"aynur-kanbur-cinayetinin-katil-zanlisi-govdesine-dogru-3-4-el-ates-ettim","status":"publish","type":"post","link":"https:\/\/turkiyemhaber.com\/?p=2963","title":{"rendered":"Aynur Kanbur cinayetinin katil zanl\u0131s\u0131: G\u00f6vdesine do\u011fru 3-4 el ate\u015f ettim"},"content":{"rendered":"\n<p class=\"wp-block-paragraph\">\u0130stanbul \u015ei\u015fli&#8217;de 2016&#8217;da evinin \u00f6n\u00fcnde silahl\u0131 sald\u0131r\u0131da \u00f6ld\u00fcr\u00fclen mezdeke dans\u00e7\u0131s\u0131 Aynur Kanbur cinayetini itiraf eden \u015f\u00fcpheli, kendini kargocu olarak tan\u0131t\u0131p kap\u0131y\u0131 a\u00e7t\u0131rd\u0131\u011f\u0131n\u0131, tart\u0131\u015fma sonras\u0131 Kanbur&#8217;u \u00f6ld\u00fcrd\u00fc\u011f\u00fcn\u00fc s\u00f6yledi. \u015e\u00fcpheli, &#8220;kimse bana kar\u0131\u015famaz&#8217; diyerek k\u00fcf\u00fcrlerle \u00fczerime y\u00fcr\u00fcy\u00fcnce, belimdeki 9 mm el yap\u0131m\u0131 tabancay\u0131 \u00e7ekerek g\u00f6vdesine do\u011fru 3-4 el ate\u015f ettim&#8221; derken, cinayet silah\u0131n\u0131 \u0130stanbul Bo\u011faz\u0131&#8217;na att\u0131\u011f\u0131n\u0131 s\u00f6yledi.<\/p>\n\n\n\n<p class=\"wp-block-paragraph\"><a href=\"https:\/\/www.sondakika.com\/istanbul\/\">\u0130stanbul<\/a>&nbsp;<a href=\"https:\/\/www.sondakika.com\/sisli\/\">\u015ei\u015fli<\/a>&#8216;de 24 Mart 2016 tarihinde evinin \u00f6n\u00fcnde u\u011frad\u0131\u011f\u0131 silahl\u0131 sald\u0131r\u0131da hayat\u0131n\u0131 kaybeden Aynur Kanbur cinayetini itiraf eden \u015f\u00fcpheli B\u00fclent G. ifadesinde, olayda kulland\u0131\u011f\u0131 ruhsats\u0131z tabancay\u0131 bir tekneye binerek&nbsp;<a href=\"https:\/\/www.sondakika.com\/istanbul-bogazi-449\/\">\u0130stanbul Bo\u011faz\u0131<\/a>&#8216;na att\u0131\u011f\u0131n\u0131 s\u00f6yledi.<\/p>\n\n\n\n<p class=\"wp-block-paragraph\">Adalet Bakan\u0131 Ak\u0131n G\u00fcrlek&#8217;in talimat\u0131yla kurulan Faili Me\u00e7hul Su\u00e7lar\u0131 Ara\u015ft\u0131rma Daire Ba\u015fkanl\u0131\u011f\u0131 koordinesinde, \u0130stanbul Cumhuriyet Ba\u015fsavc\u0131l\u0131\u011f\u0131 dosyay\u0131 tekrar inceledi. Olay g\u00fcn\u00fcne ait toplu ula\u015f\u0131m ve \u0130stanbulkart hareketlerini geriye d\u00f6n\u00fck inceleyen ekipler, \u015f\u00fcphelinin Avc\u0131lar&#8217;dan metrob\u00fcse binerek Mecidiyek\u00f6y&#8217;e gelen B\u00fclent G. oldu\u011funu tespit etti. Takibe al\u0131nan \u015f\u00fcphelinin, olay \u00f6ncesi ve sonras\u0131nda telefonunu kapatt\u0131\u011f\u0131, maktul\u00fcn tehdit edildi\u011fi iddialar\u0131yla daha \u00f6nce HTS kay\u0131tlar\u0131 incelenen di\u011fer akrabalar F.K. S. K. ve Y.K. ile ba\u011flant\u0131l\u0131 oldu\u011fu belirlendi.<\/p>\n\n\n\n<h3 class=\"wp-block-heading\">&#8220;BEN\u0130 KARGOCU SANIP B\u0130NANIN KAPISINI A\u00c7TI&#8221;<\/h3>\n\n\n\n<p class=\"wp-block-paragraph\">Emniyetteki sorgusunda cinayeti tek ba\u015f\u0131na i\u015fledi\u011fini itiraf eden B\u00fclent G. \u015funlar\u0131 s\u00f6yledi: &#8220;Olay g\u00fcn\u00fc Avc\u0131lar&#8217;daki evimden \u00e7\u0131karak metrob\u00fcsle Mecidiyek\u00f6y&#8217;e geldim. Hava ya\u011fmurlu ve so\u011fuk oldu\u011fu i\u00e7in kafamda \u015fapka ve kap\u00fc\u015fonlu mont vard\u0131. Aynur Kanbur&#8217;un Fulya&#8217;daki ikametine gittim ve zile bast\u0131m. Megafondan &#8216;Kim o?&#8217; diye sorunca &#8216;Paketiniz var&#8217; diyerek kendimi kargocu olarak tan\u0131tt\u0131m. Beni kargocu san\u0131p binan\u0131n kap\u0131s\u0131n\u0131 a\u00e7t\u0131. Kap\u0131 a\u00e7\u0131l\u0131nca giri\u015f kattaki daireye y\u00f6neldim, kap\u0131s\u0131 a\u00e7\u0131kt\u0131.<\/p>\n\n\n\n<h3 class=\"wp-block-heading\">&#8220;K\u00dcF\u00dcRLERLE \u00dcZER\u0130ME Y\u00dcR\u00dcY\u00dcNCE ATE\u015e ETT\u0130M&#8221;<\/h3>\n\n\n\n<p class=\"wp-block-paragraph\">Beni \u00fczerimdeki kap\u00fc\u015fon ve \u015fapka sebebiyle ilk ba\u015fta tan\u0131mad\u0131. Kendisine ge\u00e7mi\u015fteki tart\u0131\u015fmam\u0131za at\u0131fta bulunarak, &#8216;Ailemizin itibar\u0131n\u0131 zedeledin, sen nas\u0131l bir ailenin ferdi oldu\u011funun fark\u0131nda de\u011filsin. \u015eevki day\u0131m\u0131z\u0131n kemiklerini s\u0131zlat\u0131yorsun, bizim ailemizin ad\u0131n\u0131 lekeledin&#8217; dedim. Ben onun dans\u00f6zl\u00fck yapmas\u0131n\u0131 aile ferdi olarak kabul edemiyordum. Aynur sesini y\u00fckseltip &#8216;Sen ne kar\u0131\u015f\u0131yorsun, kimse bana kar\u0131\u015famaz&#8217; diyerek k\u00fcf\u00fcrlerle \u00fczerime y\u00fcr\u00fcy\u00fcnce, belimdeki 9 mm el yap\u0131m\u0131 tabancay\u0131 \u00e7ekerek g\u00f6vdesine do\u011fru 3-4 el ate\u015f ettim.&#8221;<\/p>\n\n\n\n<h3 class=\"wp-block-heading\">&#8220;C\u0130NAYET S\u0130LAHINI BO\u011eAZA ATTIM&#8221;<\/h3>\n\n\n\n<p class=\"wp-block-paragraph\">Zanl\u0131, olay\u0131n ard\u0131ndan yaya olarak Be\u015fikta\u015f Ihlamurdere Caddesi&#8217;ne, oradan da Barbaros Bulvar\u0131 \u00fczerinden otob\u00fcse binerek \u00e7al\u0131\u015ft\u0131\u011f\u0131 Rumelihisar\u0131&#8217;ndaki restorana gitti\u011fini ifade etti. Zanl\u0131, cinayette kulland\u0131\u011f\u0131 ruhsats\u0131z tabancay\u0131 ise birka\u00e7 g\u00fcn sonra Emirgan-Kanl\u0131ca seferini yapan bir tekneye binerek \u0130stanbul Bo\u011faz\u0131&#8217;n\u0131n ortas\u0131nda denize b\u0131rakt\u0131\u011f\u0131n\u0131 itiraf etti.<\/p>\n\n\n\n<p class=\"wp-block-paragraph\">B\u00fclent G., g\u00f6zalt\u0131na al\u0131nan di\u011fer akrabalar\u0131 F.K, S.K. ve Y.K.&#8217;nin olayla bir ilgisi ya da azmettirmesi olmad\u0131\u011f\u0131n\u0131, aralar\u0131ndaki arazi konusunun bu olayla ili\u015fkisi bulunmad\u0131\u011f\u0131n\u0131 iddia etti. \u015e\u00fcphelilerin emniyetteki i\u015flemleri \u00e7ok y\u00f6nl\u00fc olarak devam ediyor.&nbsp;<\/p>\n","protected":false},"excerpt":{"rendered":"<p>\u0130stanbul \u015ei\u015fli&#8217;de 2016&#8217;da evinin \u00f6n\u00fcnde silahl\u0131 sald\u0131r\u0131da \u00f6ld\u00fcr\u00fclen mezdeke dans\u00e7\u0131s\u0131 Aynur Kanbur cinayetini itiraf eden<\/p>\n","protected":false},"author":1,"featured_media":2964,"comment_status":"open","ping_status":"open","sticky":false,"template":"","format":"standard","meta":{"_rtcl_gb_attr":"","footnotes":""},"categories":[1],"tags":[],"class_list":["post-2963","post","type-post","status-publish","format-standard","has-post-thumbnail","hentry","category-http-turkiyemhaber-com-wp-content-uploads-2026-03-saray-59-haber-13-mart-pdf"],"_links":{"self":[{"href":"https:\/\/turkiyemhaber.com\/index.php?rest_route=\/wp\/v2\/posts\/2963","targetHints":{"allow":["GET"]}}],"collection":[{"href":"https:\/\/turkiyemhaber.com\/index.php?rest_route=\/wp\/v2\/posts"}],"about":[{"href":"https:\/\/turkiyemhaber.com\/index.php?rest_route=\/wp\/v2\/types\/post"}],"author":[{"embeddable":true,"href":"https:\/\/turkiyemhaber.com\/index.php?rest_route=\/wp\/v2\/users\/1"}],"replies":[{"embeddable":true,"href":"https:\/\/turkiyemhaber.com\/index.php?rest_route=%2Fwp%2Fv2%2Fcomments&post=2963"}],"version-history":[{"count":1,"href":"https:\/\/turkiyemhaber.com\/index.php?rest_route=\/wp\/v2\/posts\/2963\/revisions"}],"predecessor-version":[{"id":2965,"href":"https:\/\/turkiyemhaber.com\/index.php?rest_route=\/wp\/v2\/posts\/2963\/revisions\/2965"}],"wp:featuredmedia":[{"embeddable":true,"href":"https:\/\/turkiyemhaber.com\/index.php?rest_route=\/wp\/v2\/media\/2964"}],"wp:attachment":[{"href":"https:\/\/turkiyemhaber.com\/index.php?rest_route=%2Fwp%2Fv2%2Fmedia&parent=2963"}],"wp:term":[{"taxonomy":"category","embeddable":true,"href":"https:\/\/turkiyemhaber.com\/index.php?rest_route=%2Fwp%2Fv2%2Fcategories&post=2963"},{"taxonomy":"post_tag","embeddable":true,"href":"https:\/\/turkiyemhaber.com\/index.php?rest_route=%2Fwp%2Fv2%2Ftags&post=2963"}],"curies":[{"name":"wp","href":"https:\/\/api.w.org\/{rel}","templated":true}]}}