{"id":2952,"date":"2026-06-10T20:30:57","date_gmt":"2026-06-10T20:30:57","guid":{"rendered":"https:\/\/turkiyemhaber.com\/?p=2952"},"modified":"2026-06-10T20:31:01","modified_gmt":"2026-06-10T20:31:01","slug":"chpde-9-milletvekili-disiplin-kuruluna-sevk-edildi","status":"publish","type":"post","link":"https:\/\/turkiyemhaber.com\/?p=2952","title":{"rendered":"CHP&#8217;de 9 Milletvekili Disiplin Kuruluna Sevk Edildi"},"content":{"rendered":"\n<p class=\"wp-block-paragraph\">CHP&#8217;de 9 milletvekili, kesin \u00e7\u0131karma cezas\u0131 i\u00e7in Y\u00fcksek Disiplin Kurulu&#8217;na sevk edildi<\/p>\n\n\n\n<p class=\"wp-block-paragraph\">CHP Genel Ba\u015fkan Yard\u0131mc\u0131s\u0131 ve Parti S\u00f6zc\u00fcs\u00fc&nbsp;<a href=\"https:\/\/www.sondakika.com\/muslim-sari\/\">M\u00fcslim Sar\u0131<\/a>, 9 milletvekilinin tedbirli olarak kesin \u00e7\u0131karma cezas\u0131 uygulanmak \u00fczere Y\u00fcksek Disiplin Kurulu&#8217;na (YDK) sevk edildi\u011fini bildirdi.<\/p>\n\n\n\n<p class=\"wp-block-paragraph\">CHP Merkez Y\u00f6netim Kurulu (MYK) toplant\u0131s\u0131, Genel Ba\u015fkan Kemal K\u0131l\u0131\u00e7daro\u011flu ba\u015fkanl\u0131\u011f\u0131nda parti genel merkezinde ger\u00e7ekle\u015ftirildi.<\/p>\n\n\n\n<p class=\"wp-block-paragraph\">MYK g\u00fcndemine ili\u015fkin bas\u0131n toplant\u0131s\u0131 d\u00fczenleyen Sar\u0131, MYK&#8217;da T\u00fcrkiye g\u00fcndemi ve mutlak butlan s\u00fcrecine ili\u015fkin de\u011ferlendirmelerde bulunduklar\u0131n\u0131 aktard\u0131.<\/p>\n\n\n\n<p class=\"wp-block-paragraph\">Mutlak butlan karar\u0131 sonras\u0131ndaki s\u00fcreci izlediklerini, MYK olarak bu s\u00fcrecin m\u00fcmk\u00fcn oldu\u011funca diyalog ve i\u015fbirli\u011fi i\u00e7inde y\u00fcr\u00fct\u00fclmesi konusunda azami katk\u0131 vermeye \u00e7al\u0131\u015ft\u0131klar\u0131n\u0131 belirten Sar\u0131, iyi niyetli \u00e7abalar\u0131n\u0131n sonu\u00e7 vermedi\u011fini s\u00f6yledi.<\/p>\n\n\n\n<p class=\"wp-block-paragraph\">Sar\u0131, kurultays\u0131z yol y\u00fcr\u00fcme niyetinde olmad\u0131klar\u0131n\u0131 vurgulayarak, &#8220;Partinin i\u00e7inde d\u00fc\u015ft\u00fc\u011f\u00fc bu durumdan ancak siyasi bir m\u00fcdahaleyle \u00e7\u0131kabilece\u011fimizi s\u00f6yledik. Bu siyasi m\u00fcdahale de kurultay, CHP&#8217;nin kendi \u00f6rg\u00fct\u00fcne bu konuyu bir kere daha sormakt\u0131r. Dolay\u0131s\u0131yla b\u00f6yle bir ka\u00e7\u0131\u015f\u0131m\u0131z yok. Yar\u0131n Parti Meclisi&#8217;nde (PM) nas\u0131l bir kurultay yapabilece\u011fimizi, yol haritam\u0131z\u0131 tart\u0131\u015faca\u011f\u0131z.&#8221; dedi.<\/p>\n\n\n\n<p class=\"wp-block-paragraph\">Partide iki ba\u015fl\u0131 bir g\u00f6r\u00fcnt\u00fc olu\u015ftu\u011funa i\u015faret eden Sar\u0131, \u015funlar\u0131 kaydetti:<\/p>\n\n\n\n<p class=\"wp-block-paragraph\">&#8220;Bayramla\u015fmayla ilgili att\u0131\u011f\u0131m\u0131z bir ad\u0131mda ayn\u0131 g\u00fcn ayn\u0131 saatte di\u011fer arkada\u015flar\u0131m\u0131z da bayramla\u015fma etkinli\u011fi d\u00fczenliyor. CHP \u00f6rg\u00fctlerini, &#8216;Se\u00e7ilmi\u015f Genel Ba\u015fkan&#8217;, &#8216;Atanm\u0131\u015f Genel Ba\u015fkan&#8217; bi\u00e7iminde ayr\u0131mlara tabi tutarak paralel bir etkinlik d\u00fczenlemeye \u00e7al\u0131\u015f\u0131yorlar. Biz, bir grup toplant\u0131s\u0131 d\u00fczenleyece\u011fimizi s\u00f6yledi\u011fimizde, CHP Genel Ba\u015fkan\u0131n\u0131 bu grup salonunda konu\u015fturmamaya d\u00f6n\u00fck i\u015f ve eylemler i\u00e7erisine girdiler. Say\u0131n Genel Ba\u015fkan\u0131m\u0131za tahsis edilmi\u015f bir salon olmas\u0131na ve ilgili mevzuat h\u00fck\u00fcmleri \u00e7er\u00e7evesinde grubun kendisine ba\u011fl\u0131 olarak \u00e7al\u0131\u015faca\u011f\u0131 amir h\u00fckm\u00fcne ra\u011fmen, usuls\u00fcz bir bi\u00e7imde yap\u0131lm\u0131\u015f bir se\u00e7ime ra\u011fmen, konu\u015fturulmamaya d\u00f6n\u00fck giri\u015fimlerle kar\u015f\u0131 kar\u015f\u0131ya kald\u0131k.&#8221;<\/p>\n\n\n\n<p class=\"wp-block-paragraph\">&#8220;9 arkada\u015f\u0131m\u0131z tedbirli olarak YDK&#8217;ye sevk edildi&#8221;<\/p>\n\n\n\n<p class=\"wp-block-paragraph\">Sar\u0131, temiz siyaset, temiz toplum ve ar\u0131nma siyaseti \u00e7er\u00e7evesinde CHP&#8217;nin, kurumsal kimli\u011fi, tarihsel misyonu ve gelecekteki vizyonu a\u00e7\u0131s\u0131ndan sak\u0131ncal\u0131 g\u00f6rd\u00fc\u011f\u00fc baz\u0131 ay\u0131klamalar\u0131 yapma zorunlulu\u011funun ortaya \u00e7\u0131kt\u0131\u011f\u0131n\u0131 ifade etti.<\/p>\n\n\n\n<p class=\"wp-block-paragraph\">Mutlak butlan karar\u0131ndan sonra partinin kurumsal kimli\u011fini zedeleyici i\u015f, eylem ve a\u00e7\u0131klamalar yap\u0131ld\u0131\u011f\u0131n\u0131 kaydeden Sar\u0131, parti i\u00e7i kurullar\u0131n i\u015fletilmesi s\u00fcrecini y\u00fcr\u00fctt\u00fcklerini s\u00f6yledi.<\/p>\n\n\n\n<p class=\"wp-block-paragraph\">Sar\u0131, \u015funlar\u0131 ifade etti:<\/p>\n\n\n\n<p class=\"wp-block-paragraph\">&#8220;Partinin i\u00e7ine d\u00fc\u015ft\u00fc\u011f\u00fc bu cendereden, partinin mutlak butlan belas\u0131 ile ili\u015fkilendirilmesine neden olan, T\u00fcrkiye tarihinde hi\u00e7 olmayacak bi\u00e7imde kongresi ve kurultaylar\u0131 yok say\u0131lan CHP s\u00fcrecine katk\u0131 sa\u011flayan, bu konuyla ilgili haklar\u0131nda \u015faibe bulunan, kamuoyunda s\u0131kl\u0131kla tart\u0131\u015f\u0131lan, iddianamelere konu olan bu arkada\u015flar\u0131m\u0131zla ilgili disiplin s\u00fcreci uygulama karar\u0131 alm\u0131\u015f bulunuyoruz. Karar oy birli\u011fiyle al\u0131nm\u0131\u015ft\u0131r. 9 arkada\u015f\u0131m\u0131z parti t\u00fcz\u00fc\u011f\u00fcm\u00fcz\u00fcn ilgili maddeleri \u00e7er\u00e7evesinde tedbirli olarak kesin \u00e7\u0131karma cezas\u0131 uygulanmak \u00fczere YDK&#8217;ye sevk edilmi\u015f bulunuyor ve partideki t\u00fcm g\u00f6revlerinden uzakla\u015ft\u0131r\u0131lmas\u0131na an itibar\u0131yla karar verilmi\u015f bulunuyor.<\/p>\n\n\n\n<p class=\"wp-block-paragraph\">Bu arkada\u015flar\u0131m\u0131z, Bal\u0131kesir Milletvekilimiz&nbsp;<a href=\"https:\/\/www.sondakika.com\/ensar-aytekin\/\">Ensar Aytekin<\/a>, Mersin Milletvekilimiz&nbsp;<a href=\"https:\/\/www.sondakika.com\/ali-mahir-basarir\/\">Ali Mahir Ba\u015far\u0131r<\/a>, \u0130stanbul Milletvekilimiz&nbsp;<a href=\"https:\/\/www.sondakika.com\/gokhan-gunaydin-2\/\">G\u00f6khan G\u00fcnayd\u0131n<\/a>, Bursa Milletvekilimiz&nbsp;<a href=\"https:\/\/www.sondakika.com\/nurhayat-altaca-kayisoglu\/\">Nurhayat Altaca Kay\u0131\u015fo\u011flu<\/a>, \u0130stanbul Milletvekilimiz&nbsp;<a href=\"https:\/\/www.sondakika.com\/ozgur-karabat\/\">\u00d6zg\u00fcr Karabat<\/a>, Ankara Milletvekilimiz&nbsp;<a href=\"https:\/\/www.sondakika.com\/umut-akdogan\/\">Umut Akdo\u011fan<\/a>,&nbsp;<a href=\"https:\/\/www.sondakika.com\/malatya\/\">Malatya<\/a>&nbsp;Milletvekilimiz&nbsp;<a href=\"https:\/\/www.sondakika.com\/veli-agbaba\/\">Veli A\u011fbaba<\/a>, \u0130stanbul Milletvekilimiz&nbsp;<a href=\"https:\/\/www.sondakika.com\/turan-taskin-ozer\/\">Turan Ta\u015fk\u0131n \u00d6zer<\/a>&nbsp;ve Adana Milletvekilimiz Burhanettin Bulut. Bu arkada\u015flar\u0131m\u0131z iddianamelerde yer alan, bizim temiz siyaset anlay\u0131\u015f\u0131m\u0131z i\u00e7erisinde ar\u0131nma siyasetimizin olu\u015fmas\u0131 a\u00e7\u0131s\u0131ndan alm\u0131\u015f oldu\u011fumuz bir karara muhatap oldular. Yarg\u0131 s\u00fcreci i\u015fliyor, ceza davalar\u0131 devam ediyor. \u00d6n\u00fcm\u00fczdeki d\u00f6nemde bu arkada\u015flar\u0131m\u0131z kendilerini yarg\u0131 kar\u015f\u0131s\u0131nda savunma durumunda kalacaklar. Aklan\u0131p gelecekler. Akland\u0131ktan sonra arkada\u015flar\u0131m\u0131za kap\u0131m\u0131z a\u00e7\u0131k kalmaya devam edecek.&#8221;<\/p>\n\n\n\n<p class=\"wp-block-paragraph\">&#8220;CHP, kurultay\u0131n\u0131 yapacak, kimsenin ku\u015fkusu olmas\u0131n&#8221;<\/p>\n\n\n\n<p class=\"wp-block-paragraph\">CHP S\u00f6zc\u00fcs\u00fc Sar\u0131, a\u00e7\u0131klamalar\u0131n\u0131n ard\u0131ndan gazetecilerin sorular\u0131n\u0131 yan\u0131tlad\u0131.<\/p>\n\n\n\n<p class=\"wp-block-paragraph\">Bir gazetecinin, &#8220;\u00dcyelikler ask\u0131ya m\u0131 al\u0131nd\u0131?&#8221; \u015feklindeki sorusuna Sar\u0131, &#8220;Partideki b\u00fct\u00fcn g\u00f6revlerinden uzakla\u015ft\u0131r\u0131lmalar\u0131na karar verilmi\u015f durumda. Tedbirli karar verildi\u011fi i\u00e7in \u015fu an partinin herhangi bir organ\u0131nda bu arkada\u015flar\u0131m\u0131z g\u00f6rev alamazlar.&#8221; yan\u0131t\u0131n\u0131 verdi.<\/p>\n\n\n\n<p class=\"wp-block-paragraph\">Soru \u00fczerine, CHP Parti T\u00fcz\u00fc\u011f\u00fc&#8217;nde &#8220;ivedi durumlar&#8221; diye bir tan\u0131mlaman\u0131n oldu\u011funu belirten Sar\u0131, &#8220;Bu \u00e7er\u00e7evede herhangi bir parti \u00fcyesinin disipline MYK arac\u0131l\u0131\u011f\u0131yla sevk edilmesini d\u00fczenliyor. Daha \u00f6nce de uygulamalar\u0131 var bunun. Arkada\u015flar\u0131m\u0131z\u0131n itiraz yollar\u0131 a\u00e7\u0131k. Hem MYK karar\u0131na hem YDK&#8217;ye gidi\u015f s\u00f6z konusu oldu\u011funda, hem oraya hem de ba\u015fka hukuki s\u00fcre\u00e7lere ba\u015fvurabilirler. Parti Meclisi&#8217;nin onay\u0131 olmaks\u0131z\u0131n, do\u011frudan MYK yetkisi dahilinde YDK&#8217;ye tedbirli sevk edildiler.&#8221; dedi.<\/p>\n\n\n\n<p class=\"wp-block-paragraph\">Sar\u0131, &#8220;\u00d6zg\u00fcr \u00d6zel ile alakal\u0131 MYK&#8217;de bir de\u011ferlendirme yap\u0131ld\u0131 m\u0131?&#8221; sorusuna, &#8220;Onunla ilgili de\u011ferlendirme daha sonra yap\u0131lacak.&#8221; cevab\u0131n\u0131 verdi.<\/p>\n\n\n\n<p class=\"wp-block-paragraph\">K\u0131l\u0131\u00e7daro\u011flu&#8217;nun kurultay s\u00fcrecine ili\u015fkin sosyal medya payla\u015f\u0131m\u0131n\u0131n sorulmas\u0131 \u00fczerine Sar\u0131, konuyu yar\u0131nki Parti Meclisi toplant\u0131s\u0131nda de\u011ferlendireceklerini ifade ederek, \u015funlar\u0131 s\u00f6yledi:<\/p>\n\n\n\n<p class=\"wp-block-paragraph\">&#8220;Mevcut hukuki zeminde nas\u0131l, ne \u015fekilde, hangi i\u00e7erikle, hangi takvimle bir kurultay yapabiliyorsak, o \u015fekilde yapaca\u011f\u0131z. Bunun zeminini konu\u015faca\u011f\u0131z. Bir an \u00f6nce kurultay yap\u0131lmas\u0131n\u0131 isteyen PM&#8217;de arkada\u015flar\u0131m\u0131z da var. Onlar\u0131n da d\u00fc\u015f\u00fcncelerini alaca\u011f\u0131z, de\u011ferlendirmelerini yapacaklar. Hep beraber de\u011ferlendirip, bir yol haritas\u0131 koyaca\u011f\u0131z partinin \u00f6n\u00fcne. CHP, uygun olan en makul zamanda kurultay\u0131n\u0131 yapacak, bundan hi\u00e7 kimsenin ku\u015fkusu olmas\u0131n.&#8221;<\/p>\n","protected":false},"excerpt":{"rendered":"<p>CHP&#8217;de 9 milletvekili, kesin \u00e7\u0131karma cezas\u0131 i\u00e7in Y\u00fcksek Disiplin Kurulu&#8217;na sevk edildi CHP Genel Ba\u015fkan<\/p>\n","protected":false},"author":1,"featured_media":2953,"comment_status":"open","ping_status":"open","sticky":false,"template":"","format":"standard","meta":{"_rtcl_gb_attr":"","footnotes":""},"categories":[44],"tags":[],"class_list":["post-2952","post","type-post","status-publish","format-standard","has-post-thumbnail","hentry","category-politika"],"_links":{"self":[{"href":"https:\/\/turkiyemhaber.com\/index.php?rest_route=\/wp\/v2\/posts\/2952","targetHints":{"allow":["GET"]}}],"collection":[{"href":"https:\/\/turkiyemhaber.com\/index.php?rest_route=\/wp\/v2\/posts"}],"about":[{"href":"https:\/\/turkiyemhaber.com\/index.php?rest_route=\/wp\/v2\/types\/post"}],"author":[{"embeddable":true,"href":"https:\/\/turkiyemhaber.com\/index.php?rest_route=\/wp\/v2\/users\/1"}],"replies":[{"embeddable":true,"href":"https:\/\/turkiyemhaber.com\/index.php?rest_route=%2Fwp%2Fv2%2Fcomments&post=2952"}],"version-history":[{"count":1,"href":"https:\/\/turkiyemhaber.com\/index.php?rest_route=\/wp\/v2\/posts\/2952\/revisions"}],"predecessor-version":[{"id":2954,"href":"https:\/\/turkiyemhaber.com\/index.php?rest_route=\/wp\/v2\/posts\/2952\/revisions\/2954"}],"wp:featuredmedia":[{"embeddable":true,"href":"https:\/\/turkiyemhaber.com\/index.php?rest_route=\/wp\/v2\/media\/2953"}],"wp:attachment":[{"href":"https:\/\/turkiyemhaber.com\/index.php?rest_route=%2Fwp%2Fv2%2Fmedia&parent=2952"}],"wp:term":[{"taxonomy":"category","embeddable":true,"href":"https:\/\/turkiyemhaber.com\/index.php?rest_route=%2Fwp%2Fv2%2Fcategories&post=2952"},{"taxonomy":"post_tag","embeddable":true,"href":"https:\/\/turkiyemhaber.com\/index.php?rest_route=%2Fwp%2Fv2%2Ftags&post=2952"}],"curies":[{"name":"wp","href":"https:\/\/api.w.org\/{rel}","templated":true}]}}