{"id":2949,"date":"2026-06-10T20:25:11","date_gmt":"2026-06-10T20:25:11","guid":{"rendered":"https:\/\/turkiyemhaber.com\/?p=2949"},"modified":"2026-06-10T20:25:15","modified_gmt":"2026-06-10T20:25:15","slug":"tekirdagda-24-ton-kacak-tutun-ele-gecirildi","status":"publish","type":"post","link":"https:\/\/turkiyemhaber.com\/?p=2949","title":{"rendered":"Tekirda\u011f&#8217;da 24 Ton Ka\u00e7ak T\u00fct\u00fcn Ele Ge\u00e7irildi"},"content":{"rendered":"\n<p class=\"wp-block-paragraph\">\u0130l Jandarma, \u00c7erkezk\u00f6y&#8217;deki bir i\u015f yerinde 23 ton 900 kg ka\u00e7ak t\u00fct\u00fcn buldu; adli i\u015flem ba\u015flat\u0131ld\u0131.<\/p>\n\n\n\n<p class=\"wp-block-paragraph\"><a href=\"https:\/\/www.sondakika.com\/tekirdag\/\">Tekirda\u011f<\/a>&#8216;da bir i\u015f yerinde 23 ton 900 kilogram ka\u00e7ak t\u00fct\u00fcn ele ge\u00e7irildi.<\/p>\n\n\n\n<p class=\"wp-block-paragraph\">\u0130l&nbsp;<a href=\"https:\/\/www.sondakika.com\/jandarma\/\">Jandarma<\/a>&nbsp;Komutanl\u0131\u011f\u0131 ekipleri,&nbsp;<a href=\"https:\/\/www.sondakika.com\/cerkezkoy-2\/\">\u00c7erkezk\u00f6y<\/a>&nbsp;il\u00e7esinde bir i\u015f yerinde ka\u00e7ak t\u00fct\u00fcn bulundu\u011fu bilgisi \u00fczerine \u00e7al\u0131\u015fma ba\u015flatt\u0131.<\/p>\n\n\n\n<p class=\"wp-block-paragraph\">Ekipler i\u015f yerinde yapt\u0131\u011f\u0131 aramada, 23 ton 900 kilogram ka\u00e7ak t\u00fct\u00fcn ele ge\u00e7irdi.<\/p>\n\n\n\n<p class=\"wp-block-paragraph\">\u0130\u015f yeri sahibi hakk\u0131nda 5607 say\u0131l\u0131&nbsp;<a href=\"https:\/\/www.sondakika.com\/kacakcilikla-mucadele\/\">Ka\u00e7ak\u00e7\u0131l\u0131kla M\u00fccadele<\/a>&nbsp;Kanunu kapsam\u0131nda adli i\u015flem ba\u015flat\u0131ld\u0131.<\/p>\n","protected":false},"excerpt":{"rendered":"<p>\u0130l Jandarma, \u00c7erkezk\u00f6y&#8217;deki bir i\u015f yerinde 23 ton 900 kg ka\u00e7ak t\u00fct\u00fcn buldu; adli i\u015flem<\/p>\n","protected":false},"author":1,"featured_media":2950,"comment_status":"open","ping_status":"open","sticky":false,"template":"","format":"standard","meta":{"_rtcl_gb_attr":"","footnotes":""},"categories":[1],"tags":[],"class_list":["post-2949","post","type-post","status-publish","format-standard","has-post-thumbnail","hentry","category-http-turkiyemhaber-com-wp-content-uploads-2026-03-saray-59-haber-13-mart-pdf"],"_links":{"self":[{"href":"https:\/\/turkiyemhaber.com\/index.php?rest_route=\/wp\/v2\/posts\/2949","targetHints":{"allow":["GET"]}}],"collection":[{"href":"https:\/\/turkiyemhaber.com\/index.php?rest_route=\/wp\/v2\/posts"}],"about":[{"href":"https:\/\/turkiyemhaber.com\/index.php?rest_route=\/wp\/v2\/types\/post"}],"author":[{"embeddable":true,"href":"https:\/\/turkiyemhaber.com\/index.php?rest_route=\/wp\/v2\/users\/1"}],"replies":[{"embeddable":true,"href":"https:\/\/turkiyemhaber.com\/index.php?rest_route=%2Fwp%2Fv2%2Fcomments&post=2949"}],"version-history":[{"count":1,"href":"https:\/\/turkiyemhaber.com\/index.php?rest_route=\/wp\/v2\/posts\/2949\/revisions"}],"predecessor-version":[{"id":2951,"href":"https:\/\/turkiyemhaber.com\/index.php?rest_route=\/wp\/v2\/posts\/2949\/revisions\/2951"}],"wp:featuredmedia":[{"embeddable":true,"href":"https:\/\/turkiyemhaber.com\/index.php?rest_route=\/wp\/v2\/media\/2950"}],"wp:attachment":[{"href":"https:\/\/turkiyemhaber.com\/index.php?rest_route=%2Fwp%2Fv2%2Fmedia&parent=2949"}],"wp:term":[{"taxonomy":"category","embeddable":true,"href":"https:\/\/turkiyemhaber.com\/index.php?rest_route=%2Fwp%2Fv2%2Fcategories&post=2949"},{"taxonomy":"post_tag","embeddable":true,"href":"https:\/\/turkiyemhaber.com\/index.php?rest_route=%2Fwp%2Fv2%2Ftags&post=2949"}],"curies":[{"name":"wp","href":"https:\/\/api.w.org\/{rel}","templated":true}]}}