{"id":2946,"date":"2026-06-10T20:21:21","date_gmt":"2026-06-10T20:21:21","guid":{"rendered":"https:\/\/turkiyemhaber.com\/?p=2946"},"modified":"2026-06-10T20:21:25","modified_gmt":"2026-06-10T20:21:25","slug":"ihrac-kararlarina-kilicdaroglundan-ilk-yorum","status":"publish","type":"post","link":"https:\/\/turkiyemhaber.com\/?p=2946","title":{"rendered":"\u0130hra\u00e7 kararlar\u0131na K\u0131l\u0131\u00e7daro\u011flu&#8217;ndan ilk yorum"},"content":{"rendered":"\n<p class=\"wp-block-paragraph\">CHP&#8217;de 9 ismin kesin ihra\u00e7 talebiyle disipline sevk edilmesine Genel Ba\u015fkan Kemal K\u0131l\u0131\u00e7daro\u011flu&#8217;ndan ilk yorum geldi. K\u0131l\u0131\u00e7daro\u011flu, &#8220;Partide \u015faibe iddialar\u0131yla an\u0131lan, kurultay s\u00fcrecinde para ili\u015fkilerine kar\u0131\u015ft\u0131\u011f\u0131 \u00f6ne s\u00fcr\u00fclen herkes aklan\u0131p gelsin. CHP, kirli siyasetten ar\u0131nacak.&#8221; dedi.<\/p>\n\n\n\n<p class=\"wp-block-paragraph\">CHP Merkez Y\u00f6netim Kurulu (MYK) CHP Genel Ba\u015fkan\u0131&nbsp;<a href=\"https:\/\/www.sondakika.com\/kemal-kilicdaroglu\/\">Kemal K\u0131l\u0131\u00e7daro\u011flu<\/a>&nbsp;ba\u015fkanl\u0131\u011f\u0131nda topland\u0131. Yakla\u015f\u0131k 4 saat s\u00fcren toplant\u0131n\u0131n ard\u0131ndan a\u00e7\u0131klamalarda bulunan CHP S\u00f6zc\u00fcs\u00fc M\u00fcslim Sar\u0131, MYK&#8217;nin g\u00fcndeminde T\u00fcrkiye&#8217;de g\u00fcndemi ve \u2018mutlak butlan&#8217; s\u00fcreci oldu\u011funu anlatt\u0131.<\/p>\n\n\n\n<p class=\"wp-block-paragraph\">Sar\u0131, &#8220;Bal\u0131kesir milletvekilimiz Ensar Aytekin, Mersin milletvekilimiz Ali Mahir Ba\u015far\u0131r, \u0130stanbul milletvekilimiz G\u00f6khan G\u00fcnayd\u0131n, Bursa milletvekilimiz Nurhayat Altaca Kay\u0131\u015fo\u011flu, \u0130stanbul milletvekilimiz \u00d6zg\u00fcr Karabat, Ankara milletvekilimiz Umut Akdo\u011fan, Malatya milletvekilimiz Veli A\u011fbaba, \u0130stanbul milletvekilimiz Turan Ta\u015fk\u0131n \u00d6zer ve Adana milletvekilimiz Burhanettin Bulut.&#8221; diyerek ihra\u00e7 talebi istenen isimleri a\u00e7\u0131klad\u0131.<\/p>\n\n\n\n<h3 class=\"wp-block-heading\">&#8220;AKLANIP GELS\u0130NLER&#8221;<\/h3>\n\n\n\n<p class=\"wp-block-paragraph\">\u0130hra\u00e7 taleplerine K\u0131l\u0131\u00e7daro\u011flu&#8217;ndan ilk yorum geldi. K\u0131l\u0131\u00e7daro\u011flu, &#8220;Partide \u015faibe iddialar\u0131yla an\u0131lan, kurultay s\u00fcrecinde para ili\u015fkilerine kar\u0131\u015ft\u0131\u011f\u0131 \u00f6ne s\u00fcr\u00fclen herkes aklan\u0131p gelsin. CHP, kirli siyasetten ar\u0131nacak.&#8221; ifadelerini kulland\u0131.<\/p>\n\n\n\n<h3 class=\"wp-block-heading\">&#8220;YARGI S\u00dcREC\u0130 \u0130\u015eL\u0130YOR&#8221;<\/h3>\n\n\n\n<p class=\"wp-block-paragraph\">\u00d6te yandan M\u00fcslim Sar\u0131, ihra\u00e7 s\u00fcre\u00e7leriyle ilgili \u015funlar\u0131 s\u00f6yledi: &#8220;Bu arkada\u015flar\u0131m\u0131z iddianamelerde yer alan dolay\u0131s\u0131yla bizim temiz siyaset anlay\u0131\u015f\u0131m\u0131z \u00e7er\u00e7evesi i\u00e7erisinde de ar\u0131nma siyasetimizin olu\u015fmas\u0131 a\u00e7\u0131s\u0131ndan, buraya katk\u0131 sa\u011flamak a\u00e7\u0131s\u0131ndan alm\u0131\u015f oldu\u011fumuz bir karara muhatap oldular. Yarg\u0131 s\u00fcreci i\u015fliyor ku\u015fkusuz. Ceza davalar\u0131 devam ediyor, \u00f6n\u00fcm\u00fczdeki s\u00fcre\u00e7te bu arkada\u015flar\u0131m\u0131z da kendilerini ispat etmek durumunda kalacaklar ve kendilerinin yarg\u0131 kar\u015f\u0131s\u0131nda savunmak durumunda kalacaklar. Aklan\u0131p gelecekler. Bizim akland\u0131ktan sonra b\u00fct\u00fcn bu arkada\u015flar\u0131m\u0131za da kap\u0131m\u0131z a\u00e7\u0131k, kalmaya devam edecekler.&#8221;<\/p>\n\n\n\n<h3 class=\"wp-block-heading\">&#8220;\u0130T\u0130RAZ YOLLARI A\u00c7IK&#8221;<\/h3>\n\n\n\n<p class=\"wp-block-paragraph\">Bas\u0131n mensuplar\u0131n\u0131n sorular\u0131n\u0131 cevaplayan Sar\u0131, parti i\u00e7 t\u00fcz\u00fc\u011f\u00fcne g\u00f6re ihra\u00e7 talebinin PM taraf\u0131ndan al\u0131nd\u0131\u011f\u0131yla ilgili soru \u00fczerine, &#8220;Parti t\u00fcz\u00fc\u011f\u00fcm\u00fczde ivedi i\u015fler ivedi durumlar diye bir ibaret ve tan\u0131mlama var ve bu ivedi durumlar \u00e7er\u00e7evesinde herhangi bir parti \u00fcyesinin disipline MYK arac\u0131l\u0131\u011f\u0131yla sevk edilmesini d\u00fczenliyor. Daha \u00f6nce de uygulamalar\u0131 var bunun. Uygulamalar \u00e7er\u00e7evesinde biz bu karar\u0131 alm\u0131\u015f durumday\u0131z Elbette arkada\u015flar\u0131m\u0131z buna itiraz edebilirler itiraz yollar\u0131 a\u00e7\u0131k. Hem MYK karar\u0131n\u0131n kendisine hem Y\u00fcksek Disiplin Kurulu&#8217;na do\u011fru bir giri\u015f s\u00f6z konusu oldu\u011funda oraya hem de ba\u015fka hukuki s\u00fcre\u00e7lere ba\u015fvurabilirler&#8221; dedi.<\/p>\n","protected":false},"excerpt":{"rendered":"<p>CHP&#8217;de 9 ismin kesin ihra\u00e7 talebiyle disipline sevk edilmesine Genel Ba\u015fkan Kemal K\u0131l\u0131\u00e7daro\u011flu&#8217;ndan ilk yorum<\/p>\n","protected":false},"author":1,"featured_media":2947,"comment_status":"open","ping_status":"open","sticky":false,"template":"","format":"standard","meta":{"_rtcl_gb_attr":"","footnotes":""},"categories":[44],"tags":[],"class_list":["post-2946","post","type-post","status-publish","format-standard","has-post-thumbnail","hentry","category-politika"],"_links":{"self":[{"href":"https:\/\/turkiyemhaber.com\/index.php?rest_route=\/wp\/v2\/posts\/2946","targetHints":{"allow":["GET"]}}],"collection":[{"href":"https:\/\/turkiyemhaber.com\/index.php?rest_route=\/wp\/v2\/posts"}],"about":[{"href":"https:\/\/turkiyemhaber.com\/index.php?rest_route=\/wp\/v2\/types\/post"}],"author":[{"embeddable":true,"href":"https:\/\/turkiyemhaber.com\/index.php?rest_route=\/wp\/v2\/users\/1"}],"replies":[{"embeddable":true,"href":"https:\/\/turkiyemhaber.com\/index.php?rest_route=%2Fwp%2Fv2%2Fcomments&post=2946"}],"version-history":[{"count":1,"href":"https:\/\/turkiyemhaber.com\/index.php?rest_route=\/wp\/v2\/posts\/2946\/revisions"}],"predecessor-version":[{"id":2948,"href":"https:\/\/turkiyemhaber.com\/index.php?rest_route=\/wp\/v2\/posts\/2946\/revisions\/2948"}],"wp:featuredmedia":[{"embeddable":true,"href":"https:\/\/turkiyemhaber.com\/index.php?rest_route=\/wp\/v2\/media\/2947"}],"wp:attachment":[{"href":"https:\/\/turkiyemhaber.com\/index.php?rest_route=%2Fwp%2Fv2%2Fmedia&parent=2946"}],"wp:term":[{"taxonomy":"category","embeddable":true,"href":"https:\/\/turkiyemhaber.com\/index.php?rest_route=%2Fwp%2Fv2%2Fcategories&post=2946"},{"taxonomy":"post_tag","embeddable":true,"href":"https:\/\/turkiyemhaber.com\/index.php?rest_route=%2Fwp%2Fv2%2Ftags&post=2946"}],"curies":[{"name":"wp","href":"https:\/\/api.w.org\/{rel}","templated":true}]}}