{"id":2939,"date":"2026-06-10T00:46:41","date_gmt":"2026-06-10T00:46:41","guid":{"rendered":"https:\/\/turkiyemhaber.com\/?p=2939"},"modified":"2026-06-10T00:46:46","modified_gmt":"2026-06-10T00:46:46","slug":"ilyas-ilbeyden-kotu-haber-kizi-dua-istedi","status":"publish","type":"post","link":"https:\/\/turkiyemhaber.com\/?p=2939","title":{"rendered":"\u0130lyas \u0130lbey&#8217;den k\u00f6t\u00fc haber! K\u0131z\u0131 dua istedi"},"content":{"rendered":"\n<p class=\"wp-block-paragraph\">Bir d\u00f6neme damga vuran \u0130nce \u0130nce Yasemince&#8217;de &#8220;\u0130tilmi\u015f ile Kak\u0131lm\u0131\u015f&#8221; karakterleriyle milyonlar\u0131n sevgilisi olan Yasemin Yal\u00e7\u0131n ve \u0130lyas \u0130lbey \u00e7iftinden \u00fczen haber geldi. G\u00f6zlerden uzak bir ya\u015fam s\u00fcren usta tiyatrocu \u0130lyas \u0130lbey&#8217;in b\u00f6bre\u011finde t\u00fcm\u00f6r tespit edildi\u011fi ve hastanede tedavi alt\u0131na al\u0131nd\u0131\u011f\u0131 \u00f6\u011frenildi.<\/p>\n\n\n\n<p class=\"wp-block-paragraph\">T\u00fcrkiye&#8217;nin unutulmaz komedi ikililerinden biri olan&nbsp;<a href=\"https:\/\/www.sondakika.com\/yasemin-yalcin-2\/\">Yasemin Yal\u00e7\u0131n<\/a>&nbsp;ve \u0130lyas \u0130lbey \u00e7ifti, uzun s\u00fcredir sakin ve g\u00f6zlerden uzak bir hayat s\u00fcr\u00fcyordu. Ancak usta sanat\u00e7\u0131 \u0130lyas \u0130lbey&#8217;in son d\u00f6nemde ya\u015fad\u0131\u011f\u0131 sa\u011fl\u0131k sorunlar\u0131&nbsp;<a href=\"https:\/\/www.sondakika.com\/magazin\/\">magazin<\/a>&nbsp;g\u00fcndemine bomba gibi d\u00fc\u015ft\u00fc.<\/p>\n\n\n\n<h3 class=\"wp-block-heading\">B\u00d6BRE\u011e\u0130NDE T\u0130M\u00d6R TESP\u0130T ED\u0130LD\u0130<\/h3>\n\n\n\n<p class=\"wp-block-paragraph\">Bir s\u00fcredir sa\u011fl\u0131k problemleriyle m\u00fccadele eden 74 ya\u015f\u0131ndaki usta tiyatrocudan gelen son haberler sevenlerini derinden \u00fczd\u00fc. Yap\u0131lan tetkikler sonucunda \u0130lyas \u0130lbey&#8217;in b\u00f6bre\u011finde t\u00fcm\u00f6r tespit edildi\u011fi a\u00e7\u0131kland\u0131. Usta sanat\u00e7\u0131n\u0131n derhal hastaneye yat\u0131r\u0131ld\u0131\u011f\u0131 ve doktor g\u00f6zetiminde yo\u011fun bir tedavi s\u00fcrecine al\u0131nd\u0131\u011f\u0131 \u00f6\u011frenildi.<\/p>\n\n\n\n<figure class=\"wp-block-image\"><img decoding=\"async\" src=\"https:\/\/foto.sondakika.com\/haber\/2026\/06\/09\/20260609_fc8fe1ea9ca14db0a3d0e26789e6ca9a.jpg\" alt=\"\u0130lyas \u0130lbey'den k\u00f6t\u00fc haber! K\u0131z\u0131 dua istedi\"\/><\/figure>\n\n\n\n<h3 class=\"wp-block-heading\">&#8220;HASTANEDEY\u0130Z, DUA BEKL\u0130YORUZ&#8221;<\/h3>\n\n\n\n<p class=\"wp-block-paragraph\">Ya\u015fanan bu \u00fcz\u00fcc\u00fc geli\u015fmenin ard\u0131ndan S\u00f6zc\u00fc Gazetesi&#8217;ne konu\u015fan \u0130lyas \u0130lbey ve Yasemin Yal\u00e7\u0131n \u00e7iftinin k\u0131zlar\u0131 Eyl\u00fcl \u0130lbey, babas\u0131n\u0131n son durumu hakk\u0131nda bilgi verdi. Babas\u0131n\u0131n tedavisinin hastanede s\u00fcrd\u00fc\u011f\u00fcn\u00fc belirten Eyl\u00fcl \u0130lbey, sanat\u00e7\u0131n\u0131n sevenlerinden dua isteyerek \u015fu ifadeleri kulland\u0131:<\/p>\n\n\n\n<p class=\"wp-block-paragraph\">&#8220;H\u00e2l\u00e2 hastanedeyiz, tamamen toparlayana kadar da kalaca\u011f\u0131z. \u0130n\u015fallah her \u015fey yoluna girecek.&#8221;<\/p>\n\n\n\n<figure class=\"wp-block-image\"><img decoding=\"async\" src=\"https:\/\/foto.sondakika.com\/haber\/2026\/06\/09\/20260609_94841cc84929494bbcc7cde5251a9be2.jpg\" alt=\"\u0130lyas \u0130lbey'den k\u00f6t\u00fc haber! K\u0131z\u0131 dua istedi\"\/><\/figure>\n","protected":false},"excerpt":{"rendered":"<p>Bir d\u00f6neme damga vuran \u0130nce \u0130nce Yasemince&#8217;de &#8220;\u0130tilmi\u015f ile Kak\u0131lm\u0131\u015f&#8221; karakterleriyle milyonlar\u0131n sevgilisi olan Yasemin<\/p>\n","protected":false},"author":1,"featured_media":2940,"comment_status":"open","ping_status":"open","sticky":false,"template":"","format":"standard","meta":{"_rtcl_gb_attr":"","footnotes":""},"categories":[41],"tags":[],"class_list":["post-2939","post","type-post","status-publish","format-standard","has-post-thumbnail","hentry","category-magazin"],"_links":{"self":[{"href":"https:\/\/turkiyemhaber.com\/index.php?rest_route=\/wp\/v2\/posts\/2939","targetHints":{"allow":["GET"]}}],"collection":[{"href":"https:\/\/turkiyemhaber.com\/index.php?rest_route=\/wp\/v2\/posts"}],"about":[{"href":"https:\/\/turkiyemhaber.com\/index.php?rest_route=\/wp\/v2\/types\/post"}],"author":[{"embeddable":true,"href":"https:\/\/turkiyemhaber.com\/index.php?rest_route=\/wp\/v2\/users\/1"}],"replies":[{"embeddable":true,"href":"https:\/\/turkiyemhaber.com\/index.php?rest_route=%2Fwp%2Fv2%2Fcomments&post=2939"}],"version-history":[{"count":1,"href":"https:\/\/turkiyemhaber.com\/index.php?rest_route=\/wp\/v2\/posts\/2939\/revisions"}],"predecessor-version":[{"id":2941,"href":"https:\/\/turkiyemhaber.com\/index.php?rest_route=\/wp\/v2\/posts\/2939\/revisions\/2941"}],"wp:featuredmedia":[{"embeddable":true,"href":"https:\/\/turkiyemhaber.com\/index.php?rest_route=\/wp\/v2\/media\/2940"}],"wp:attachment":[{"href":"https:\/\/turkiyemhaber.com\/index.php?rest_route=%2Fwp%2Fv2%2Fmedia&parent=2939"}],"wp:term":[{"taxonomy":"category","embeddable":true,"href":"https:\/\/turkiyemhaber.com\/index.php?rest_route=%2Fwp%2Fv2%2Fcategories&post=2939"},{"taxonomy":"post_tag","embeddable":true,"href":"https:\/\/turkiyemhaber.com\/index.php?rest_route=%2Fwp%2Fv2%2Ftags&post=2939"}],"curies":[{"name":"wp","href":"https:\/\/api.w.org\/{rel}","templated":true}]}}