{"id":2936,"date":"2026-06-10T00:43:05","date_gmt":"2026-06-10T00:43:05","guid":{"rendered":"https:\/\/turkiyemhaber.com\/?p=2936"},"modified":"2026-06-10T00:43:09","modified_gmt":"2026-06-10T00:43:09","slug":"eda-taspinardan-ustsuz-paylasim","status":"publish","type":"post","link":"https:\/\/turkiyemhaber.com\/?p=2936","title":{"rendered":"Eda Ta\u015fp\u0131nar&#8217;dan \u00fcsts\u00fcz payla\u015f\u0131m"},"content":{"rendered":"\n<p class=\"wp-block-paragraph\">Her yaz bronz teniyle &#8220;Di\u015fi Fedon&#8221; olarak an\u0131lan sosyetik g\u00fczel Eda Ta\u015fp\u0131nar, tatil sezonunu a\u00e7t\u0131. \u00dcsts\u00fcz g\u00fcne\u015flendi\u011fi anlar\u0131 payla\u015fan Ta\u015fp\u0131nar, &#8220;I don&#8217;t like tan lines&#8221; (Bikini izlerinden ho\u015flanm\u0131yorum)&#8221; notunu d\u00fc\u015ft\u00fc. 46 ya\u015f\u0131ndaki Ta\u015fp\u0131nar, g\u00fczelli\u011fiyle kendini hayran b\u0131rakt\u0131.<\/p>\n\n\n\n<p class=\"wp-block-paragraph\"><a href=\"https:\/\/www.sondakika.com\/eda-taspinar\/\">Eda Ta\u015fp\u0131nar<\/a>, her y\u0131l oldu\u011fu gibi bu y\u0131l da yaz sezonunu kendine has tarz\u0131yla ve iddial\u0131 bir giri\u015fle a\u00e7t\u0131. &#8220;Di\u015fi&nbsp;<a href=\"https:\/\/www.sondakika.com\/fedon\/\">Fedon<\/a>&#8221; lakab\u0131n\u0131n hakk\u0131n\u0131 fazlas\u0131yla veren 46 ya\u015f\u0131ndaki sosyetik g\u00fczel, y\u0131llard\u0131r formunu ve bronzlu\u011funu koruma konusundaki istikrar\u0131yla ad\u0131ndan s\u00f6z ettirmeyi ba\u015far\u0131yor.<\/p>\n\n\n\n<h3 class=\"wp-block-heading\">&#8220;B\u0130K\u0130N\u0130 \u0130ZLER\u0130NDEN HO\u015eLANMIYORUM&#8221;<\/h3>\n\n\n\n<p class=\"wp-block-paragraph\">Bikini izi konusundaki net tavr\u0131 da zaten onun y\u0131llard\u0131r bilinen ikonik bronz imaj\u0131n\u0131n arkas\u0131ndaki s\u0131rr\u0131 bir kez daha kan\u0131tlad\u0131. \u00dcsts\u00fcz g\u00fcne\u015flendi\u011fi anlar\u0131 payla\u015fan Ta\u015fp\u0131nar, &#8220;I don&#8217;t like tan lines&#8221; (Bikini izlerinden ho\u015flanm\u0131yorum)&#8221; notunu d\u00fc\u015ft\u00fc.<\/p>\n\n\n\n<figure class=\"wp-block-image\"><img decoding=\"async\" src=\"https:\/\/foto.sondakika.com\/haber\/2026\/06\/09\/eda-taspinardan-ustsuz-paylasi-19929986-6795_1_m.jpg\" alt=\"Eda Ta\u015fp\u0131nar'dan \u00fcsts\u00fcz payla\u015f\u0131m\"\/><\/figure>\n\n\n\n<p class=\"wp-block-paragraph\"><a href=\"https:\/\/www.sondakika.com\/eda-taspinar\/\"><strong>Eda Ta\u015fp\u0131nar<\/strong><\/a>,\u00a0<a href=\"https:\/\/www.sondakika.com\/magazin\/\"><strong>Magazin<\/strong><\/a>,\u00a0<a href=\"https:\/\/www.sondakika.com\/guncel\/\"><strong>G\u00fcncel<\/strong><\/a>,\u00a0<a href=\"https:\/\/www.sondakika.com\/tatil\/\"><strong>Tatil<\/strong><\/a>,\u00a0<a href=\"https:\/\/www.sondakika.com\/fedon\/\"><strong>Fedon<\/strong><\/a>,\u00a0<\/p>\n","protected":false},"excerpt":{"rendered":"<p>Her yaz bronz teniyle &#8220;Di\u015fi Fedon&#8221; olarak an\u0131lan sosyetik g\u00fczel Eda Ta\u015fp\u0131nar, tatil sezonunu a\u00e7t\u0131.<\/p>\n","protected":false},"author":1,"featured_media":2937,"comment_status":"open","ping_status":"open","sticky":false,"template":"","format":"standard","meta":{"_rtcl_gb_attr":"","footnotes":""},"categories":[41],"tags":[],"class_list":["post-2936","post","type-post","status-publish","format-standard","has-post-thumbnail","hentry","category-magazin"],"_links":{"self":[{"href":"https:\/\/turkiyemhaber.com\/index.php?rest_route=\/wp\/v2\/posts\/2936","targetHints":{"allow":["GET"]}}],"collection":[{"href":"https:\/\/turkiyemhaber.com\/index.php?rest_route=\/wp\/v2\/posts"}],"about":[{"href":"https:\/\/turkiyemhaber.com\/index.php?rest_route=\/wp\/v2\/types\/post"}],"author":[{"embeddable":true,"href":"https:\/\/turkiyemhaber.com\/index.php?rest_route=\/wp\/v2\/users\/1"}],"replies":[{"embeddable":true,"href":"https:\/\/turkiyemhaber.com\/index.php?rest_route=%2Fwp%2Fv2%2Fcomments&post=2936"}],"version-history":[{"count":1,"href":"https:\/\/turkiyemhaber.com\/index.php?rest_route=\/wp\/v2\/posts\/2936\/revisions"}],"predecessor-version":[{"id":2938,"href":"https:\/\/turkiyemhaber.com\/index.php?rest_route=\/wp\/v2\/posts\/2936\/revisions\/2938"}],"wp:featuredmedia":[{"embeddable":true,"href":"https:\/\/turkiyemhaber.com\/index.php?rest_route=\/wp\/v2\/media\/2937"}],"wp:attachment":[{"href":"https:\/\/turkiyemhaber.com\/index.php?rest_route=%2Fwp%2Fv2%2Fmedia&parent=2936"}],"wp:term":[{"taxonomy":"category","embeddable":true,"href":"https:\/\/turkiyemhaber.com\/index.php?rest_route=%2Fwp%2Fv2%2Fcategories&post=2936"},{"taxonomy":"post_tag","embeddable":true,"href":"https:\/\/turkiyemhaber.com\/index.php?rest_route=%2Fwp%2Fv2%2Ftags&post=2936"}],"curies":[{"name":"wp","href":"https:\/\/api.w.org\/{rel}","templated":true}]}}