{"id":2933,"date":"2026-06-10T00:26:58","date_gmt":"2026-06-10T00:26:58","guid":{"rendered":"https:\/\/turkiyemhaber.com\/?p=2933"},"modified":"2026-06-10T00:27:01","modified_gmt":"2026-06-10T00:27:01","slug":"motosiklet-kazasinda-sehit-pilotun-kardesi-hayatini-kaybetti","status":"publish","type":"post","link":"https:\/\/turkiyemhaber.com\/?p=2933","title":{"rendered":"Motosiklet Kazas\u0131nda \u015eehit Pilotun Karde\u015fi Hayat\u0131n\u0131 Kaybetti"},"content":{"rendered":"\n<p class=\"wp-block-paragraph\">Malatya&#8217;da motosikletiyle ref\u00fcje \u00e7arparak devrilen Emrah Ertan (27) hayat\u0131n\u0131 kaybetti. Ertan&#8217;\u0131n, 2012&#8217;de Suriye taraf\u0131ndan d\u00fc\u015f\u00fcr\u00fclen ke\u015fif u\u00e7a\u011f\u0131nda \u015fehit olan Pilot Y\u00fczba\u015f\u0131 G\u00f6khan Ertan&#8217;\u0131n karde\u015fi oldu\u011fu \u00f6\u011frenildi.<\/p>\n\n\n\n<p class=\"wp-block-paragraph\">MALATYA&#8217;da ref\u00fcje \u00e7arp\u0131p devrilen motosikletin s\u00fcr\u00fcc\u00fcs\u00fc Emrah Ertan (27), hayat\u0131n\u0131 kaybetti. Ertan&#8217;\u0131n, 2012 y\u0131l\u0131nda&nbsp;<a href=\"https:\/\/www.sondakika.com\/suriye\/\">Suriye<\/a>&nbsp;taraf\u0131ndan d\u00fc\u015f\u00fcr\u00fclen ke\u015fif u\u00e7a\u011f\u0131nda \u015fehit olan&nbsp;<a href=\"https:\/\/www.sondakika.com\/pilot\/\">Pilot<\/a>&nbsp;Y\u00fczba\u015f\u0131&nbsp;<a href=\"https:\/\/www.sondakika.com\/gokhan-ertan\/\">G\u00f6khan Ertan<\/a>&#8216;\u0131n karde\u015fi oldu\u011fu \u00f6\u011frenildi.<\/p>\n\n\n\n<p class=\"wp-block-paragraph\">Kaza, Ye\u015filyurt il\u00e7esi \u0130n\u00f6n\u00fc Mahallesi \u00e7evre yolunda meydana geldi. Emrah Ertan&#8217;\u0131n kontrol\u00fcn\u00fc kaybetti\u011fi 44 AIL 998 plakal\u0131 motosiklet, ref\u00fcje \u00e7arp\u0131p devrildi. \u0130hbar \u00fczerine kaza yerine sa\u011fl\u0131k ve polis ekipleri sevk edildi. A\u011f\u0131r yaralanan Ertan, ambulans ile kald\u0131r\u0131ld\u0131\u011f\u0131&nbsp;<a href=\"https:\/\/www.sondakika.com\/malatya\/\">Malatya<\/a>&nbsp;E\u011fitim ve Ara\u015ft\u0131rma Hastanesi&#8217;nde doktorlar\u0131n m\u00fcdahalesine ra\u011fmen kurtar\u0131lamad\u0131. \u00c7evre, \u015eehircilik ve \u0130klim De\u011fi\u015fikli\u011fi \u0130l M\u00fcd\u00fcrl\u00fc\u011f\u00fc&#8217;nde bilgisayar m\u00fchendisi olarak g\u00f6rev yapt\u0131\u011f\u0131 \u00f6\u011frenilen Emrah Ertan&#8217;\u0131n, 22 Haziran 2012 tarihinde Do\u011fu Akdeniz \u00fczerinde g\u00f6rev u\u00e7u\u015fu s\u0131ras\u0131nda Suriye taraf\u0131ndan d\u00fc\u015f\u00fcr\u00fclen RF-4E tipi T\u00fcrk ke\u015fif u\u00e7a\u011f\u0131nda \u015fehit olan Pilot Y\u00fczba\u015f\u0131 G\u00f6khan Ertan&#8217;\u0131n karde\u015fi oldu\u011fu belirtildi. Ertan&#8217;\u0131n cenazesi, otopsi i\u015flemleri i\u00e7in Malatya Adli T\u0131p Kurumu&#8217;nun morguna kald\u0131r\u0131ld\u0131.<\/p>\n\n\n\n<p class=\"wp-block-paragraph\">Kazayla ilgili soru\u015fturma ba\u015flat\u0131ld\u0131.<\/p>\n","protected":false},"excerpt":{"rendered":"<p>Malatya&#8217;da motosikletiyle ref\u00fcje \u00e7arparak devrilen Emrah Ertan (27) hayat\u0131n\u0131 kaybetti. Ertan&#8217;\u0131n, 2012&#8217;de Suriye taraf\u0131ndan d\u00fc\u015f\u00fcr\u00fclen<\/p>\n","protected":false},"author":1,"featured_media":2934,"comment_status":"open","ping_status":"open","sticky":false,"template":"","format":"standard","meta":{"_rtcl_gb_attr":"","footnotes":""},"categories":[1],"tags":[],"class_list":["post-2933","post","type-post","status-publish","format-standard","has-post-thumbnail","hentry","category-http-turkiyemhaber-com-wp-content-uploads-2026-03-saray-59-haber-13-mart-pdf"],"_links":{"self":[{"href":"https:\/\/turkiyemhaber.com\/index.php?rest_route=\/wp\/v2\/posts\/2933","targetHints":{"allow":["GET"]}}],"collection":[{"href":"https:\/\/turkiyemhaber.com\/index.php?rest_route=\/wp\/v2\/posts"}],"about":[{"href":"https:\/\/turkiyemhaber.com\/index.php?rest_route=\/wp\/v2\/types\/post"}],"author":[{"embeddable":true,"href":"https:\/\/turkiyemhaber.com\/index.php?rest_route=\/wp\/v2\/users\/1"}],"replies":[{"embeddable":true,"href":"https:\/\/turkiyemhaber.com\/index.php?rest_route=%2Fwp%2Fv2%2Fcomments&post=2933"}],"version-history":[{"count":1,"href":"https:\/\/turkiyemhaber.com\/index.php?rest_route=\/wp\/v2\/posts\/2933\/revisions"}],"predecessor-version":[{"id":2935,"href":"https:\/\/turkiyemhaber.com\/index.php?rest_route=\/wp\/v2\/posts\/2933\/revisions\/2935"}],"wp:featuredmedia":[{"embeddable":true,"href":"https:\/\/turkiyemhaber.com\/index.php?rest_route=\/wp\/v2\/media\/2934"}],"wp:attachment":[{"href":"https:\/\/turkiyemhaber.com\/index.php?rest_route=%2Fwp%2Fv2%2Fmedia&parent=2933"}],"wp:term":[{"taxonomy":"category","embeddable":true,"href":"https:\/\/turkiyemhaber.com\/index.php?rest_route=%2Fwp%2Fv2%2Fcategories&post=2933"},{"taxonomy":"post_tag","embeddable":true,"href":"https:\/\/turkiyemhaber.com\/index.php?rest_route=%2Fwp%2Fv2%2Ftags&post=2933"}],"curies":[{"name":"wp","href":"https:\/\/api.w.org\/{rel}","templated":true}]}}