{"id":2927,"date":"2026-06-10T00:21:47","date_gmt":"2026-06-10T00:21:47","guid":{"rendered":"https:\/\/turkiyemhaber.com\/?p=2927"},"modified":"2026-06-10T00:21:51","modified_gmt":"2026-06-10T00:21:51","slug":"malatyada-apartman-catisinda-gocuk","status":"publish","type":"post","link":"https:\/\/turkiyemhaber.com\/?p=2927","title":{"rendered":"Malatya&#8217;da Apartman \u00c7at\u0131s\u0131nda G\u00f6\u00e7\u00fck"},"content":{"rendered":"\n<p class=\"wp-block-paragraph\">Malatya&#8217;da bir apartman\u0131n \u00e7at\u0131 k\u0131sm\u0131nda g\u00f6\u00e7\u00fck ya\u015fand\u0131, \u00e7evrede g\u00fcvenlik \u00f6nlemleri al\u0131nd\u0131.<\/p>\n\n\n\n<p class=\"wp-block-paragraph\"><a href=\"https:\/\/www.sondakika.com\/malatya\/\">Malatya<\/a>&#8216;da bir apartman\u0131n \u00e7at\u0131 k\u0131sm\u0131nda meydana gelen g\u00f6\u00e7\u00fck pani\u011fe neden oldu.<\/p>\n\n\n\n<p class=\"wp-block-paragraph\">Olay, Battalgazi il\u00e7esi Halfettin Mahallesi Arap Osman Caddesi \u00fczerinde meydana geldi. Edinilen bilgilere g\u00f6re, bir apartman\u0131n \u00e7at\u0131 b\u00f6l\u00fcm\u00fcnde hen\u00fcz bilinmeyen bir nedenle g\u00f6\u00e7\u00fck olu\u015ftu. Durumun bildirilmesi \u00fczerine b\u00f6lgeye polis ile itfaiye ekipleri sevk edildi. Olay yerine gelen ekipler, \u00e7\u00f6kme ya\u015fanan \u00e7at\u0131 b\u00f6l\u00fcm\u00fcnde incelemelerde bulunurken, \u00e7evrede g\u00fcvenlik \u00f6nlemleri ald\u0131. Herhangi bir yaralanman\u0131n ya\u015fanmad\u0131\u011f\u0131 olayla ilgili inceleme ba\u015flat\u0131ld\u0131. &#8211; MALATYA<\/p>\n","protected":false},"excerpt":{"rendered":"<p>Malatya&#8217;da bir apartman\u0131n \u00e7at\u0131 k\u0131sm\u0131nda g\u00f6\u00e7\u00fck ya\u015fand\u0131, \u00e7evrede g\u00fcvenlik \u00f6nlemleri al\u0131nd\u0131. Malatya&#8216;da bir apartman\u0131n \u00e7at\u0131<\/p>\n","protected":false},"author":1,"featured_media":2928,"comment_status":"open","ping_status":"open","sticky":false,"template":"","format":"standard","meta":{"_rtcl_gb_attr":"","footnotes":""},"categories":[1],"tags":[],"class_list":["post-2927","post","type-post","status-publish","format-standard","has-post-thumbnail","hentry","category-http-turkiyemhaber-com-wp-content-uploads-2026-03-saray-59-haber-13-mart-pdf"],"_links":{"self":[{"href":"https:\/\/turkiyemhaber.com\/index.php?rest_route=\/wp\/v2\/posts\/2927","targetHints":{"allow":["GET"]}}],"collection":[{"href":"https:\/\/turkiyemhaber.com\/index.php?rest_route=\/wp\/v2\/posts"}],"about":[{"href":"https:\/\/turkiyemhaber.com\/index.php?rest_route=\/wp\/v2\/types\/post"}],"author":[{"embeddable":true,"href":"https:\/\/turkiyemhaber.com\/index.php?rest_route=\/wp\/v2\/users\/1"}],"replies":[{"embeddable":true,"href":"https:\/\/turkiyemhaber.com\/index.php?rest_route=%2Fwp%2Fv2%2Fcomments&post=2927"}],"version-history":[{"count":1,"href":"https:\/\/turkiyemhaber.com\/index.php?rest_route=\/wp\/v2\/posts\/2927\/revisions"}],"predecessor-version":[{"id":2929,"href":"https:\/\/turkiyemhaber.com\/index.php?rest_route=\/wp\/v2\/posts\/2927\/revisions\/2929"}],"wp:featuredmedia":[{"embeddable":true,"href":"https:\/\/turkiyemhaber.com\/index.php?rest_route=\/wp\/v2\/media\/2928"}],"wp:attachment":[{"href":"https:\/\/turkiyemhaber.com\/index.php?rest_route=%2Fwp%2Fv2%2Fmedia&parent=2927"}],"wp:term":[{"taxonomy":"category","embeddable":true,"href":"https:\/\/turkiyemhaber.com\/index.php?rest_route=%2Fwp%2Fv2%2Fcategories&post=2927"},{"taxonomy":"post_tag","embeddable":true,"href":"https:\/\/turkiyemhaber.com\/index.php?rest_route=%2Fwp%2Fv2%2Ftags&post=2927"}],"curies":[{"name":"wp","href":"https:\/\/api.w.org\/{rel}","templated":true}]}}