{"id":2912,"date":"2026-06-10T00:00:43","date_gmt":"2026-06-10T00:00:43","guid":{"rendered":"https:\/\/turkiyemhaber.com\/?p=2912"},"modified":"2026-06-10T00:00:46","modified_gmt":"2026-06-10T00:00:46","slug":"hakkaride-binanin-bodrumunda-olu-bulunan-kadinin-esi-tutuklandi","status":"publish","type":"post","link":"https:\/\/turkiyemhaber.com\/?p=2912","title":{"rendered":"Hakkari&#8217;de binan\u0131n bodrumunda \u00f6l\u00fc bulunan kad\u0131n\u0131n e\u015fi tutukland\u0131"},"content":{"rendered":"\n<p class=\"wp-block-paragraph\">Hakkari&#8217;de 45 ya\u015f\u0131ndaki kad\u0131n\u0131n ya\u015fad\u0131\u011f\u0131 binan\u0131n bodrum kat\u0131nda \u00f6l\u00fc bulunmas\u0131n\u0131n ard\u0131ndan g\u00f6zalt\u0131na al\u0131nan e\u015fi &#8220;kasten \u00f6ld\u00fcrme&#8221; su\u00e7undan tutukland\u0131. Adam\u0131n, e\u015finin kafas\u0131na sopayla vurarak \u00f6ld\u00fcrd\u00fc\u011f\u00fcn\u00fc itiraf etti\u011fi \u00f6\u011frenildi.<\/p>\n\n\n\n<p class=\"wp-block-paragraph\"><a href=\"https:\/\/www.sondakika.com\/hakkari\/\">Hakkari<\/a>&#8216;de ya\u015fad\u0131\u011f\u0131 binan\u0131n bodrum kat\u0131nda cans\u0131z bedeni bulunan Hamide \u00c7ift\u00e7i&#8217;nin (43) \u00f6l\u00fcm\u00fcne ili\u015fkin soru\u015fturmada \u015f\u00fcpheli olarak g\u00f6zalt\u0131na al\u0131nan e\u015fi Lezgin \u00c7itfi, \u00e7\u0131kar\u0131ld\u0131\u011f\u0131 mahkemece tutukland\u0131.<\/p>\n\n\n\n<h3 class=\"wp-block-heading\">KAFASINA SOPAYLA VURARAK \u00d6LD\u00dcRM\u00dc\u015e<\/h3>\n\n\n\n<p class=\"wp-block-paragraph\">Ba\u011flar Mahallesi&#8217;nde ya\u015fayan 5 \u00e7ocuk annesi Hamide \u00c7ift\u00e7i&#8217;nin \u00f6l\u00fc bulunmas\u0131na ili\u015fkin soru\u015fturma kapsam\u0131nda yakalanan e\u015fi L.\u00c7&#8217;nin Emniyet M\u00fcd\u00fcrl\u00fc\u011f\u00fcndeki i\u015flemleri tamamland\u0131.<\/p>\n\n\n\n<p class=\"wp-block-paragraph\">Adliyeye sevk edilen L.\u00c7, \u00e7\u0131kar\u0131ld\u0131\u011f\u0131 Sulh Ceza Hakimli\u011fince &#8220;kasten \u00f6ld\u00fcrme&#8221; su\u00e7undan tutukland\u0131.<\/p>\n\n\n\n<p class=\"wp-block-paragraph\">Zanl\u0131n\u0131n, ifadesinde e\u015finin kafas\u0131na sopayla vurarak \u00f6ld\u00fcrd\u00fc\u011f\u00fcn\u00fc itiraf etti\u011fi \u00f6\u011frenildi.<\/p>\n\n\n\n<h3 class=\"wp-block-heading\">B\u0130NANIN BODRUMUNDA CANSIZ BEDEN\u0130 BULUNMU\u015eTU<\/h3>\n\n\n\n<p class=\"wp-block-paragraph\">\u00d6nceki g\u00fcn Ba\u011flar Mahallesi&#8217;ndeki afet konutlar\u0131nda ya\u015fayan Hamide \u00c7ift\u00e7i&#8217;den haber alamayan yak\u0131nlar\u0131, Emniyet M\u00fcd\u00fcrl\u00fc\u011f\u00fcne ihbarda bulunmu\u015ftu.<\/p>\n\n\n\n<p class=\"wp-block-paragraph\">Aramalar\u0131n\u0131 s\u00fcrd\u00fcren aile \u00fcyeleri, d\u00fcn sabah saatlerinde kad\u0131n\u0131 binan\u0131n bodrum kat\u0131nda hareketsiz yatarken g\u00f6rm\u00fc\u015ft\u00fc.&nbsp;Olay yerine sevk edilen ekiplerce yap\u0131lan incelemede \u00c7ift\u00e7i&#8217;nin hayat\u0131n\u0131 kaybetti\u011fi belirlenmi\u015fti.<\/p>\n","protected":false},"excerpt":{"rendered":"<p>Hakkari&#8217;de 45 ya\u015f\u0131ndaki kad\u0131n\u0131n ya\u015fad\u0131\u011f\u0131 binan\u0131n bodrum kat\u0131nda \u00f6l\u00fc bulunmas\u0131n\u0131n ard\u0131ndan g\u00f6zalt\u0131na al\u0131nan e\u015fi &#8220;kasten<\/p>\n","protected":false},"author":1,"featured_media":2913,"comment_status":"open","ping_status":"open","sticky":false,"template":"","format":"standard","meta":{"_rtcl_gb_attr":"","footnotes":""},"categories":[1],"tags":[],"class_list":["post-2912","post","type-post","status-publish","format-standard","has-post-thumbnail","hentry","category-http-turkiyemhaber-com-wp-content-uploads-2026-03-saray-59-haber-13-mart-pdf"],"_links":{"self":[{"href":"https:\/\/turkiyemhaber.com\/index.php?rest_route=\/wp\/v2\/posts\/2912","targetHints":{"allow":["GET"]}}],"collection":[{"href":"https:\/\/turkiyemhaber.com\/index.php?rest_route=\/wp\/v2\/posts"}],"about":[{"href":"https:\/\/turkiyemhaber.com\/index.php?rest_route=\/wp\/v2\/types\/post"}],"author":[{"embeddable":true,"href":"https:\/\/turkiyemhaber.com\/index.php?rest_route=\/wp\/v2\/users\/1"}],"replies":[{"embeddable":true,"href":"https:\/\/turkiyemhaber.com\/index.php?rest_route=%2Fwp%2Fv2%2Fcomments&post=2912"}],"version-history":[{"count":1,"href":"https:\/\/turkiyemhaber.com\/index.php?rest_route=\/wp\/v2\/posts\/2912\/revisions"}],"predecessor-version":[{"id":2914,"href":"https:\/\/turkiyemhaber.com\/index.php?rest_route=\/wp\/v2\/posts\/2912\/revisions\/2914"}],"wp:featuredmedia":[{"embeddable":true,"href":"https:\/\/turkiyemhaber.com\/index.php?rest_route=\/wp\/v2\/media\/2913"}],"wp:attachment":[{"href":"https:\/\/turkiyemhaber.com\/index.php?rest_route=%2Fwp%2Fv2%2Fmedia&parent=2912"}],"wp:term":[{"taxonomy":"category","embeddable":true,"href":"https:\/\/turkiyemhaber.com\/index.php?rest_route=%2Fwp%2Fv2%2Fcategories&post=2912"},{"taxonomy":"post_tag","embeddable":true,"href":"https:\/\/turkiyemhaber.com\/index.php?rest_route=%2Fwp%2Fv2%2Ftags&post=2912"}],"curies":[{"name":"wp","href":"https:\/\/api.w.org\/{rel}","templated":true}]}}