{"id":2901,"date":"2026-06-09T23:48:10","date_gmt":"2026-06-09T23:48:10","guid":{"rendered":"https:\/\/turkiyemhaber.com\/?p=2901"},"modified":"2026-06-09T23:49:18","modified_gmt":"2026-06-09T23:49:18","slug":"galatasarayin-teklifine-henuz-cevap-vermeyen-icardi-maldivlerde-keyif-catiyor","status":"publish","type":"post","link":"https:\/\/turkiyemhaber.com\/?p=2901","title":{"rendered":"Galatasaray&#8217;\u0131n teklifine hen\u00fcz cevap vermeyen Icardi, Maldivler&#8217;de keyif \u00e7at\u0131yor"},"content":{"rendered":"\n<p class=\"wp-block-paragraph\">Sezonun bitmesiyle birlikte k\u0131z arkada\u015f\u0131yla Japonya&#8217;ya giden, oradan da \u00fclkesi Arjantin&#8217;e d\u00f6nen Mauro Icardi, Galatasaray&#8217;\u0131n yeni s\u00f6zle\u015fme teklifine cevap vermeden \u015fimdi de Maldivler&#8217;e gitti. Icardi&#8217;nin yeni s\u00f6zle\u015fme g\u00f6r\u00fc\u015fmelerini a\u011f\u0131rdan ald\u0131\u011f\u0131 belirtildi.<\/p>\n\n\n\n<p class=\"wp-block-paragraph\"><a href=\"https:\/\/www.sondakika.com\/galatasaray\/\">Galatasaray<\/a>&nbsp;ile olan s\u00f6zle\u015fmesi 30 Haziran&#8217;da sona erecek olan&nbsp;<a href=\"https:\/\/www.sondakika.com\/mauro-icardi\/\">Mauro Icardi<\/a>, sar\u0131-k\u0131rm\u0131z\u0131l\u0131 kul\u00fcpten gelen yeni kontrat teklifine hen\u00fcz bir yan\u0131t vermedi.&nbsp;<\/p>\n\n\n\n<h3 class=\"wp-block-heading\">ICARDI TAT\u0130LDE KEY\u0130F S\u00dcR\u00dcYOR<\/h3>\n\n\n\n<p class=\"wp-block-paragraph\">Sar\u0131-k\u0131rm\u0131z\u0131l\u0131 formayla \u015fampiyonluk sevinci ya\u015fad\u0131ktan hemen sonra&nbsp;<a href=\"https:\/\/www.sondakika.com\/japonya\/\">Japonya<\/a>&#8216;ya u\u00e7an Icardi, oradaki tatilinin ard\u0131ndan solu\u011fu memleketi&nbsp;<a href=\"https:\/\/www.sondakika.com\/arjantin\/\">Arjantin<\/a>&#8216;de alm\u0131\u015ft\u0131. K\u0131zlar\u0131 Francesca ve Isabella ile hasret gideren 33 ya\u015f\u0131ndaki santrforun son dura\u011f\u0131 ise Maldivler oldu. Sosyal medya hesab\u0131ndan k\u0131z arkada\u015f\u0131yla birlikte tropikal cennetten foto\u011fraflar payla\u015fan Icardi, tatilin tad\u0131n\u0131 \u00e7\u0131karmay\u0131 s\u00fcrd\u00fcr\u00fcyor.<\/p>\n\n\n\n<figure class=\"wp-block-image\"><img decoding=\"async\" src=\"https:\/\/foto.sondakika.com\/haber\/2026\/06\/09\/galatasarayin-teklifine-henuz-31840910-9559_1_m.jpg\" alt=\"Galatasaray'\u0131n teklifine hen\u00fcz cevap vermeyen Icardi, Maldivler'de keyif \u00e7at\u0131yor\"\/><\/figure>\n\n\n\n<h3 class=\"wp-block-heading\">Y\u00d6NET\u0130M CEVAP BEKL\u0130YOR<\/h3>\n\n\n\n<p class=\"wp-block-paragraph\">Galatasaray y\u00f6netimi, sezonun bitmesinin ard\u0131ndan Arjantinli golc\u00fcye 5 milyon Euro&#8217;luk teklifte bulunmu\u015ftu. Icardi&#8217;nin \u015fu ana dek kendisine gelen teklife cevap vermedi\u011fi, s\u00fcreci a\u011f\u0131rdan ald\u0131\u011f\u0131 ve tatiline odakland\u0131\u011f\u0131 belirtildi.&nbsp;<\/p>\n\n\n\n<figure class=\"wp-block-image\"><img decoding=\"async\" src=\"https:\/\/foto.sondakika.com\/haber\/2026\/06\/09\/galatasarayin-teklifine-henuz-8a8572011a-9281_1_m.jpg\" alt=\"Galatasaray'\u0131n teklifine hen\u00fcz cevap vermeyen Icardi, Maldivler'de keyif \u00e7at\u0131yor\"\/><\/figure>\n\n\n\n<p class=\"wp-block-paragraph\"><\/p>\n","protected":false},"excerpt":{"rendered":"<p>Sezonun bitmesiyle birlikte k\u0131z arkada\u015f\u0131yla Japonya&#8217;ya giden, oradan da \u00fclkesi Arjantin&#8217;e d\u00f6nen Mauro Icardi, Galatasaray&#8217;\u0131n<\/p>\n","protected":false},"author":1,"featured_media":2902,"comment_status":"open","ping_status":"open","sticky":false,"template":"","format":"standard","meta":{"_rtcl_gb_attr":"","footnotes":""},"categories":[3],"tags":[],"class_list":["post-2901","post","type-post","status-publish","format-standard","has-post-thumbnail","hentry","category-spor"],"_links":{"self":[{"href":"https:\/\/turkiyemhaber.com\/index.php?rest_route=\/wp\/v2\/posts\/2901","targetHints":{"allow":["GET"]}}],"collection":[{"href":"https:\/\/turkiyemhaber.com\/index.php?rest_route=\/wp\/v2\/posts"}],"about":[{"href":"https:\/\/turkiyemhaber.com\/index.php?rest_route=\/wp\/v2\/types\/post"}],"author":[{"embeddable":true,"href":"https:\/\/turkiyemhaber.com\/index.php?rest_route=\/wp\/v2\/users\/1"}],"replies":[{"embeddable":true,"href":"https:\/\/turkiyemhaber.com\/index.php?rest_route=%2Fwp%2Fv2%2Fcomments&post=2901"}],"version-history":[{"count":2,"href":"https:\/\/turkiyemhaber.com\/index.php?rest_route=\/wp\/v2\/posts\/2901\/revisions"}],"predecessor-version":[{"id":2905,"href":"https:\/\/turkiyemhaber.com\/index.php?rest_route=\/wp\/v2\/posts\/2901\/revisions\/2905"}],"wp:featuredmedia":[{"embeddable":true,"href":"https:\/\/turkiyemhaber.com\/index.php?rest_route=\/wp\/v2\/media\/2902"}],"wp:attachment":[{"href":"https:\/\/turkiyemhaber.com\/index.php?rest_route=%2Fwp%2Fv2%2Fmedia&parent=2901"}],"wp:term":[{"taxonomy":"category","embeddable":true,"href":"https:\/\/turkiyemhaber.com\/index.php?rest_route=%2Fwp%2Fv2%2Fcategories&post=2901"},{"taxonomy":"post_tag","embeddable":true,"href":"https:\/\/turkiyemhaber.com\/index.php?rest_route=%2Fwp%2Fv2%2Ftags&post=2901"}],"curies":[{"name":"wp","href":"https:\/\/api.w.org\/{rel}","templated":true}]}}