{"id":2888,"date":"2026-06-09T23:30:08","date_gmt":"2026-06-09T23:30:08","guid":{"rendered":"https:\/\/turkiyemhaber.com\/?p=2888"},"modified":"2026-06-09T23:30:12","modified_gmt":"2026-06-09T23:30:12","slug":"supheli-sekilde-hayatini-kaybeden-irmak-ogretmenin-kahreden-goruntuleri","status":"publish","type":"post","link":"https:\/\/turkiyemhaber.com\/?p=2888","title":{"rendered":"\u015e\u00fcpheli \u015fekilde hayat\u0131n\u0131 kaybeden Irmak \u00f6\u011fretmenin kahreden g\u00f6r\u00fcnt\u00fcleri"},"content":{"rendered":"\n<p class=\"wp-block-paragraph\">A\u011fr\u0131&#8217;n\u0131n Hamur il\u00e7esinde \u015f\u00fcpheli \u015fekilde hayat\u0131n\u0131 kaybeden anas\u0131n\u0131f\u0131 \u00f6\u011fretmeni Irmak Ay\u015fe Koparan&#8217;dan geriye kahreden g\u00f6r\u00fcnt\u00fcleri kald\u0131. Koparan&#8217;\u0131n Ramazan ay\u0131nda ihtiya\u00e7 sahiplerine yard\u0131m g\u00f6t\u00fcrd\u00fc\u011f\u00fc g\u00f6r\u00fcnt\u00fcler ortaya \u00e7\u0131kt\u0131.<\/p>\n\n\n\n<figure class=\"wp-block-video\"><video height=\"1920\" style=\"aspect-ratio: 1080 \/ 1920;\" width=\"1080\" controls src=\"https:\/\/turkiyemhaber.com\/wp-content\/uploads\/2026\/06\/Cok-yakinda-Instagram-Hikayesi-5.mp4\"><\/video><\/figure>\n\n\n\n<p class=\"wp-block-paragraph\"><a href=\"https:\/\/www.sondakika.com\/agri\/\">A\u011fr\u0131<\/a>&#8216;n\u0131n&nbsp;<a href=\"https:\/\/www.sondakika.com\/hamur\/\">Hamur<\/a>&nbsp;il\u00e7esine ba\u011fl\u0131 So\u011fanl\u0131tepe \u0130lkokulu&#8217;nda \u015fubat ay\u0131nda anas\u0131n\u0131f\u0131 \u00f6\u011fretmeni olarak g\u00f6reve ba\u015flayan Irmak Ay\u015fe Koparan&#8217;dan haber alamayan arkada\u015flar\u0131, durumu 112 Acil \u00c7a\u011fr\u0131 Merkezi&#8217;ne bildirdi. \u0130hbar \u00fczerine Koparan&#8217;\u0131n ya\u015fad\u0131\u011f\u0131 Abide Mahallesi Bey Sitesi&#8217;nE polis ve sa\u011fl\u0131k ekipleri sevk edildi.<\/p>\n\n\n\n<h3 class=\"wp-block-heading\">KOPARAN&#8217;IN CANSIZ BEDEN\u0130 EV\u0130NDE BULUNDU<\/h3>\n\n\n\n<p class=\"wp-block-paragraph\">Eve giren ekipler, Koparan\u2019\u0131n cans\u0131z bedeniyle kar\u015f\u0131la\u015ft\u0131. Yap\u0131lan incelemelerin ard\u0131ndan Koparan&#8217;\u0131n cenazesi, kesin \u00f6l\u00fcm nedeninin belirlenmesi amac\u0131yla otopsi yap\u0131lmak \u00fczere morga kald\u0131r\u0131ld\u0131.<\/p>\n\n\n\n<p class=\"wp-block-paragraph\">Olayla ilgili A\u011fr\u0131 Cumhuriyet Ba\u015fsavc\u0131l\u0131\u011f\u0131 taraf\u0131ndan soru\u015fturma ba\u015flat\u0131l\u0131rken, A\u011fr\u0131 \u0130l Milli E\u011fitim M\u00fcd\u00fcrl\u00fc\u011f\u00fc&#8217;n\u00fcn de olay\u0131n t\u00fcm y\u00f6nleriyle incelenmesi amac\u0131yla m\u00fcfetti\u015f g\u00f6revlendirdi\u011fi \u00f6\u011frenildi. Irmak Ay\u015fe Koparan\u2019\u0131n \u00f6l\u00fcm nedeni yap\u0131lacak otopsinin ard\u0131ndan netlik kazanacak.<\/p>\n\n\n\n<h3 class=\"wp-block-heading\">RAMAZAN AYINDA, \u0130HT\u0130YA\u00c7 SAH\u0130PLER\u0130NE YARDIM G\u00d6T\u00dcRM\u00dc\u015e<\/h3>\n\n\n\n<p class=\"wp-block-paragraph\">\u00d6te yandan Irmak \u00f6\u011fretmenin Ramazan ay\u0131ndaki g\u00f6r\u00fcnt\u00fcleri kahretti. Koparan&#8217;\u0131n Ramazan ay\u0131nda ihtiya\u00e7 sahibi ailelere yard\u0131m g\u00f6t\u00fcrd\u00fc\u011f\u00fc g\u00f6r\u00fcnt\u00fcler ortaya \u00e7\u0131kt\u0131.<\/p>\n\n\n\n<h3 class=\"wp-block-heading\">A\u011eRI VAL\u0130L\u0130\u011e\u0130NDEN A\u00c7IKLAMA GELD\u0130<\/h3>\n\n\n\n<p class=\"wp-block-paragraph\">\u00d6te yandan A\u011fr\u0131 Valili\u011fi, \u00f6\u011fretmen Irmak Ay\u015fe Koparan\u2019\u0131n \u00f6l\u00fcm\u00fcyle ilgili Cumhuriyet Ba\u015fsavc\u0131l\u0131\u011f\u0131nca adli soru\u015fturma ba\u015flat\u0131ld\u0131\u011f\u0131n\u0131 ve olay\u0131n t\u00fcm y\u00f6nleriyle ayd\u0131nlat\u0131lmas\u0131 amac\u0131yla soru\u015fturma s\u00fcrecinin titizlikle y\u00fcr\u00fct\u00fcld\u00fc\u011f\u00fcn\u00fc bildirdi.<\/p>\n\n\n\n<p class=\"wp-block-paragraph\">Valilikten yap\u0131lan a\u00e7\u0131klamada, Hamur il\u00e7esinde g\u00f6rev yapan \u00f6\u011fretmen Irmak Ay\u015fe Koparan\u2019dan 7 Haziran Pazar g\u00fcn\u00fc haber al\u0131namad\u0131\u011f\u0131 y\u00f6n\u00fcnde 112 Acil \u00c7a\u011fr\u0131 Merkezi\u2019ne gelen ihbar \u00fczerine ilgili ekiplerce gerekli inceleme ve ara\u015ft\u0131rmalar\u0131n yap\u0131ld\u0131\u011f\u0131 belirtildi.<\/p>\n\n\n\n<h3 class=\"wp-block-heading\">M\u00dcFETT\u0130\u015e G\u00d6REVLEND\u0130R\u0130LD\u0130<\/h3>\n\n\n\n<p class=\"wp-block-paragraph\">\u00c7al\u0131\u015fmalar sonucunda Koparan\u2019\u0131n hayat\u0131n\u0131 kaybetti\u011finin tespit edildi\u011fi bildirilen a\u00e7\u0131klamada, \u015funlar kaydedildi:<\/p>\n\n\n\n<p class=\"wp-block-paragraph\">\u201cMeydana gelen as\u0131 suretiyle intihar olay\u0131yla ilgili olarak A\u011fr\u0131 Cumhuriyet Ba\u015fsavc\u0131l\u0131\u011f\u0131nca adli soru\u015fturma ba\u015flat\u0131lm\u0131\u015f olup, olay\u0131n t\u00fcm y\u00f6nleriyle ayd\u0131nlat\u0131lmas\u0131 amac\u0131yla soru\u015fturma s\u00fcreci titizlikle y\u00fcr\u00fct\u00fclmektedir. Ayr\u0131ca Valili\u011fimiz talimatlar\u0131 do\u011frultusunda \u0130l Milli E\u011fitim M\u00fcd\u00fcrl\u00fc\u011f\u00fcnce de konunun idari y\u00f6nden incelenmesi ve de\u011ferlendirilmesi amac\u0131yla m\u00fcfetti\u015f g\u00f6revlendirilmi\u015ftir. S\u00fcre\u00e7, ilgili kurumlar taraf\u0131ndan yak\u0131ndan takip edilmekte olup, soru\u015fturma ve incelemelerin sonucunda ortaya \u00e7\u0131kacak tespitler do\u011frultusunda gerekli i\u015flemler tesis edilecektir.\u201d<\/p>\n","protected":false},"excerpt":{"rendered":"<p>A\u011fr\u0131&#8217;n\u0131n Hamur il\u00e7esinde \u015f\u00fcpheli \u015fekilde hayat\u0131n\u0131 kaybeden anas\u0131n\u0131f\u0131 \u00f6\u011fretmeni Irmak Ay\u015fe Koparan&#8217;dan geriye kahreden g\u00f6r\u00fcnt\u00fcleri<\/p>\n","protected":false},"author":1,"featured_media":2889,"comment_status":"open","ping_status":"open","sticky":false,"template":"","format":"standard","meta":{"_rtcl_gb_attr":"","footnotes":""},"categories":[1],"tags":[],"class_list":["post-2888","post","type-post","status-publish","format-standard","has-post-thumbnail","hentry","category-http-turkiyemhaber-com-wp-content-uploads-2026-03-saray-59-haber-13-mart-pdf"],"_links":{"self":[{"href":"https:\/\/turkiyemhaber.com\/index.php?rest_route=\/wp\/v2\/posts\/2888","targetHints":{"allow":["GET"]}}],"collection":[{"href":"https:\/\/turkiyemhaber.com\/index.php?rest_route=\/wp\/v2\/posts"}],"about":[{"href":"https:\/\/turkiyemhaber.com\/index.php?rest_route=\/wp\/v2\/types\/post"}],"author":[{"embeddable":true,"href":"https:\/\/turkiyemhaber.com\/index.php?rest_route=\/wp\/v2\/users\/1"}],"replies":[{"embeddable":true,"href":"https:\/\/turkiyemhaber.com\/index.php?rest_route=%2Fwp%2Fv2%2Fcomments&post=2888"}],"version-history":[{"count":1,"href":"https:\/\/turkiyemhaber.com\/index.php?rest_route=\/wp\/v2\/posts\/2888\/revisions"}],"predecessor-version":[{"id":2891,"href":"https:\/\/turkiyemhaber.com\/index.php?rest_route=\/wp\/v2\/posts\/2888\/revisions\/2891"}],"wp:featuredmedia":[{"embeddable":true,"href":"https:\/\/turkiyemhaber.com\/index.php?rest_route=\/wp\/v2\/media\/2889"}],"wp:attachment":[{"href":"https:\/\/turkiyemhaber.com\/index.php?rest_route=%2Fwp%2Fv2%2Fmedia&parent=2888"}],"wp:term":[{"taxonomy":"category","embeddable":true,"href":"https:\/\/turkiyemhaber.com\/index.php?rest_route=%2Fwp%2Fv2%2Fcategories&post=2888"},{"taxonomy":"post_tag","embeddable":true,"href":"https:\/\/turkiyemhaber.com\/index.php?rest_route=%2Fwp%2Fv2%2Ftags&post=2888"}],"curies":[{"name":"wp","href":"https:\/\/api.w.org\/{rel}","templated":true}]}}