{"id":2882,"date":"2026-06-09T23:15:37","date_gmt":"2026-06-09T23:15:37","guid":{"rendered":"https:\/\/turkiyemhaber.com\/?p=2882"},"modified":"2026-06-09T23:15:40","modified_gmt":"2026-06-09T23:15:40","slug":"babasinin-48-yas-kucuk-yeni-askina-yasmin-erbilden-olay-yorum","status":"publish","type":"post","link":"https:\/\/turkiyemhaber.com\/?p=2882","title":{"rendered":"Babas\u0131n\u0131n 48 ya\u015f k\u00fc\u00e7\u00fck yeni a\u015fk\u0131na Yasmin Erbil&#8217;den olay yorum"},"content":{"rendered":"\n<p class=\"wp-block-paragraph\">Babas\u0131 Mehmet Ali Erbil&#8217;in kendisinden 48 ya\u015f k\u00fc\u00e7\u00fck sosyal medya fenomeni Eylem \u00c7elik ile a\u015fk ya\u015fad\u0131\u011f\u0131 iddialar\u0131 sonras\u0131 sessizli\u011fini bozan Yasmin Erbil, esprili bir \u015fekilde &#8220;B\u0131kt\u0131m&#8221; diyerek sitem etti. Yasmin Erbil, ilerleyen ya\u015f\u0131na ra\u011fmen babas\u0131nda &#8220;\u015feytan t\u00fcy\u00fc&#8221; oldu\u011funu ve \u00c7elik\u2019i de \u00e7ok g\u00fczel buldu\u011funu ifade etti.<\/p>\n\n\n\n<p class=\"wp-block-paragraph\">\u00dcnl\u00fc \u015fovmen Mehmet Ali Erbil\u2019in, 21 ya\u015f\u0131ndaki sosyal medya fenomeni&nbsp;<a href=\"https:\/\/www.sondakika.com\/eylem-celik\/\">Eylem \u00c7elik<\/a>&nbsp;ile a\u015fk ya\u015fad\u0131\u011f\u0131 y\u00f6n\u00fcndeki iddialar&nbsp;<a href=\"https:\/\/www.sondakika.com\/magazin\/\">magazin<\/a>&nbsp;g\u00fcndemini me\u015fgul etmeye devam ediyor.<\/p>\n\n\n\n<h3 class=\"wp-block-heading\">KIZI YASM\u0130N ERB\u0130L\u2019DEN \u0130LK YORUM: BIKTIM<\/h3>\n\n\n\n<p class=\"wp-block-paragraph\">Son olarak \u00fcnl\u00fc \u015fovmenin k\u0131z\u0131&nbsp;<a href=\"https:\/\/www.sondakika.com\/yasmin-erbil\/\">Yasmin Erbil<\/a>, kat\u0131ld\u0131\u011f\u0131 bir etkinlikte babas\u0131n\u0131n \u00f6zel hayat\u0131yla ilgili sorulara a\u00e7\u0131k y\u00fcreklilikle yan\u0131t verdi.&nbsp;Muhabirlerin sorular\u0131 kar\u015f\u0131s\u0131nda ilk olarak &#8220;B\u0131kt\u0131m&#8221; diyerek sitemini dile getiren Yasmin Erbil, &#8220;Ya\u015f\u0131 ne kadar ge\u00e7erse ge\u00e7sin her zaman Mehmet Ali Erbil\u2019in bir al\u0131c\u0131s\u0131 var&#8221; yorumu \u00fczerine babas\u0131 hakk\u0131nda \u00e7arp\u0131c\u0131 bir tespitte bulundu. Babas\u0131n\u0131n karizmas\u0131na vurgu yapan Erbil, &#8220;Karizmatik ve \u015feytan t\u00fcyl\u00fc bir babam var&#8221; ifadelerini kulland\u0131.<\/p>\n\n\n\n<figure class=\"wp-block-image\"><img decoding=\"async\" src=\"https:\/\/foto.sondakika.com\/haber\/2026\/06\/10\/babasinin-48-yas-kucuk-yeni-as-19930732-5974_1_m.jpg\" alt=\"Babas\u0131n\u0131n 48 ya\u015f k\u00fc\u00e7\u00fck yeni a\u015fk\u0131na Yasmin Erbil'den olay yorum\"\/><\/figure>\n\n\n\n<h3 class=\"wp-block-heading\">&#8220;\u00c7OK G\u00dcZEL AMA YA\u015eI K\u00dc\u00c7\u00dcK&#8221;<\/h3>\n\n\n\n<p class=\"wp-block-paragraph\">Eylem \u00c7elik&#8217;in foto\u011fraflar\u0131n\u0131 g\u00f6r\u00fcp g\u00f6rmedi\u011fi sorulan Yasmin Erbil, babas\u0131n\u0131n ad\u0131n\u0131n an\u0131ld\u0131\u011f\u0131 gen\u00e7 fenomen hakk\u0131nda \u00f6vg\u00fc dolu s\u00f6zler s\u00f6ylese de ya\u015f fark\u0131na dikkat \u00e7ekmeden ge\u00e7emedi.<\/p>\n\n\n\n<p class=\"wp-block-paragraph\">Erbil, &#8220;\u00c7ok g\u00fczel bu arada. Be\u011fendim. Ama k\u00fc\u00e7\u00fck san\u0131r\u0131m. Ben art\u0131k 30\u2019a merdiven dayad\u0131m. Bilmiyorum yani. Hay\u0131rl\u0131s\u0131\u2026&#8221; diye konu\u015ftu.<\/p>\n\n\n\n<h3 class=\"wp-block-heading\">EYLEM \u00c7EL\u0130K YALANLADI, MEHMET AL\u0130 ERB\u0130L BE\u011eEN\u0130 ATMAYA DEVAM ETT\u0130<\/h3>\n\n\n\n<p class=\"wp-block-paragraph\">\u00d6te yandan a\u015fk iddialar\u0131n\u0131n oda\u011f\u0131ndaki isim olan Eylem \u00c7elik, haberleri kesin bir dille yalanlam\u0131\u015ft\u0131. \u00c7elik, \u015fu a\u00e7\u0131klamay\u0131 yapm\u0131\u015ft\u0131:&#8221;Baz\u0131 magazin sayfalar\u0131nda &#8216;sevgili&#8217; olarak g\u00f6sterildi\u011fim haberler ger\u00e7e\u011fi yans\u0131tmamaktad\u0131r. Bu iddialar tamamen iznim ve bilgim d\u0131\u015f\u0131nda yay\u0131nlanm\u0131\u015ft\u0131r. \u00d6zel hayat\u0131m\u0131n ve ki\u015filik haklar\u0131m\u0131n ihlal edildi\u011fi bu as\u0131ls\u0131z haberlere kamuoyunun itibar etmemesini rica ediyorum.&#8221;<\/p>\n\n\n\n<figure class=\"wp-block-image\"><img decoding=\"async\" src=\"https:\/\/foto.sondakika.com\/haber\/2026\/06\/10\/babasinin-48-yas-kucuk-yeni-as-19930732-8864_1_m.jpg\" alt=\"Babas\u0131n\u0131n 48 ya\u015f k\u00fc\u00e7\u00fck yeni a\u015fk\u0131na Yasmin Erbil'den olay yorum\"\/><\/figure>\n\n\n\n<p class=\"wp-block-paragraph\">Gen\u00e7 fenomenin bu sert ve kesin yalanlama metnine ra\u011fmen, Mehmet Ali Erbil cephesinde sessizlik s\u00fcr\u00fcyor. \u0130ddialara do\u011frudan yan\u0131t vermeyen \u00fcnl\u00fc \u015fovmenin, \u00c7elik&#8217;in sosyal medyadaki foto\u011fraflar\u0131n\u0131 ard\u0131 ard\u0131na be\u011fenmeye devam etmesi ise magazin kulislerinde &#8220;A\u015fk olmasa bile \u0131srarl\u0131 bir hayranl\u0131k var&#8221; yorumlar\u0131n\u0131n yap\u0131lmas\u0131na neden oldu.<\/p>\n","protected":false},"excerpt":{"rendered":"<p>Babas\u0131 Mehmet Ali Erbil&#8217;in kendisinden 48 ya\u015f k\u00fc\u00e7\u00fck sosyal medya fenomeni Eylem \u00c7elik ile a\u015fk<\/p>\n","protected":false},"author":1,"featured_media":2883,"comment_status":"open","ping_status":"open","sticky":false,"template":"","format":"standard","meta":{"_rtcl_gb_attr":"","footnotes":""},"categories":[41],"tags":[],"class_list":["post-2882","post","type-post","status-publish","format-standard","has-post-thumbnail","hentry","category-magazin"],"_links":{"self":[{"href":"https:\/\/turkiyemhaber.com\/index.php?rest_route=\/wp\/v2\/posts\/2882","targetHints":{"allow":["GET"]}}],"collection":[{"href":"https:\/\/turkiyemhaber.com\/index.php?rest_route=\/wp\/v2\/posts"}],"about":[{"href":"https:\/\/turkiyemhaber.com\/index.php?rest_route=\/wp\/v2\/types\/post"}],"author":[{"embeddable":true,"href":"https:\/\/turkiyemhaber.com\/index.php?rest_route=\/wp\/v2\/users\/1"}],"replies":[{"embeddable":true,"href":"https:\/\/turkiyemhaber.com\/index.php?rest_route=%2Fwp%2Fv2%2Fcomments&post=2882"}],"version-history":[{"count":1,"href":"https:\/\/turkiyemhaber.com\/index.php?rest_route=\/wp\/v2\/posts\/2882\/revisions"}],"predecessor-version":[{"id":2884,"href":"https:\/\/turkiyemhaber.com\/index.php?rest_route=\/wp\/v2\/posts\/2882\/revisions\/2884"}],"wp:featuredmedia":[{"embeddable":true,"href":"https:\/\/turkiyemhaber.com\/index.php?rest_route=\/wp\/v2\/media\/2883"}],"wp:attachment":[{"href":"https:\/\/turkiyemhaber.com\/index.php?rest_route=%2Fwp%2Fv2%2Fmedia&parent=2882"}],"wp:term":[{"taxonomy":"category","embeddable":true,"href":"https:\/\/turkiyemhaber.com\/index.php?rest_route=%2Fwp%2Fv2%2Fcategories&post=2882"},{"taxonomy":"post_tag","embeddable":true,"href":"https:\/\/turkiyemhaber.com\/index.php?rest_route=%2Fwp%2Fv2%2Ftags&post=2882"}],"curies":[{"name":"wp","href":"https:\/\/api.w.org\/{rel}","templated":true}]}}