{"id":2879,"date":"2026-06-09T23:10:49","date_gmt":"2026-06-09T23:10:49","guid":{"rendered":"https:\/\/turkiyemhaber.com\/?p=2879"},"modified":"2026-06-09T23:10:53","modified_gmt":"2026-06-09T23:10:53","slug":"tekirdagda-teknoloji-festivali","status":"publish","type":"post","link":"https:\/\/turkiyemhaber.com\/?p=2879","title":{"rendered":"Tekirda\u011f&#8217;da Teknoloji Festivali"},"content":{"rendered":"\n<p class=\"wp-block-paragraph\">Tekirda\u011f&#8217;da \u00f6\u011frenciler, teknoloji festivalinde 185 projeyi sergileyerek inovasyon becerilerini g\u00f6sterdi.<\/p>\n\n\n\n<p class=\"wp-block-paragraph\"><a href=\"https:\/\/www.sondakika.com\/tekirdag\/\">Tekirda\u011f<\/a>&#8216;da B\u00fcy\u00fck\u015fehir Belediyesi Vali Enver Saliho\u011flu Ortaokulunda d\u00fczenlenen teknoloji festivalinde \u00f6\u011frenciler, haz\u0131rlad\u0131klar\u0131 projeleri sergiledi.<\/p>\n\n\n\n<p class=\"wp-block-paragraph\">Okulda ger\u00e7ekle\u015ftirilen etkinlikte,&nbsp;<a href=\"https:\/\/www.sondakika.com\/teknoloji\/\">Teknoloji<\/a>&nbsp;ve Tasar\u0131m dersi kapsam\u0131nda haz\u0131rlanan 185 proje tan\u0131t\u0131ld\u0131.<\/p>\n\n\n\n<p class=\"wp-block-paragraph\">Yedinci s\u0131n\u0131f \u00f6\u011frencilerinin haz\u0131rlad\u0131\u011f\u0131 \u00e7al\u0131\u015fmalar, farkl\u0131 kategoriler alt\u0131nda ziyaret\u00e7ilerin be\u011fenisine sunuldu.<\/p>\n\n\n\n<p class=\"wp-block-paragraph\">Teknoloji ve Tasar\u0131m \u00f6\u011fretmenleri Elif Sultan Y\u0131lmaz ve Filiz Karbuz&#8217;un koordinasyonunda d\u00fczenlenen festivalde \u00f6\u011frenciler, g\u00fcnl\u00fck ya\u015famda kar\u015f\u0131la\u015f\u0131lan sorunlara y\u00f6nelik geli\u015ftirdikleri fikirleri anlatt\u0131.<\/p>\n\n\n\n<p class=\"wp-block-paragraph\">\u00d6\u011fretmen Elif Sultan Y\u0131lmaz, gazetecilere yapt\u0131\u011f\u0131 a\u00e7\u0131klamada, etkinli\u011fin Milli Teknoloji Hamlesi vizyonundan ilham al\u0131narak haz\u0131rland\u0131\u011f\u0131n\u0131 s\u00f6yledi.<\/p>\n\n\n\n<p class=\"wp-block-paragraph\">\u00d6\u011frencilerin hayal g\u00fc\u00e7lerini kullanarak \u00f6zg\u00fcn projeler ortaya koydu\u011funu belirten Y\u0131lmaz, &#8220;Projelerimiz tamamen \u00f6\u011frencilerimizin kendi fikirlerinden olu\u015fuyor. Amac\u0131m\u0131z \u00e7ocuklar\u0131m\u0131z\u0131n sorunlar\u0131 tespit eden, \u00e7\u00f6z\u00fcm \u00fcreten ve teknoloji geli\u015ftirmeye katk\u0131 sunan bireyler olarak yeti\u015fmelerini sa\u011flamak.&#8221; dedi.<\/p>\n\n\n\n<p class=\"wp-block-paragraph\">Teknoloji ve tasar\u0131m derslerinde \u00f6\u011frencilerin yenilik\u00e7i d\u00fc\u015f\u00fcnme becerilerini geli\u015ftirmeye y\u00f6nelik \u00e7al\u0131\u015fmalar y\u00fcr\u00fctt\u00fcklerini ifade eden Y\u0131lmaz, proje tabanl\u0131 e\u011fitimle \u00f6\u011frencilerin \u00fcretkenliklerini desteklediklerini kaydetti.<\/p>\n\n\n\n<p class=\"wp-block-paragraph\">\u00d6\u011fretmen Filiz Karbuz da \u00f6\u011frencilerin teknolojiyi yaln\u0131zca t\u00fcketen de\u011fil, ayn\u0131 zamanda \u00fcreten bireyler olarak yeti\u015fmelerine \u00f6nem verdiklerini belirtti.<\/p>\n\n\n\n<p class=\"wp-block-paragraph\">Derslerin at\u00f6lye ve s\u0131n\u0131f ortam\u0131nda d\u00f6n\u00fc\u015f\u00fcml\u00fc olarak y\u00fcr\u00fct\u00fcld\u00fc\u011f\u00fcn\u00fc aktaran Karbuz, \u00f6\u011frencilerin proje geli\u015ftirme s\u00fcre\u00e7lerinde tasar\u0131m, problem \u00e7\u00f6zme ve \u00fcretim becerilerini geli\u015ftirme f\u0131rsat\u0131 buldu\u011funu dile getirdi.<\/p>\n\n\n\n<p class=\"wp-block-paragraph\">Festivalde \u00f6\u011frenciler taraf\u0131ndan haz\u0131rlanan ak\u0131ll\u0131 ya\u015fam sistemleri, \u00e7evre dostu tasar\u0131mlar, g\u00fcvenlik \u00e7\u00f6z\u00fcmleri ve g\u00fcnl\u00fck ya\u015fam\u0131 kolayla\u015ft\u0131rmaya y\u00f6nelik projeler ilgi g\u00f6rd\u00fc.<\/p>\n\n\n\n<p class=\"wp-block-paragraph\">Etkinli\u011fe, S\u00fcleymanpa\u015fa Kaymakam\u0131 Mahmut Nedim Tun\u00e7er, S\u00fcleymanpa\u015fa \u0130l\u00e7e Milli&nbsp;<a href=\"https:\/\/www.sondakika.com\/egitim\/\">E\u011fitim<\/a>&nbsp;M\u00fcd\u00fcr\u00fc Fahri K\u0131rm\u0131z\u0131, okul m\u00fcd\u00fcrleri ve veliler kat\u0131ld\u0131.<\/p>\n","protected":false},"excerpt":{"rendered":"<p>Tekirda\u011f&#8217;da \u00f6\u011frenciler, teknoloji festivalinde 185 projeyi sergileyerek inovasyon becerilerini g\u00f6sterdi. Tekirda\u011f&#8216;da B\u00fcy\u00fck\u015fehir Belediyesi Vali Enver<\/p>\n","protected":false},"author":1,"featured_media":2880,"comment_status":"open","ping_status":"open","sticky":false,"template":"","format":"standard","meta":{"_rtcl_gb_attr":"","footnotes":""},"categories":[1],"tags":[],"class_list":["post-2879","post","type-post","status-publish","format-standard","has-post-thumbnail","hentry","category-http-turkiyemhaber-com-wp-content-uploads-2026-03-saray-59-haber-13-mart-pdf"],"_links":{"self":[{"href":"https:\/\/turkiyemhaber.com\/index.php?rest_route=\/wp\/v2\/posts\/2879","targetHints":{"allow":["GET"]}}],"collection":[{"href":"https:\/\/turkiyemhaber.com\/index.php?rest_route=\/wp\/v2\/posts"}],"about":[{"href":"https:\/\/turkiyemhaber.com\/index.php?rest_route=\/wp\/v2\/types\/post"}],"author":[{"embeddable":true,"href":"https:\/\/turkiyemhaber.com\/index.php?rest_route=\/wp\/v2\/users\/1"}],"replies":[{"embeddable":true,"href":"https:\/\/turkiyemhaber.com\/index.php?rest_route=%2Fwp%2Fv2%2Fcomments&post=2879"}],"version-history":[{"count":1,"href":"https:\/\/turkiyemhaber.com\/index.php?rest_route=\/wp\/v2\/posts\/2879\/revisions"}],"predecessor-version":[{"id":2881,"href":"https:\/\/turkiyemhaber.com\/index.php?rest_route=\/wp\/v2\/posts\/2879\/revisions\/2881"}],"wp:featuredmedia":[{"embeddable":true,"href":"https:\/\/turkiyemhaber.com\/index.php?rest_route=\/wp\/v2\/media\/2880"}],"wp:attachment":[{"href":"https:\/\/turkiyemhaber.com\/index.php?rest_route=%2Fwp%2Fv2%2Fmedia&parent=2879"}],"wp:term":[{"taxonomy":"category","embeddable":true,"href":"https:\/\/turkiyemhaber.com\/index.php?rest_route=%2Fwp%2Fv2%2Fcategories&post=2879"},{"taxonomy":"post_tag","embeddable":true,"href":"https:\/\/turkiyemhaber.com\/index.php?rest_route=%2Fwp%2Fv2%2Ftags&post=2879"}],"curies":[{"name":"wp","href":"https:\/\/api.w.org\/{rel}","templated":true}]}}