{"id":2876,"date":"2026-06-09T23:07:10","date_gmt":"2026-06-09T23:07:10","guid":{"rendered":"https:\/\/turkiyemhaber.com\/?p=2876"},"modified":"2026-06-09T23:07:14","modified_gmt":"2026-06-09T23:07:14","slug":"tekirdagda-uyusturucu-operasyonu-4-tutuklama","status":"publish","type":"post","link":"https:\/\/turkiyemhaber.com\/?p=2876","title":{"rendered":"Tekirda\u011f&#8217;da Uyu\u015fturucu Operasyonu: 4 Tutuklama"},"content":{"rendered":"\n<p class=\"wp-block-paragraph\">Tekirda\u011f&#8217;da jandarma operasyonunda 198 \u015f\u00fcpheli g\u00f6zalt\u0131na al\u0131nd\u0131, 4&#8217;\u00fc tutukland\u0131.<\/p>\n\n\n\n<p class=\"wp-block-paragraph\"><a href=\"https:\/\/www.sondakika.com\/tekirdag\/\">Tekirda\u011f<\/a>&#8216;da \u0130l&nbsp;<a href=\"https:\/\/www.sondakika.com\/jandarma\/\">Jandarma<\/a>&nbsp;Komutanl\u0131\u011f\u0131nca ge\u00e7en ay d\u00fczenlenen uyu\u015fturucu ve silah ka\u00e7ak\u00e7\u0131l\u0131\u011f\u0131 operasyonlar\u0131nda g\u00f6zalt\u0131na al\u0131nan 198 \u015f\u00fcpheliden 4&#8217;\u00fc tutukland\u0131.<\/p>\n\n\n\n<p class=\"wp-block-paragraph\">\u0130l Jandarma Komutanl\u0131\u011f\u0131 ekipleri, uyu\u015fturucuyla m\u00fccadele ve silah ka\u00e7ak\u00e7\u0131l\u0131\u011f\u0131n\u0131n \u00f6nlenmesine y\u00f6nelik \u00e7al\u0131\u015fmalar\u0131n\u0131 s\u00fcrd\u00fcr\u00fcyor.<\/p>\n\n\n\n<p class=\"wp-block-paragraph\">Ekipler taraf\u0131ndan belirlenen adreslere d\u00fczenlenen operasyonlarda yap\u0131lan aramalarda, 2 kilo 826 gram sentetik uyu\u015fturucu, 31 bin 470 sentetik ecza hap, 15 ruhsats\u0131z tabanca, 1203 tabanca fi\u015fe\u011fi, 20 ruhsats\u0131z av t\u00fcfe\u011fi ve 439 bin makaron ele ge\u00e7irildi.<\/p>\n\n\n\n<p class=\"wp-block-paragraph\">Operasyonlarda 198 \u015f\u00fcpheli g\u00f6zalt\u0131na al\u0131nd\u0131.<\/p>\n\n\n\n<p class=\"wp-block-paragraph\">Jandarmadaki i\u015flemlerinin ard\u0131ndan adliyeye sevk edilen \u015f\u00fcphelilerden 4&#8217;\u00fc tutuklan\u0131rken, di\u011fer \u015f\u00fcpheliler serbest b\u0131rak\u0131ld\u0131.<\/p>\n","protected":false},"excerpt":{"rendered":"<p>Tekirda\u011f&#8217;da jandarma operasyonunda 198 \u015f\u00fcpheli g\u00f6zalt\u0131na al\u0131nd\u0131, 4&#8217;\u00fc tutukland\u0131. Tekirda\u011f&#8216;da \u0130l&nbsp;Jandarma&nbsp;Komutanl\u0131\u011f\u0131nca ge\u00e7en ay d\u00fczenlenen uyu\u015fturucu<\/p>\n","protected":false},"author":1,"featured_media":2877,"comment_status":"open","ping_status":"open","sticky":false,"template":"","format":"standard","meta":{"_rtcl_gb_attr":"","footnotes":""},"categories":[1],"tags":[],"class_list":["post-2876","post","type-post","status-publish","format-standard","has-post-thumbnail","hentry","category-http-turkiyemhaber-com-wp-content-uploads-2026-03-saray-59-haber-13-mart-pdf"],"_links":{"self":[{"href":"https:\/\/turkiyemhaber.com\/index.php?rest_route=\/wp\/v2\/posts\/2876","targetHints":{"allow":["GET"]}}],"collection":[{"href":"https:\/\/turkiyemhaber.com\/index.php?rest_route=\/wp\/v2\/posts"}],"about":[{"href":"https:\/\/turkiyemhaber.com\/index.php?rest_route=\/wp\/v2\/types\/post"}],"author":[{"embeddable":true,"href":"https:\/\/turkiyemhaber.com\/index.php?rest_route=\/wp\/v2\/users\/1"}],"replies":[{"embeddable":true,"href":"https:\/\/turkiyemhaber.com\/index.php?rest_route=%2Fwp%2Fv2%2Fcomments&post=2876"}],"version-history":[{"count":1,"href":"https:\/\/turkiyemhaber.com\/index.php?rest_route=\/wp\/v2\/posts\/2876\/revisions"}],"predecessor-version":[{"id":2878,"href":"https:\/\/turkiyemhaber.com\/index.php?rest_route=\/wp\/v2\/posts\/2876\/revisions\/2878"}],"wp:featuredmedia":[{"embeddable":true,"href":"https:\/\/turkiyemhaber.com\/index.php?rest_route=\/wp\/v2\/media\/2877"}],"wp:attachment":[{"href":"https:\/\/turkiyemhaber.com\/index.php?rest_route=%2Fwp%2Fv2%2Fmedia&parent=2876"}],"wp:term":[{"taxonomy":"category","embeddable":true,"href":"https:\/\/turkiyemhaber.com\/index.php?rest_route=%2Fwp%2Fv2%2Fcategories&post=2876"},{"taxonomy":"post_tag","embeddable":true,"href":"https:\/\/turkiyemhaber.com\/index.php?rest_route=%2Fwp%2Fv2%2Ftags&post=2876"}],"curies":[{"name":"wp","href":"https:\/\/api.w.org\/{rel}","templated":true}]}}