{"id":2866,"date":"2026-06-09T09:50:00","date_gmt":"2026-06-09T09:50:00","guid":{"rendered":"https:\/\/turkiyemhaber.com\/?p=2866"},"modified":"2026-06-09T09:50:11","modified_gmt":"2026-06-09T09:50:11","slug":"chp-grubuna-ziyaretci-alinmayacak","status":"publish","type":"post","link":"https:\/\/turkiyemhaber.com\/?p=2866","title":{"rendered":"CHP grubuna ziyaret\u00e7i al\u0131nmayacak"},"content":{"rendered":"\n<p class=\"wp-block-paragraph\">CHP&#8217;deki &#8216;\u00e7ift ba\u015fl\u0131&#8217; grup toplant\u0131s\u0131 restle\u015fmesinin TBMM kap\u0131lar\u0131nda arbedeye d\u00f6n\u00fc\u015fmesi \u00fczerine Meclis Ba\u015fkanl\u0131\u011f\u0131 resmen devreye girdi. TBMM Ba\u015fkan\u0131 Numan Kurtulmu\u015f, ya\u015fanan &#8220;ciddi g\u00fcvenlik riski&#8221; nedeniyle bug\u00fcn yap\u0131lacak CHP Grup Toplant\u0131s\u0131&#8217;na d\u0131\u015far\u0131dan hi\u00e7bir ziyaret\u00e7inin al\u0131nmayaca\u011f\u0131n\u0131 a\u00e7\u0131klad\u0131.<\/p>\n\n\n\n<p class=\"wp-block-paragraph\">Cumhuriyet Halk Partisi\u2019nde (CHP) Kemal K\u0131l\u0131\u00e7daro\u011flu ve \u00d6zg\u00fcr \u00d6zel taraftarlar\u0131n\u0131n TBMM Dikmen Kap\u0131s\u0131 \u00f6n\u00fcnde kar\u015f\u0131 kar\u015f\u0131ya gelmesi ve sloganl\u0131 protestolar\u0131n arbedeye d\u00f6n\u00fc\u015fmesi \u00fczerine TBMM Ba\u015fkanl\u0131\u011f\u0131 ola\u011fan\u00fcst\u00fc \u00f6nlem ald\u0131.<\/p>\n\n\n\n<p class=\"wp-block-paragraph\">M\u00fczakerelerin s\u00fcrd\u00fc\u011f\u00fc ve 6 bin ziyaret\u00e7inin i\u00e7eri girmek i\u00e7in bekledi\u011fi kriz an\u0131nda, TBMM Ba\u015fkan\u0131&nbsp;<a href=\"https:\/\/www.sondakika.com\/numan-kurtulmus\/\">Numan Kurtulmu\u015f<\/a>&nbsp;resmi karar\u0131 tebli\u011f etti.<\/p>\n\n\n\n<figure class=\"wp-block-image\"><img decoding=\"async\" src=\"https:\/\/foto.sondakika.com\/haber\/2026\/06\/09\/chp-grubuna-ziyaretci-alinmaya-19927694-7833_1_m.jpg\" alt=\"CHP grubuna ziyaret\u00e7i al\u0131nmayacak\"\/><\/figure>\n\n\n\n<h3 class=\"wp-block-heading\">&#8220;C\u0130DD\u0130 G\u00dcVENL\u0130K R\u0130SK\u0130 OLU\u015eTU&#8221;<\/h3>\n\n\n\n<p class=\"wp-block-paragraph\">TBMM Ba\u015fkan\u0131 Numan Kurtulmu\u015f, Meclis i\u00e7 t\u00fcz\u00fc\u011f\u00fcn\u00fcn kendisine verdi\u011fi yetkiye dayanarak, kap\u0131larda biriken kalabal\u0131\u011f\u0131n olu\u015fturdu\u011fu tehlikeye dikkat \u00e7ekti. CHP Grubuna g\u00f6nderilen resmi yaz\u0131da, meclis yerle\u015fkesinin g\u00fcvenli\u011fini korumak ad\u0131na ziyaret\u00e7i yasa\u011f\u0131 getirildi\u011fi a\u00e7\u0131kland\u0131.<a href=\"https:\/\/www.sondakika.com\/haber\/haber-chp-grup-toplantisi-oncesi-tbmm-onunde-arbede-iki-19927412\/\" target=\"_blank\" rel=\"noreferrer noopener\">CHP Grup toplant\u0131s\u0131 \u00f6ncesi TBMM \u00f6n\u00fcnde arbede! \u0130ki grup kar\u015f\u0131 kar\u015f\u0131ya geldi<\/a><\/p>\n\n\n\n<p class=\"wp-block-paragraph\">Kurtulmu\u015f, ald\u0131\u011f\u0131 karar\u0131 \u015fu ifadelerle duyurdu:<\/p>\n\n\n\n<p class=\"wp-block-paragraph\">&#8220;Cumhuriyet Halk Partisi Grubunun 09.06.2026 tarihinde ger\u00e7ekle\u015ftirece\u011fi grup toplant\u0131s\u0131 \u00f6ncesinde TBMM Yerle\u015fkesi giri\u015f kap\u0131lar\u0131nda olu\u015fan ciddi g\u00fcvenlik riski nedeniyle grup toplant\u0131n\u0131za \u0130\u00e7t\u00fcz\u00fc\u011f\u00fcn mezk\u00fbr h\u00fckm\u00fc do\u011frultusunda ziyaret\u00e7i al\u0131nmayacakt\u0131r.&#8221;<\/p>\n\n\n\n<h3 class=\"wp-block-heading\">SADECE M\u0130LLETVEK\u0130LLER\u0130 SALONDA OLACAK<\/h3>\n\n\n\n<p class=\"wp-block-paragraph\">Bu karar, iki liderin de Meclis salonunda yapmay\u0131 planlad\u0131\u011f\u0131 &#8220;g\u00f6vde g\u00f6sterisi&#8221; stratejisini tamamen alt\u00fcst etti. K\u0131l\u0131\u00e7daro\u011flu cephesinin salona sokmay\u0131 planlad\u0131\u011f\u0131 binlerce destek\u00e7i ve \u00d6zel cephesinin sabah\u0131n erken saatlerinde kap\u0131ya y\u0131\u011fd\u0131\u011f\u0131 kalabal\u0131k Meclis kamp\u00fcs\u00fcne al\u0131nmayacak.<\/p>\n\n\n\n<p class=\"wp-block-paragraph\">Ziyaret\u00e7i yasa\u011f\u0131n\u0131n ard\u0131ndan, saat 13.30&#8217;daki toplant\u0131da salonda sadece milletvekilleri ve parti kurmaylar\u0131 yer alabilecek. G\u00f6zler \u015fimdi, kap\u0131lar\u0131n kilitlendi\u011fi Meclis&#8217;te liderlerin ataca\u011f\u0131 bir sonraki ad\u0131ma \u00e7evrildi.<\/p>\n","protected":false},"excerpt":{"rendered":"<p>CHP&#8217;deki &#8216;\u00e7ift ba\u015fl\u0131&#8217; grup toplant\u0131s\u0131 restle\u015fmesinin TBMM kap\u0131lar\u0131nda arbedeye d\u00f6n\u00fc\u015fmesi \u00fczerine Meclis Ba\u015fkanl\u0131\u011f\u0131 resmen devreye<\/p>\n","protected":false},"author":1,"featured_media":2861,"comment_status":"open","ping_status":"open","sticky":false,"template":"","format":"standard","meta":{"_rtcl_gb_attr":"","footnotes":""},"categories":[44,43],"tags":[],"class_list":["post-2866","post","type-post","status-publish","format-standard","has-post-thumbnail","hentry","category-politika","category-son-dakika"],"_links":{"self":[{"href":"https:\/\/turkiyemhaber.com\/index.php?rest_route=\/wp\/v2\/posts\/2866","targetHints":{"allow":["GET"]}}],"collection":[{"href":"https:\/\/turkiyemhaber.com\/index.php?rest_route=\/wp\/v2\/posts"}],"about":[{"href":"https:\/\/turkiyemhaber.com\/index.php?rest_route=\/wp\/v2\/types\/post"}],"author":[{"embeddable":true,"href":"https:\/\/turkiyemhaber.com\/index.php?rest_route=\/wp\/v2\/users\/1"}],"replies":[{"embeddable":true,"href":"https:\/\/turkiyemhaber.com\/index.php?rest_route=%2Fwp%2Fv2%2Fcomments&post=2866"}],"version-history":[{"count":1,"href":"https:\/\/turkiyemhaber.com\/index.php?rest_route=\/wp\/v2\/posts\/2866\/revisions"}],"predecessor-version":[{"id":2867,"href":"https:\/\/turkiyemhaber.com\/index.php?rest_route=\/wp\/v2\/posts\/2866\/revisions\/2867"}],"wp:featuredmedia":[{"embeddable":true,"href":"https:\/\/turkiyemhaber.com\/index.php?rest_route=\/wp\/v2\/media\/2861"}],"wp:attachment":[{"href":"https:\/\/turkiyemhaber.com\/index.php?rest_route=%2Fwp%2Fv2%2Fmedia&parent=2866"}],"wp:term":[{"taxonomy":"category","embeddable":true,"href":"https:\/\/turkiyemhaber.com\/index.php?rest_route=%2Fwp%2Fv2%2Fcategories&post=2866"},{"taxonomy":"post_tag","embeddable":true,"href":"https:\/\/turkiyemhaber.com\/index.php?rest_route=%2Fwp%2Fv2%2Ftags&post=2866"}],"curies":[{"name":"wp","href":"https:\/\/api.w.org\/{rel}","templated":true}]}}