{"id":2863,"date":"2026-06-09T09:39:09","date_gmt":"2026-06-09T09:39:09","guid":{"rendered":"https:\/\/turkiyemhaber.com\/?p=2863"},"modified":"2026-06-09T09:39:13","modified_gmt":"2026-06-09T09:39:13","slug":"bahceli-kursuden-ozele-seslendi-atese-korukle-gitmemeli-akli-selimle-hareket-etmelidir","status":"publish","type":"post","link":"https:\/\/turkiyemhaber.com\/?p=2863","title":{"rendered":"Bah\u00e7eli k\u00fcrs\u00fcden \u00d6zel&#8217;e seslendi: Ate\u015fe k\u00f6r\u00fckle gitmemeli, akl\u0131 selimle hareket etmelidir"},"content":{"rendered":"\n<p class=\"wp-block-paragraph\">MHP Genel Ba\u015fkan\u0131 Devlet Bah\u00e7eli Meclis&#8217;teki grup toplant\u0131s\u0131nda CHP&#8217;deki grup toplant\u0131s\u0131 restle\u015fmesine ili\u015fkin konu\u015ftu. Bah\u00e7eli, &#8220;CHP bug\u00fcn iki ayr\u0131 y\u00f6n, iki ayr\u0131 merkez iddias\u0131 kayg\u0131 verici. Burada CHP ve Say\u0131n \u00d6zg\u00fcr \u00d6zel&#8217;e d\u00fc\u015fen ate\u015fe k\u00f6r\u00fckle gitmek de\u011fil akl\u0131 selimle hareket etmektir&#8221; dedi.<\/p>\n\n\n\n<p class=\"wp-block-paragraph\">MHP Genel Ba\u015fkan\u0131\u00a0<a href=\"https:\/\/www.sondakika.com\/devlet-bahceli\/\">Devlet Bah\u00e7eli<\/a>\u00a0partisinin grup toplant\u0131s\u0131nda g\u00fcndeme ili\u015fkin kritik mesajlar verdi. CHP&#8217;nin bug\u00fcn ger\u00e7ekle\u015ftirece\u011fi grup toplant\u0131s\u0131nda\u00a0<a href=\"https:\/\/www.sondakika.com\/kemal-kilicdaroglu\/\">Kemal K\u0131l\u0131\u00e7daro\u011flu<\/a>&#8216;nun mu\u00a0<a href=\"https:\/\/www.sondakika.com\/ozgur-ozel\/\">\u00d6zg\u00fcr \u00d6zel<\/a>&#8216;in mi konu\u015faca\u011f\u0131 belirsizli\u011fini korurken Bah\u00e7eli \u00d6zel&#8217;e \u00e7a\u011fr\u0131 yaparak, &#8220;Ate\u015fe k\u00f6r\u00fckle gitme&#8221; dedi.<\/p>\n\n\n\n<h3 class=\"wp-block-heading\">&#8220;\u00d6ZEL&#8217;E D\u00dc\u015eEN ATE\u015eE K\u00d6R\u00dcKLE G\u0130TMEMEK AKLI SEL\u0130MLE HAREKET ETMEKT\u0130R&#8221;<\/h3>\n\n\n\n<p class=\"wp-block-paragraph\">CHP&#8217;nin i\u00e7inde s\u00fcren k\u00fcrs\u00fc krizine ili\u015fkin konu\u015fan Bah\u00e7eli, &#8220;CHP&#8217;li belediyeler etraf\u0131nda uzun s\u00fcredir biriken \u015faibe s\u00fcre\u00e7leri, g\u00f6revi k\u00f6t\u00fcye kullanma gibi pe\u015f pe\u015fe patlayan vakalar oldu. Bug\u00fcn g\u00f6r\u00fcyoruz ki yerelde ba\u015flayan bu \u00e7\u00f6z\u00fclme CHP&#8217;nin \u00e7at\u0131s\u0131na \u00e7\u00f6kt\u00fc. CHP&#8217;li belediyelerde kendini g\u00f6steren savrukluk bug\u00fcn genel merkeze sirayet etti.<\/p>\n\n\n\n<p class=\"wp-block-paragraph\">Sa\u011fduyu ile kar\u015f\u0131lanmas\u0131 gereken hukuki s\u00fcre\u00e7lerin meydan okuyucu bir \u00fcslupla g\u00f6lgelenmesi siyasi k\u0131yametin alametidir. Bizim meselemiz CHP&#8217;nin i\u00e7ine d\u00fc\u015ft\u00fc\u011f\u00fc da\u011f\u0131n\u0131kl\u0131ktan siyasi kazan\u00e7 \u00fcretmek de\u011fildir. CHP bug\u00fcn iki ayr\u0131 y\u00f6n, iki ayr\u0131 merkez iddias\u0131 kayg\u0131 verici. Burada CHP ve Say\u0131n \u00d6zg\u00fcr \u00d6zel&#8217;e d\u00fc\u015fen ate\u015fe k\u00f6r\u00fckle gitmek de\u011fil akl\u0131 selimle hareket etmektir.&#8221; ifadelerini kulland\u0131.<\/p>\n\n\n\n<figure class=\"wp-block-image\"><img decoding=\"async\" src=\"https:\/\/foto.sondakika.com\/haber\/2026\/06\/09\/bahceli-kursuden-ozele-cagri-y-19927751-2227_1_m.jpg\" alt=\"Bah\u00e7eli k\u00fcrs\u00fcden \u00d6zel'e seslendi: Ate\u015fe k\u00f6r\u00fckle gitmemeli, akl\u0131 selimle hareket etmelidir\"\/><\/figure>\n\n\n\n<h3 class=\"wp-block-heading\">M\u0130LL\u0130 TAKIM&#8217;A MAR\u015e HAZIRLATTI<\/h3>\n\n\n\n<p class=\"wp-block-paragraph\">Bah\u00e7eli grup toplant\u0131s\u0131nda \u015fu ifadeleri kulland\u0131:<\/p>\n\n\n\n<p class=\"wp-block-paragraph\">&#8220;Bug\u00fcn grup toplant\u0131m\u0131z\u0131 \u015fereflendiren iki ilimiz bulunmaktad\u0131r. Bunlardan bir tanesi \u00c7anakkale Kahramanlar\u0131, ikincisi ise K\u00f6ro\u011flu Ayvazlar&#8217;d\u0131r. \u00d6ncelikle T\u00fcrk Mill\u00ee Tak\u0131m\u0131&#8217;n\u0131n Amerika&#8217;da D\u00fcnya Kupas\u0131&#8217;na kat\u0131lmas\u0131 m\u00fcnasebetiyle bir\u00e7ok \u00e7evre, mill\u00ee tak\u0131m\u0131m\u0131z\u0131 memnun k\u0131lacak ve ba\u015far\u0131 sa\u011flayacak bir \u00fcslupla baz\u0131 mar\u015flar\u0131n yar\u0131\u015fmas\u0131n\u0131 a\u00e7m\u0131\u015ft\u0131. Ge\u00e7mi\u015fte s\u00f6ylenen baz\u0131 \u015feylerin tekrar\u0131yla mill\u00ee tak\u0131m\u0131m\u0131z\u0131 Amerika&#8217;ya yolcu etmeyi d\u00fc\u015f\u00fcn\u00fcyorlard\u0131. B\u00f6yle bir d\u00f6nemde Milliyet\u00e7i-\u00dclk\u00fcc\u00fc Hareket&#8217;in hassasiyetlerini g\u00f6z \u00f6n\u00fcne alarak \u00fclk\u00fcc\u00fc sanat\u00e7\u0131lar\u0131m\u0131zdan istirham ettim. K\u0131sa s\u00fcrede bir mar\u015f haz\u0131rlay\u0131n ve bunu Amerika&#8217;ya gitmeden evvel T\u00fcrkiye duysun istedim. Biraz evvel sizlere arz edilen mar\u015f odur. O sanat\u00e7\u0131lar\u0131 tebrik ediyor, g\u00f6zlerinden \u00f6p\u00fcyorum.<a href=\"https:\/\/www.sondakika.com\/guncel\/haber-bahceli-parti-grubunda-a-milli-takim-icin-19927513\/\" target=\"_blank\" rel=\"noreferrer noopener\">Bah\u00e7eli, parti grubunda A Milli Tak\u0131m i\u00e7in haz\u0131rlatt\u0131\u011f\u0131 mar\u015f\u0131 dinletti<\/a><\/p>\n\n\n\n<h3 class=\"wp-block-heading\">&#8220;S\u00d6ZDE BARI\u015e \u00c7A\u011eRILARININ G\u00d6LGES\u0130NDE YEN\u0130 CEPHELER A\u00c7ILMAKTA&#8221;<\/h3>\n\n\n\n<p class=\"wp-block-paragraph\">De\u011ferli dava arkada\u015flar\u0131m, d\u00fcnyan\u0131n neresinde bir milletin bar\u0131\u015f ve huzur iklimi hedef al\u0131nsa, bir devletin kalbine silahlar do\u011frultulsa, nerede bir mazlumun ah\u0131 y\u00fckselse, neresinde bir anan\u0131n y\u00fcre\u011fi ate\u015fe verilse, orada yaln\u0131zca o \u00fclkenin de\u011fil, b\u00fct\u00fcn insanl\u0131\u011f\u0131n imtihan\u0131 ba\u015flam\u0131\u015f demektir. Bug\u00fcn yak\u0131n co\u011frafyam\u0131zda ya\u015fananlar da bize sadece sava\u015flar\u0131n, gerilimlerin ve diplomatik \u00e7eki\u015fmelerin seyrini de\u011fil, ayn\u0131 zamanda uluslararas\u0131 hukukun ve insanl\u0131k duygular\u0131m\u0131z\u0131n seyretti\u011fi istikametin vahim tablosunu g\u00f6stermektedir. Atalar\u0131m\u0131z, &#8220;Ate\u015f d\u00fc\u015ft\u00fc\u011f\u00fc yeri yakar.&#8221; demi\u015ftir. Fakat bug\u00fcn yak\u0131n co\u011frafyam\u0131zda harlanan ate\u015f, yaln\u0131zca d\u00fc\u015ft\u00fc\u011f\u00fc yeri de\u011fil, s\u0131n\u0131rlar\u0131 a\u015fan, bombalar ya\u011fd\u0131ran, g\u00f6kleri karartan, denizleri kabartan ve duman\u0131 kap\u0131m\u0131za kadar dayanan tehlikeli bir yang\u0131na d\u00f6n\u00fc\u015fm\u00fc\u015ft\u00fcr. Tarih\u00ee tecr\u00fcbelerimiz ve uluslararas\u0131 g\u00fcndeme Ankara&#8217;dan a\u00e7\u0131lan penceremizden bakt\u0131\u011f\u0131m\u0131zda g\u00f6r\u00fcnen manzara a\u00e7\u0131k ve nettir. B\u00f6lgenin kalbine d\u00fc\u015fen her k\u0131v\u0131lc\u0131m, ihmale u\u011frad\u0131k\u00e7a yeni cephelere, yeni krizlere, yeni g\u00f6\u00e7lere, yeni g\u00fcvenlik tehditlerine ve yeni emperyal hesaplara kap\u0131 aralamaktad\u0131r. S\u00f6zde bar\u0131\u015f \u00e7a\u011fr\u0131lar\u0131n\u0131n g\u00f6lgesinde yeni cepheler a\u00e7\u0131lmakta. Yalan diplomasi c\u00fcmlelerinin, samimiyetsiz insani temennilerin arkas\u0131nda asker\u00ee y\u0131\u011f\u0131naklar b\u00fcy\u00fcmekte. Hukukla perdelenen s\u00f6ylemlerin ard\u0131nda kanl\u0131 \u00e7\u0131kar hesaplar\u0131 y\u00fcr\u00fct\u00fclmektedir. Bir tarafta d\u00fcnyay\u0131 pazarl\u0131k masas\u0131 bilip haritalar\u0131 cetvelle \u00e7izen, milletleri menfaat arac\u0131, mazlumlar\u0131 pazarl\u0131k kozu olarak g\u00f6ren h\u0131rs k\u00fcp\u00fc bir emperyalist siyaset bezirg\u00e2n\u0131 vard\u0131r. Di\u011fer tarafta ise s\u00f6zde devlet, \u00f6zde bebek katili bir i\u015fgal \u015febekesi. Hastaneleri, okullar\u0131, m\u00fclteci kamplar\u0131n\u0131 ve daha kundaktaki \u00e7ocuklar\u0131n kefenlerini \u00fczerine g\u00fcvenlik yalanlar\u0131 ve s\u0131n\u0131r politikalar\u0131 in\u015fa eden kanl\u0131 bir sava\u015f makinesi vard\u0131r. Bu namussuz karabatak d\u00fczeni ne ate\u015fkes tan\u0131makta ne de insanl\u0131\u011f\u0131n kadim ve ortak de\u011ferlerini \u00e7i\u011fneyip ge\u00e7erken d\u00fcnya milletleri kar\u015f\u0131s\u0131nda k\u00fc\u00e7\u00fck bir mahcubiyet g\u00f6stermektedir.<\/p>\n\n\n\n<figure class=\"wp-block-image\"><img decoding=\"async\" src=\"https:\/\/foto.sondakika.com\/haber\/2026\/06\/09\/bahceli-kursuden-ozele-cagri-y-19927751-9025_1_m.jpg\" alt=\"Bah\u00e7eli k\u00fcrs\u00fcden \u00d6zel'e seslendi: Ate\u015fe k\u00f6r\u00fckle gitmemeli, akl\u0131 selimle hareket etmelidir\"\/><\/figure>\n\n\n\n<h3 class=\"wp-block-heading\">&#8220;B\u00d6LGEM\u0130Z\u0130N KALB\u0130NE HER GE\u00c7EN G\u00dcN YEN\u0130 HAN\u00c7ERLER SAPLANMAKTADIR&#8221;<\/h3>\n\n\n\n<p class=\"wp-block-paragraph\">Bu tablo kar\u015f\u0131s\u0131nda ger\u00e7e\u011fi b\u00fct\u00fcn a\u00e7\u0131kl\u0131\u011f\u0131yla s\u00f6ylemek mecburiyetindeyiz. K\u00fcresel sistemin \u00e7ivisi \u00e7\u0131km\u0131\u015f, adalet terazisi \u015fa\u015fm\u0131\u015f, kantar\u0131n topuzu ka\u00e7m\u0131\u015f, g\u00fc\u00e7 dengeleri yerinden oynam\u0131\u015f, insanl\u0131\u011f\u0131n m\u00fc\u015fterek vicdan\u0131 kan kokusuna kar\u0131\u015fm\u0131\u015f petrol ve toprak rant siyasetleri aras\u0131nda a\u011f\u0131r bir imtihana mahk\u00fbm edilmi\u015ftir. Bug\u00fcn hak, emperyal tahakk\u00fcm\u00fcn postallar\u0131 alt\u0131nda ezilmekte, hukuk, Siyonist karabasan\u0131n menfaat \u00e7arklar\u0131nda \u00f6\u011f\u00fct\u00fclmekte, bar\u0131\u015f ise silah tacirlerinin kanl\u0131 i\u015ftahlar\u0131na kurban edilmektedir. Washington&#8217;un tehdit diliyle Tel Aviv&#8217;in L\u00fcbnan ve Gazze&#8217;deki masumlar \u00fczerinde y\u00fcr\u00fctt\u00fc\u011f\u00fc katliam d\u00fczeni ayn\u0131 karanl\u0131k masada bulu\u015fmakta, Orta Do\u011fu&#8217;da kazan kaynamakta, b\u00f6lgemizin kalbine her ge\u00e7en g\u00fcn yeni han\u00e7erler saplanmaktad\u0131r.<\/p>\n\n\n\n<h3 class=\"wp-block-heading\">&#8220;T\u00dcRK M\u0130LLET\u0130 K\u00d6\u015eEYE SIKI\u015eTIRILACAK B\u0130R M\u0130LLET DE\u011e\u0130LD\u0130R&#8221;<\/h3>\n\n\n\n<p class=\"wp-block-paragraph\">De\u011ferli milletvekilleri, bug\u00fcn Orta Do\u011fu&#8217;da ya\u015fanan gerilimi sadece \u0130ran ile \u0130srail aras\u0131nda cereyan eden bir \u00e7at\u0131\u015fma olarak g\u00f6rmek b\u00fcy\u00fck bir yan\u0131lg\u0131 olacakt\u0131r. Bu mesele yaln\u0131zca Tahran&#8217;\u0131n, Tel Aviv&#8217;in, Washington&#8217;un veya Beyrut&#8217;un meselesi de\u011fildir. Bu mesele, H\u00fcrm\u00fcz Bo\u011faz\u0131&#8217;ndan Do\u011fu Akdeniz&#8217;e, L\u00fcbnan&#8217;dan Suriye&#8217;ye, Irak&#8217;\u0131n kuzeyinden K\u0131z\u0131ldeniz&#8217;e, K\u00f6rfez&#8217;den K\u0131br\u0131s&#8217;a kadar uzanan, deniz ticaret yollar\u0131ndan petrol ve do\u011fal gaz yataklar\u0131na, su g\u00fcvenli\u011fi havzalar\u0131ndan enerji ge\u00e7i\u015f g\u00fczerg\u00e2hlar\u0131na yay\u0131lan, b\u00f6lgedeki tarih\u00ee, k\u00fclt\u00fcrel, etnik ve mezhepsel hassasiyetleri k\u0131\u015fk\u0131rtmaktan geri durmayan geni\u015f bir g\u00fcvenlik denklemidir. Bu denklemi sadece bug\u00fcn\u00fcn asker\u00ee hareketleri ve kriz ba\u015fl\u0131klar\u0131yla okumak eksik kalacakt\u0131r. \u00c7\u00fcnk\u00fc bug\u00fcn k\u0131\u015fk\u0131rt\u0131lan siyasi fay hatlar\u0131n\u0131n d\u00fcn masa ba\u015flar\u0131nda \u00e7izilen s\u0131n\u0131rlarla, bug\u00fcn sahada kullan\u0131lan ter\u00f6r aparatlar\u0131n\u0131n d\u00fcn co\u011frafyam\u0131za ekilen ayr\u0131l\u0131k tohumlar\u0131yla, bug\u00fcn enerji yollar\u0131 \u00fczerinde kurulan bask\u0131n\u0131n d\u00fcn milletlerin kaderine vurulmak istenen emperyal prangalarla do\u011frudan ba\u011f\u0131 vard\u0131r.<\/p>\n\n\n\n<p class=\"wp-block-paragraph\">B\u00f6lgemizde her kriz bir anda ortaya \u00e7\u0131km\u0131\u015f de\u011fildir. Her yang\u0131n\u0131n alt\u0131nda bir k\u00fcl, her \u00e7at\u0131\u015fman\u0131n gerisinde duman t\u00fcten bir kin, her dayatman\u0131n arkas\u0131nda yar\u0131m kalm\u0131\u015f bir emperyal hesap vard\u0131r. Tarihi bilenler bug\u00fcnk\u00fc hadiseleri daha a\u00e7\u0131k okur. B\u00f6lgemiz ilk defa masa ba\u015f\u0131 hesaplara, cetvelle \u00e7izilen haritalara, d\u0131\u015far\u0131dan dayat\u0131lan stat\u00fclere ve emperyal niyetlere maruz kalmamaktad\u0131r. D\u00fcn Sykes-Picot ile co\u011frafyam\u0131z\u0131n damarlar\u0131 kesilmek istendi. D\u00fcn Balfour Deklarasyonu ile Filistin&#8217;in kalbine zehirli bir tohum ekildi. D\u00fcn Sevr ile T\u00fcrk milletine kefen bi\u00e7ildi. D\u00fcn Musul&#8217;dan Kerk\u00fck&#8217;e, Halep&#8217;ten Kud\u00fcs&#8217;e, K\u0131br\u0131s&#8217;tan Bat\u0131 Trakya&#8217;ya kadar nice vatan par\u00e7as\u0131 \u00fczerinde hesap yap\u0131ld\u0131. Fakat heves sahipleri bir \u015feyi unuttu. T\u00fcrk milleti k\u00f6\u015feye s\u0131k\u0131\u015ft\u0131r\u0131lacak bir millet de\u011fildir. T\u00fcrk milleti kar\u015f\u0131s\u0131na yedi d\u00fcvel de dizilse tarih sahnesinden silinecek bir millet de\u011fildir. T\u00fcrkiye, ham hayaller kurularak \u00e7izilen haritalar\u0131n kenar\u0131na s\u0131k\u0131\u015ft\u0131r\u0131lacak, eline bir avu\u00e7 toprak verilip denizlerinden kopar\u0131lacak bir \u00fclke de\u011fildir. Lozan&#8217;da varl\u0131\u011f\u0131n\u0131 tescilleyen, K\u0131br\u0131s&#8217;ta karde\u015finin imdad\u0131na yeti\u015fen, ter\u00f6rle m\u00fccadelede da\u011flar\u0131 titreten, Adalar Denizi&#8217;nde bask\u0131lar ve hukuksuzluklar kar\u015f\u0131s\u0131nda geri ad\u0131m atmayan, enginlere T\u00fcrk m\u00fchr\u00fcn\u00fc vuran T\u00fcrkiye, bug\u00fcn de ayn\u0131 tarih\u00ee \u015fuurla ayaktad\u0131r. \u0130simler farkl\u0131la\u015fm\u0131\u015f, siyasi yollara yeni \u015feritler eklenmi\u015f, asker\u00ee y\u00f6ntemler teknolojiyle geli\u015fmi\u015f fakat niyet de\u011fi\u015fmemi\u015ftir. B\u00f6lgemizin topraklar\u0131na fitne tohumlar\u0131 ekmek, damarlar\u0131na ihanet zerk etmek, as\u0131rl\u0131k kom\u015fular\u0131 birbirine k\u0131rd\u0131rmak, devletleri i\u00e7eriden zay\u0131flatmak, enerji yollar\u0131n\u0131 gasp etmek isteyen k\u00fcresel \u015fer \u00e7evreleri i\u015f ba\u015f\u0131ndad\u0131r.<\/p>\n\n\n\n<p class=\"wp-block-paragraph\">T\u00fcrkiye&#8217;yi \u00e7evresinden ku\u015fat\u0131lm\u0131\u015f, y\u0131lg\u0131nl\u0131\u011fa s\u00fcr\u00fcklenmi\u015f, kolay lokma h\u00e2line gelmi\u015f bir \u00fclke olarak g\u00f6rmek isteyen karanl\u0131k odaklar\u0131n nefesi hemen s\u0131n\u0131r\u0131m\u0131z\u0131n d\u0131\u015f\u0131ndad\u0131r. G\u00f6zleri \u00fczerimizde ve bir y\u0131lan gibi pusudad\u0131r. Gaflete d\u00fc\u015fmeyecek, rehavete kap\u0131lmayaca\u011f\u0131z. Fitnenin diline, fesad\u0131n g\u00f6lgesine, fettan\u0131n oyununa teslim olmayaca\u011f\u0131z. Bir olaca\u011f\u0131z. Diri olaca\u011f\u0131z. Ayn\u0131 bayra\u011f\u0131n alt\u0131nda, ayn\u0131 istikbale y\u00fcr\u00fcyece\u011fiz. \u00c7\u00fcnk\u00fc biz T\u00fcrk milletiyiz. Biz, esareti aya\u011f\u0131n\u0131n alt\u0131nda ezen, zilleti kap\u0131s\u0131ndan i\u00e7eri sokmayan, ihanete nefes ald\u0131rmayan, haritalara s\u0131\u011fmay\u0131p nice devletler kuran, ate\u015f \u00e7emberlerini yara yara k\u00fcllerinden yeniden do\u011fan, ku\u015fatmalar\u0131 parampar\u00e7a edip ayak bast\u0131\u011f\u0131 her topra\u011f\u0131 vatan tutan ve tarihin ak\u0131\u015f\u0131na, \u00e7a\u011flar\u0131n kap\u0131lar\u0131na T\u00fcrk m\u00fchr\u00fcn\u00fc vuran aziz milletin evlatlar\u0131y\u0131z. Merhum \u015fairimiz Mehmet Emin Yurdakul, aziz T\u00fcrk milletine \u015f\u00f6yle sesleniyordu. &#8220;Senin gibi bir yi\u011fit ve bir ulu milleti insano\u011flu do\u011fdu\u011fu g\u00fcnden beri g\u00f6rmedim.&#8221; Akl\u0131m\u0131z devlette, kalbimiz millette, g\u00f6z\u00fcm\u00fcz istikbalde, irademiz T\u00fcrk ve T\u00fcrkiye Y\u00fczy\u0131l\u0131&#8217;n\u0131n kutlu istikametindedir. \u0130lerlemeye devam edece\u011fiz.<\/p>\n\n\n\n<figure class=\"wp-block-image\"><img decoding=\"async\" src=\"https:\/\/foto.sondakika.com\/haber\/2026\/06\/09\/bahceli-kursuden-ozele-cagri-y-19927751-5483_1_m.jpg\" alt=\"Bah\u00e7eli k\u00fcrs\u00fcden \u00d6zel'e seslendi: Ate\u015fe k\u00f6r\u00fckle gitmemeli, akl\u0131 selimle hareket etmelidir\"\/><\/figure>\n\n\n\n<p class=\"wp-block-paragraph\">De\u011ferli dava arkada\u015flar\u0131m, \u0130srail&#8217;in b\u00f6lgede uygulad\u0131\u011f\u0131 sald\u0131rgan, hukuk tan\u0131maz ve kan d\u00f6kmekten \u00e7ekinmeyen siyaset art\u0131k yaln\u0131z Filistin&#8217;i de\u011fil, L\u00fcbnan&#8217;\u0131, Suriye&#8217;yi, \u0130ran&#8217;\u0131, K\u00f6rfez \u00fclkelerini ve Do\u011fu Akdeniz&#8217;i ayn\u0131 anda tehdit eden bir yang\u0131n\u0131n haritas\u0131na d\u00f6n\u00fc\u015fm\u00fc\u015ft\u00fcr. Gazze&#8217;de bebeklerin, kad\u0131nlar\u0131n, ya\u015fl\u0131lar\u0131n ve hastalar\u0131n \u00fczerine bomba ya\u011fd\u0131ran hasta ve i\u015fgalci zihniyet, bug\u00fcn L\u00fcbnan&#8217;da da ayn\u0131 hain y\u00f6ntemi s\u00fcrd\u00fcrmektedir. Beyrut&#8217;un semalar\u0131nda dola\u015fan sava\u015f u\u00e7aklar\u0131 sadece L\u00fcbnan&#8217;\u0131n egemenli\u011fine de\u011fil, b\u00f6lgesel bar\u0131\u015f \u00e7a\u011fr\u0131lar\u0131na da meydan okumakta, huzur aray\u0131\u015f ve arzular\u0131na kulak t\u0131kamaktad\u0131r. Vaat edilmi\u015f topraklar masallar\u0131yla me\u015frula\u015ft\u0131r\u0131lmak istenen i\u015fgalci i\u015ftah, milletlerin kaderini Siyonist yay\u0131lmac\u0131l\u0131k saplant\u0131lar\u0131na g\u00f6re yeniden bi\u00e7imlendirme hevesindedir. L\u00fcbnan zaten y\u0131llard\u0131r siyasi k\u0131r\u0131lganl\u0131klarla, ekonomik buhranlarla, toplumsal ayr\u0131\u015fmalarla ve d\u0131\u015f m\u00fcdahalelerle y\u0131prat\u0131lm\u0131\u015f bir \u00fclkedir. B\u00f6yle bir \u00fclkenin yeniden sald\u0131r\u0131lar\u0131n hedefi h\u00e2line getirilmesi, b\u00f6lgesel yang\u0131n\u0131n bilin\u00e7li bi\u00e7imde diri tutuldu\u011funu g\u00f6stermektedir.<\/p>\n\n\n\n<h3 class=\"wp-block-heading\">&#8220;B\u0130R YANDA M\u00dcZAKERE DEN\u0130LMEKTE, D\u0130\u011eER YANDA TEHD\u0130T D\u0130L\u0130 Y\u00dcKSELMEKTE&#8221;<\/h3>\n\n\n\n<p class=\"wp-block-paragraph\">Di\u011fer yandan Amerika Birle\u015fik Devletleri&#8217;nin \u0130ran&#8217;a d\u00f6n\u00fck asker\u00ee ve siyasi bask\u0131s\u0131, b\u00f6lgesel gerilimi s\u00f6nd\u00fcrmekten ziyade daha da derinle\u015ftirmektedir. Bir yanda m\u00fczakere denilmekte, di\u011fer yanda tehdit dili y\u00fckselmektedir. Bir yanda ate\u015fkesten bahsedilmekte, di\u011fer yanda H\u00fcrm\u00fcz Bo\u011faz\u0131&#8217;nda asker\u00ee operasyonlar s\u00fcrd\u00fcr\u00fclmektedir. Bir yanda bar\u0131\u015f masas\u0131 kuruluyormu\u015f gibi yap\u0131lmakta. Di\u011fer yanda sava\u015f\u0131n ihtimal hesaplar\u0131 h\u00e2l\u00e2 canl\u0131 tutulmaktad\u0131r. Bu nas\u0131l diplomasidir? Bu nas\u0131l bar\u0131\u015f aray\u0131\u015f\u0131d\u0131r? Bu nas\u0131l uluslararas\u0131 hukuk d\u00fczenidir? E\u011fer bir \u00fclke, &#8220;Olmazsa ba\u015fka yolla yapar\u0131z.&#8221; diyerek m\u00fczakere masas\u0131na bomba g\u00f6lgesi d\u00fc\u015f\u00fcr\u00fcyorsa, orada diplomasi de\u011fil, \u015fantaj vard\u0131r. E\u011fer bir devlet, &#8220;Ate\u015fkes s\u00fcr\u00fcyor.&#8221; derken ayn\u0131 anda deniz yollar\u0131nda abluka, asker\u00ee tehdit ve d\u00fc\u015f\u00fck yo\u011funluklu \u00e7at\u0131\u015fma dili kullan\u0131yorsa, orada bask\u0131 vard\u0131r. E\u011fer bir i\u015fgal y\u00f6netimi, anas\u0131n\u0131n kuca\u011f\u0131ndan kopar\u0131lm\u0131\u015f s\u00fct kuzusu bebeklerin kan\u0131n\u0131 g\u00fcvenlik kalkan\u0131 gibi kullan\u0131yor, enkaza \u00e7evrilmi\u015f \u015fehirlerin ve yetim kalm\u0131\u015f \u00e7ocuklar\u0131n \u00fcst\u00fcne siyaset bina ediyorsa, orada katliam vard\u0131r. Bar\u0131\u015f kelimesini a\u011fz\u0131na al\u0131p sava\u015f\u0131n fitilini cebinde ta\u015f\u0131yanlar, insanl\u0131\u011f\u0131 aldatamayacaklard\u0131r. G\u00f6z\u00fcn\u00fc kan ve petrol h\u0131rs\u0131 b\u00fcr\u00fcm\u00fc\u015f olanlar, b\u00f6lgemizi mesiyanik hezeyanlar\u0131na kurban edemeyecektir. Ma\u011fdurun \u00e7\u0131\u011fl\u0131\u011f\u0131, mazlumun ah\u0131, mahzunun sessizli\u011fi er ya da ge\u00e7 zalimlerin yakas\u0131na yap\u0131\u015facakt\u0131r.<\/p>\n\n\n\n<h3 class=\"wp-block-heading\">&#8220;SINIRLARIMIZIN \u00d6TES\u0130NDE KURULAN HER TEZGAH ANKARA&#8217;DAN G\u00d6R\u00dcLMEKTED\u0130R&#8221;<\/h3>\n\n\n\n<p class=\"wp-block-paragraph\">De\u011ferli dava arkada\u015flar\u0131m, tam da bu noktada Ter\u00f6rs\u00fcz T\u00fcrkiye hedefinin ne kadar hayati ve ne kadar isabetli oldu\u011fu bir kez daha b\u00fct\u00fcn a\u00e7\u0131kl\u0131\u011f\u0131yla ortaya \u00e7\u0131kmaktad\u0131r. Bug\u00fcn b\u00f6lgemizde ya\u015fanan her kriz, bir d\u0131\u015f politika g\u00fcndem ba\u015fl\u0131\u011f\u0131 oldu\u011fu kadar, i\u00e7 cephemizin sa\u011flaml\u0131\u011f\u0131na, karde\u015flik hukukumuzun g\u00fcc\u00fcne, devletimizin teyakkuzuna ve milletimizin ortak gelecek arzusuna y\u00f6nelen bir s\u0131namad\u0131r. Ter\u00f6rs\u00fcz T\u00fcrkiye, b\u00f6lgesel f\u0131rt\u0131nalar kar\u015f\u0131s\u0131nda mill\u00ee varl\u0131\u011f\u0131m\u0131z\u0131n z\u0131rh\u0131d\u0131r. Ter\u00f6rs\u00fcz T\u00fcrkiye, emperyalizmin ta\u015feronlu\u011funu yapan mahvillerin, etnik fitne m\u00fchendislerinin ve din kisvesi alt\u0131nda Siyonist kuruntu tacirlerinin T\u00fcrkiye \u00fczerinde kurmak istedi\u011fi oyunu bozma iradesidir. Ter\u00f6rs\u00fcz T\u00fcrkiye, H\u00fcrm\u00fcz&#8217;den Do\u011fu Akdeniz&#8217;e, L\u00fcbnan&#8217;dan Suriye&#8217;ye, \u0130ran&#8217;dan Irak&#8217;\u0131n kuzeyine kadar uzanan kriz ku\u015fa\u011f\u0131 kar\u015f\u0131s\u0131nda T\u00fcrkiye&#8217;nin i\u00e7 cephesini muhkem tutma gayretidir. D\u0131\u015far\u0131da sava\u015f\u0131n duman\u0131 y\u00fckselirken, i\u00e7eride karde\u015flik hukukumuza do\u011frultulan bozgunculuk namlusuna f\u0131rsat veremeyiz. Tefrika ve tahrik emellerine r\u0131za g\u00f6steremeyiz. Habis niyetlerin nefes almas\u0131na m\u00fcsaade edemeyiz. B\u00f6lgemizin etraf\u0131nda kanl\u0131 hesaplar yap\u0131l\u0131rken y\u00fcce T\u00fcrk milletinin birli\u011fini, dirayetini ve bin y\u0131ll\u0131k karde\u015fli\u011fini zaafa u\u011fratamay\u0131z. \u00c7\u00fcnk\u00fc bah\u00e7e duvar\u0131n\u0131n ard\u0131nda hesap yapan gafillerin ilk yoklad\u0131\u011f\u0131 yer, yuvam\u0131z\u0131n i\u00e7indeki \u00e7atlaklard\u0131r. S\u0131n\u0131rlar\u0131m\u0131z\u0131n \u00f6tesinde kurulan her tezg\u00e2h Ankara&#8217;dan g\u00f6r\u00fclmektedir. T\u00fcrkiye ne karanl\u0131kta yatacak ne de kara d\u00fc\u015f g\u00f6recektir. Bug\u00fcn Amerika Birle\u015fik Devletleri&#8217;nin \u0130ran hatt\u0131nda kurdu\u011fu bask\u0131, \u0130srail&#8217;in b\u00f6lgesel kaosu derinle\u015ftiren sald\u0131rgan siyaseti, Suriye ve Irak sahas\u0131ndaki k\u0131r\u0131lganl\u0131klar, Do\u011fu Akdeniz&#8217;deki asker\u00ee hareketlilik ve H\u00fcrm\u00fcz&#8217;den L\u00fcbnan&#8217;a kadar uzanan gerilim ku\u015fa\u011f\u0131, T\u00fcrkiye&#8217;nin i\u00e7 cephesine d\u00f6n\u00fck sabotaj ihtimallerini de art\u0131rmaktad\u0131r.<\/p>\n\n\n\n<figure class=\"wp-block-image\"><img decoding=\"async\" src=\"https:\/\/foto.sondakika.com\/haber\/2026\/06\/09\/bahceli-kursuden-ozele-cagri-y-19927751-4405_1_m.jpg\" alt=\"Bah\u00e7eli k\u00fcrs\u00fcden \u00d6zel'e seslendi: Ate\u015fe k\u00f6r\u00fckle gitmemeli, akl\u0131 selimle hareket etmelidir\"\/><\/figure>\n\n\n\n<h3 class=\"wp-block-heading\">&#8220;\u0130\u00c7 CEPHEY\u0130 SA\u011eLAM TUTMAK ZORUNDAYIZ&#8221;<\/h3>\n\n\n\n<p class=\"wp-block-paragraph\">\u015eunu a\u00e7\u0131k ifade etmek gerekir. Ter\u00f6rs\u00fcz T\u00fcrkiye iradesi samimiyetle ilerlerken, bu iradeyi zehirlemek isteyen d\u0131\u015f mahfiller de bo\u015f durmamaktad\u0131r. T\u00fcrkiye&#8217;nin huzura, karde\u015fli\u011fe ve g\u00fcvenli bir gelece\u011fe y\u00fcr\u00fcd\u00fc\u011f\u00fc bir d\u00f6nemde, b\u00f6lgesel sava\u015flardan, g\u00fc\u00e7 bo\u015fluklar\u0131ndan ve jeopolitik belirsizliklerden medet uman \u00e7evrelerin ter\u00f6r uzant\u0131lar\u0131n\u0131 yeniden kullanma aray\u0131\u015f\u0131nda oldu\u011fu g\u00f6r\u00fclmektedir. Amerika Birle\u015fik Devletleri&#8217;nin b\u00f6lgedeki n\u00fcfuz a\u011f\u0131yla, \u0130srail&#8217;in kaos siyasetinin ayn\u0131 hatta bulu\u015ftu\u011fu her yerde ter\u00f6r \u00f6rg\u00fctleri birer piyon, birer ma\u015fa, uzaktan kumandal\u0131 birer aparat olarak sahneye s\u00fcr\u00fclmek istenmektedir. Suriye&#8217;nin kuzeyindeki yap\u0131lanmalar\u0131n yeni himaye kap\u0131lar\u0131 aramas\u0131, Irak&#8217;\u0131n kuzeyindeki eski mevzilerin diri tutulmak istenmesi, \u0130ran sahas\u0131ndaki her gerilimin farkl\u0131 uzant\u0131lar \u00fczerinden f\u0131rsata \u00e7evrilmeye \u00e7al\u0131\u015f\u0131lmas\u0131 tesad\u00fcf de\u011fildir. Bunlar T\u00fcrkiye&#8217;nin i\u00e7 huzurunu, karde\u015flik hukukunu ve g\u00fcvenlik mimarisini hedef alan daha b\u00fcy\u00fck bir oyunun par\u00e7alar\u0131d\u0131r. Bu sebeple Ter\u00f6rs\u00fcz T\u00fcrkiye hedefini korumak, ihanet \u015febekelerinin hesab\u0131n\u0131 bozman\u0131n gere\u011fidir. Biz Ter\u00f6rs\u00fcz T\u00fcrkiye derken i\u00e7eride huzuru, d\u0131\u015far\u0131da cayd\u0131r\u0131c\u0131l\u0131\u011f\u0131, s\u0131n\u0131rlar\u0131m\u0131zda emniyeti, b\u00f6lgemizde istikrar\u0131 ve milletimizin birli\u011fini ayn\u0131 anda savunuyoruz. D\u0131\u015far\u0131da kaos girdab\u0131 kol gezerken, sava\u015f borazanlar\u0131 kulaklar\u0131 sa\u011f\u0131r ederken, \u00fclkemiz jeopolitik depremlere s\u00fcr\u00fcklenmek istenirken surda gedik a\u00e7t\u0131rmayaca\u011f\u0131z. \u0130\u015fte Ter\u00f6rs\u00fcz T\u00fcrkiye hedefi bu b\u00fcy\u00fck tablonun merkezindedir. \u0130\u015fte bu y\u00fczden Ter\u00f6rs\u00fcz T\u00fcrkiye diyoruz. \u0130\u015fte bu y\u00fczden i\u00e7 cepheyi sa\u011flam tutmak zorunday\u0131z. \u0130\u015fte bu y\u00fczden karde\u015flik hukukunu tahkim etmeyi yaln\u0131zca iyi niyetli bir temenni olarak de\u011fil, do\u011frudan do\u011fruya bir mill\u00ee g\u00fcvenlik meselesi bi\u00e7iminde ele al\u0131yoruz.<\/p>\n\n\n\n<p class=\"wp-block-paragraph\">Y\u0131llarca &#8220;Mill\u00ee beka&#8221; s\u00f6z\u00fcm\u00fczle ak\u0131llar\u0131nca e\u011flendiler. Devletimizin gelece\u011fine dair kayg\u0131lar\u0131m\u0131z\u0131 k\u00fc\u00e7\u00fcmsediler. Cumhur \u0130ttifak\u0131&#8217;n\u0131n tarih\u00ee varl\u0131k sebebini g\u00fcnl\u00fck siyasetin dar hesaplar\u0131na hapsetmeye kalk\u0131\u015ft\u0131lar. Ter\u00f6rs\u00fcz T\u00fcrkiye hedefimizi \u00e7arp\u0131tt\u0131lar. T\u00fcrk milliyet\u00e7ili\u011finin son kalesi olan Milliyet\u00e7i Hareket Partisi&#8217;nin ad\u0131n\u0131 karanl\u0131k senaryolarla yan yana getirme garabetine d\u00fc\u015ft\u00fcler. T\u00fcrk ve T\u00fcrkiye Y\u00fczy\u0131l\u0131 y\u00fcr\u00fcy\u00fc\u015f\u00fcm\u00fczde s\u0131rt d\u00f6nd\u00fcler. \u015eimdi sormak hakk\u0131m\u0131zd\u0131r. Anla\u015f\u0131ld\u0131 m\u0131 neden mill\u00ee beka dedik? \u0130drak edildi mi neden Ter\u00f6rs\u00fcz T\u00fcrkiye diye \u0131srar ettik? Bu hedef, T\u00fcrkiye&#8217;nin yabanc\u0131 tufanlar kar\u015f\u0131s\u0131nda savrulmamas\u0131, b\u00f6lgesel \u00e7alkant\u0131lar\u0131n aras\u0131nda s\u0131k\u0131\u015ft\u0131r\u0131lmamas\u0131, emperyalist ve Siyonist ma\u015falar\u0131n yaratt\u0131\u011f\u0131 krizlerle oyalanmamas\u0131 i\u00e7in tarih\u00ee bir zarurettir. Bu nedenle Ter\u00f6rs\u00fcz T\u00fcrkiye hedefi kararl\u0131l\u0131kla s\u00fcrd\u00fcr\u00fclecektir. D\u00fcn alay edenler bug\u00fcn mahcup olmal\u0131d\u0131r. D\u00fcn beka s\u00f6z\u00fcne burun k\u0131v\u0131r\u0131p dillerini alayl\u0131 bir sak\u0131za \u00e7evirenler bug\u00fcn aynaya bakmal\u0131d\u0131r. D\u00fcn Ter\u00f6rs\u00fcz T\u00fcrkiye hedefini \u00e7arp\u0131tanlar bug\u00fcn olduklar\u0131 yerden utanmal\u0131d\u0131r. Cumhur \u0130ttifak\u0131 ekseninde kurulan mill\u00ee cephenin kar\u015f\u0131s\u0131nda durduklar\u0131 i\u00e7in hicap duymal\u0131d\u0131r. Ter\u00f6rs\u00fcz T\u00fcrkiye hedefimizi k\u00fc\u00e7\u00fcmseyenler, T\u00fcrkiye&#8217;nin hangi ku\u015fatmalar\u0131 yard\u0131\u011f\u0131n\u0131, hangi hendekleri kapatt\u0131\u011f\u0131n\u0131, s\u0131n\u0131rlar\u0131m\u0131z\u0131n hemen \u00f6tesinde, k\u0131y\u0131lar\u0131m\u0131z\u0131n hemen kar\u015f\u0131s\u0131nda nice milletler ate\u015f \u00e7emberlerinin i\u00e7ine d\u00fc\u015fm\u00fc\u015fken bu aziz vatan\u0131n nas\u0131l bir huzur ve istikrar adas\u0131 olarak ayakta tutuldu\u011funu idrak edememi\u015ftir. Nitekim zaman bizi hakl\u0131 \u00e7\u0131karm\u0131\u015ft\u0131r. Aziz milletimiz, kimin k\u00fc\u00e7\u00fck hesaplarla g\u00fcn\u00fc kurtarma tela\u015f\u0131n\u0131n pe\u015fine d\u00fc\u015ft\u00fc\u011f\u00fcn\u00fc, kiminse vatan ve millet derdine \u00f6m\u00fcr ve g\u00f6n\u00fcl verdi\u011fini b\u00fct\u00fcn \u00e7\u0131plakl\u0131\u011f\u0131yla g\u00f6rm\u00fc\u015f ve kavram\u0131\u015ft\u0131r. Bug\u00fcn art\u0131k hakikat daha g\u00fcr, daha berrak bir bi\u00e7imde anla\u015f\u0131lmaktad\u0131r.<\/p>\n\n\n\n<figure class=\"wp-block-image\"><img decoding=\"async\" src=\"https:\/\/foto.sondakika.com\/haber\/2026\/06\/09\/bahceli-kursuden-ozele-cagri-y-19927751-4553_1_m.jpg\" alt=\"Bah\u00e7eli k\u00fcrs\u00fcden \u00d6zel'e seslendi: Ate\u015fe k\u00f6r\u00fckle gitmemeli, akl\u0131 selimle hareket etmelidir\"\/><\/figure>\n\n\n\n<h3 class=\"wp-block-heading\">&#8220;\u00d6ZG\u00dcR \u00d6ZEL, ATE\u015eE K\u00d6R\u00dcKLE G\u0130TMEMEL\u0130D\u0130R&#8221;<\/h3>\n\n\n\n<p class=\"wp-block-paragraph\">Hakikatin aynas\u0131nda&nbsp;<a href=\"https:\/\/www.sondakika.com\/cumhuriyet-halk-partisi\/\">Cumhuriyet Halk Partisi<\/a>&#8216;nin i\u00e7ine d\u00fc\u015ft\u00fc\u011f\u00fc y\u00f6netim buhran\u0131 da b\u00fct\u00fcn \u00e7\u0131plakl\u0131\u011f\u0131yla g\u00f6r\u00fclmektedir. CHP&#8217;li belediyeler etraf\u0131nda uzun s\u00fcredir biriken \u015faibe s\u00fcre\u00e7leri, r\u00fc\u015fvet, g\u00f6revi k\u00f6t\u00fcye kullanma, yolsuzluk ve kamu g\u00fcc\u00fcn\u00fcn menfaat ili\u015fkilerine alet edildi\u011fi y\u00f6n\u00fcndeki pe\u015f pe\u015fe patlayan vakalar hepimizin malumudur. Vatanda\u015fa hizmet makam\u0131 olmas\u0131 gereken belediyelerin, Cumhuriyet Halk Partisi \u00e7at\u0131s\u0131 alt\u0131nda rant iddialar\u0131yla, y\u00f6netim zafiyetleriyle ve kamu emanetini ta\u015f\u0131yamama garabetiyle an\u0131l\u0131r h\u00e2le gelmesi ba\u015fl\u0131 ba\u015f\u0131na ibretlik bir tablodur. Bug\u00fcn g\u00f6r\u00fcyoruz ki yerelde ba\u015flayan bu \u00e7\u00f6z\u00fclme d\u00f6n\u00fcp dola\u015f\u0131p Cumhuriyet Halk Partisi Genel Merkezi&#8217;nin \u00e7at\u0131s\u0131na \u00e7\u00f6km\u00fc\u015ft\u00fcr. Ecdad\u0131m\u0131z, &#8220;Bal\u0131k ba\u015ftan kokar.&#8221; demi\u015ftir. CHP&#8217;li belediyelerde kendini g\u00f6steren savrukluk, \u015faibe ve y\u00f6netim aczi bug\u00fcn genel merkeze sirayet etmi\u015f, parti y\u00f6netiminin i\u00e7ine d\u00fc\u015ft\u00fc\u011f\u00fc da\u011f\u0131n\u0131kl\u0131\u011f\u0131 b\u00fct\u00fcn \u00e7\u0131plakl\u0131\u011f\u0131yla ortaya koymu\u015ftur. Cumhuriyet Halk Partisi bug\u00fcn milletin kar\u015f\u0131s\u0131na kendi i\u00e7 hesapla\u015fmas\u0131n\u0131n, koltuk kavgas\u0131n\u0131n, mahkeme s\u00fcre\u00e7leriyle d\u00fc\u011f\u00fcmlenen y\u00f6netim krizinin ve kurumsal akl\u0131n\u0131 t\u00fcketen hizip m\u00fccadelesinin g\u00f6lgesiyle \u00e7\u0131kmaktad\u0131r. Bu tablo tesad\u00fcf de\u011fildir. Bu tablo, siyaseti millete hizmetin \u015ferefli yolu olmaktan \u00e7\u0131kar\u0131p ki\u015fisel ikbalin, h\u0131rs\u0131n, \u00f6fkenin ve g\u00fc\u00e7 g\u00f6sterisinin dar patikas\u0131na s\u0131k\u0131\u015ft\u0131ran anlay\u0131\u015f\u0131n neticesidir.<\/p>\n\n\n\n<p class=\"wp-block-paragraph\">Bug\u00fcn Cumhuriyet Halk Partisi&#8217;nde bir siyasi partinin kendi hukukunu, gelene\u011fini, kurumsall\u0131\u011f\u0131n\u0131 ve me\u015fruiyet zeminini nas\u0131l a\u015f\u0131nd\u0131rd\u0131\u011f\u0131na dair vahim bir manzara vard\u0131r. Sa\u011fduyuyla kar\u015f\u0131lanmas\u0131 gereken hukuki s\u00fcre\u00e7lerin meydan okuyucu bir \u00fcslupla g\u00f6lgelenmesi siyasi k\u0131yametin b\u00fcy\u00fck alametlerindendir. Parti i\u00e7i ar\u0131nma ve durulma ihtiyac\u0131n\u0131n tehditk\u00e2r c\u00fcmlelerin g\u00f6lgesinde kalmas\u0131 idari iflas\u0131n vesikas\u0131d\u0131r. \u0130\u015f d\u00fc\u011f\u00fcmleri \u00e7\u00f6zmek yerine ya\u011fl\u0131 urganlara sar\u0131lmak, kementleri \u00fclke g\u00fcndeminin boynuna \u0131srarla dolamak aziz milletimize ne fayda getirir? Buradan a\u00e7\u0131k\u00e7a ifade ediyoruz. Bizim meselemiz Cumhuriyet Halk Partisi&#8217;nin i\u00e7ine d\u00fc\u015ft\u00fc\u011f\u00fc da\u011f\u0131n\u0131kl\u0131ktan siyasi kazan\u00e7 \u00fcretmek de\u011fildir. Bizim meselemiz T\u00fcrkiye&#8217;de siyaset kurumunun a\u011f\u0131rl\u0131\u011f\u0131n\u0131, millet iradesinin sayg\u0131nl\u0131\u011f\u0131n\u0131 ve hukukun \u00fcst\u00fcnl\u00fc\u011f\u00fcn\u00fc korumakt\u0131r. Ancak g\u00f6r\u00fcnen k\u00f6y k\u0131lavuz istememektedir.<\/p>\n\n\n\n<figure class=\"wp-block-image\"><img decoding=\"async\" src=\"https:\/\/foto.sondakika.com\/haber\/2026\/06\/09\/bahceli-kursuden-ozele-cagri-y-19927751-6101_1_m.jpg\" alt=\"Bah\u00e7eli k\u00fcrs\u00fcden \u00d6zel'e seslendi: Ate\u015fe k\u00f6r\u00fckle gitmemeli, akl\u0131 selimle hareket etmelidir\"\/><\/figure>\n\n\n\n<p class=\"wp-block-paragraph\">Cumhuriyet Halk Partisi bug\u00fcn iki ayr\u0131 y\u00f6n, iki ayr\u0131 dil, iki ayr\u0131 merkez ve iki ayr\u0131 me\u015fruiyet iddias\u0131yla muhalefetin gidi\u015fat\u0131 bak\u0131m\u0131ndan kayg\u0131 verici bir ger\u00e7ek olarak kar\u015f\u0131m\u0131zdad\u0131r. Bir tarafta hukuki zemine d\u00f6nme ihtiyac\u0131 toparlanma iste\u011fiyle bulu\u015fmaktad\u0131r. Di\u011fer tarafta meydan okuma \u00fczerinden g\u00fc\u00e7 g\u00f6sterileri sergilenmekte, sokak dili ile parti i\u00e7i krizi b\u00fcy\u00fctme hevesi g\u00fcndemin \u00fczerine a\u011f\u0131r bir sis misali \u00e7\u00f6kmektedir. Bu noktada Cumhuriyet Halk Partisi&#8217;ne ve Say\u0131n \u00d6zg\u00fcr \u00d6zel&#8217;e d\u00fc\u015fen, ate\u015fe k\u00f6r\u00fckle gitmek de\u011fil, akl\u0131selimle hareket etmektir. Zira keskin sirke k\u00fcp\u00fcne zarar verir.<\/p>\n\n\n\n<h3 class=\"wp-block-heading\">&#8220;CUMHUR\u0130YET HALK PART\u0130S\u0130&#8217;N\u0130N \u00d6N\u00dcNDE \u0130K\u0130 YOL VARDIR&#8221;<\/h3>\n\n\n\n<p class=\"wp-block-paragraph\">Cumhuriyet Halk Partisi kendi i\u00e7indeki \u00e7etrefilli ihtilaf\u0131 meydanlar\u0131n hararetine terk etmemelidir. Serinkanl\u0131l\u0131kla y\u00fcr\u00fct\u00fclmesi gereken hukuki s\u00fcreci kalabal\u0131klar\u0131n g\u00fcr\u00fclt\u00fcs\u00fcne b\u0131rakmamal\u0131d\u0131r. Cumhuriyetle ya\u015f\u0131t bir siyasi parti olman\u0131n a\u011f\u0131rl\u0131\u011f\u0131n\u0131 ve kurumsall\u0131\u011f\u0131n\u0131 niteliksiz sokak diline havale etmek, \u00f6l\u00fc g\u00f6z\u00fcnden ya\u015f beklemekten farks\u0131zd\u0131r. Bug\u00fcn Cumhuriyet Halk Partisi&#8217;nin \u00f6n\u00fcnde iki yol vard\u0131r. Ya kendi i\u00e7 meselesini hukuk ve sa\u011fduyu zemininde \u00e7\u00f6zecek ya da kendi eliyle b\u00fcy\u00fctt\u00fc\u011f\u00fc d\u00fc\u011f\u00fcm\u00fc milletimizin g\u00fcndemine yeni bir y\u00fck olarak ta\u015f\u0131yacakt\u0131r.&#8221;<\/p>\n","protected":false},"excerpt":{"rendered":"<p>MHP Genel Ba\u015fkan\u0131 Devlet Bah\u00e7eli Meclis&#8217;teki grup toplant\u0131s\u0131nda CHP&#8217;deki grup toplant\u0131s\u0131 restle\u015fmesine ili\u015fkin konu\u015ftu. Bah\u00e7eli,<\/p>\n","protected":false},"author":1,"featured_media":2864,"comment_status":"open","ping_status":"open","sticky":false,"template":"","format":"standard","meta":{"_rtcl_gb_attr":"","footnotes":""},"categories":[44,43],"tags":[],"class_list":["post-2863","post","type-post","status-publish","format-standard","has-post-thumbnail","hentry","category-politika","category-son-dakika"],"_links":{"self":[{"href":"https:\/\/turkiyemhaber.com\/index.php?rest_route=\/wp\/v2\/posts\/2863","targetHints":{"allow":["GET"]}}],"collection":[{"href":"https:\/\/turkiyemhaber.com\/index.php?rest_route=\/wp\/v2\/posts"}],"about":[{"href":"https:\/\/turkiyemhaber.com\/index.php?rest_route=\/wp\/v2\/types\/post"}],"author":[{"embeddable":true,"href":"https:\/\/turkiyemhaber.com\/index.php?rest_route=\/wp\/v2\/users\/1"}],"replies":[{"embeddable":true,"href":"https:\/\/turkiyemhaber.com\/index.php?rest_route=%2Fwp%2Fv2%2Fcomments&post=2863"}],"version-history":[{"count":1,"href":"https:\/\/turkiyemhaber.com\/index.php?rest_route=\/wp\/v2\/posts\/2863\/revisions"}],"predecessor-version":[{"id":2865,"href":"https:\/\/turkiyemhaber.com\/index.php?rest_route=\/wp\/v2\/posts\/2863\/revisions\/2865"}],"wp:featuredmedia":[{"embeddable":true,"href":"https:\/\/turkiyemhaber.com\/index.php?rest_route=\/wp\/v2\/media\/2864"}],"wp:attachment":[{"href":"https:\/\/turkiyemhaber.com\/index.php?rest_route=%2Fwp%2Fv2%2Fmedia&parent=2863"}],"wp:term":[{"taxonomy":"category","embeddable":true,"href":"https:\/\/turkiyemhaber.com\/index.php?rest_route=%2Fwp%2Fv2%2Fcategories&post=2863"},{"taxonomy":"post_tag","embeddable":true,"href":"https:\/\/turkiyemhaber.com\/index.php?rest_route=%2Fwp%2Fv2%2Ftags&post=2863"}],"curies":[{"name":"wp","href":"https:\/\/api.w.org\/{rel}","templated":true}]}}