{"id":2860,"date":"2026-06-09T09:31:40","date_gmt":"2026-06-09T09:31:40","guid":{"rendered":"https:\/\/turkiyemhaber.com\/?p=2860"},"modified":"2026-06-09T09:31:45","modified_gmt":"2026-06-09T09:31:45","slug":"kemal-kilicdaroglu-meclise-gitmiyor-grup-toplantimiz-14-00te-genel-merkezde","status":"publish","type":"post","link":"https:\/\/turkiyemhaber.com\/?p=2860","title":{"rendered":"Kemal K\u0131l\u0131\u00e7daro\u011flu, Meclis&#8217;e gitmiyor: Grup toplant\u0131m\u0131z 14.00&#8217;te genel merkezde"},"content":{"rendered":"\n<p class=\"wp-block-paragraph\">CHP Genel Ba\u015fkan\u0131 Kemal K\u0131l\u0131\u00e7daro\u011flu, bug\u00fcn yap\u0131lacak grup toplant\u0131s\u0131 \u00f6ncesinde Meclis \u00f6n\u00fcnde ortaya \u00e7\u0131kan g\u00f6r\u00fcnt\u00fclere tepki g\u00f6sterdi. ABB Ba\u015fkan\u0131 Mansur Yava\u015f&#8217;\u0131n kendisine y\u00f6nelik mesaj\u0131n\u0131 al\u0131nt\u0131layan K\u0131l\u0131\u00e7daro\u011flu, &#8220;\u0130\u00e7 kar\u0131\u015f\u0131kl\u0131k yaratma \u00e7abalar\u0131 sadece d\u0131\u015f m\u00fcdahale heveslilerine zemin haz\u0131rlar. Biz bu oyunu bozar\u0131z!&#8221; dedi. K\u0131l\u0131\u00e7daro\u011flu ayr\u0131ca t\u00fcm partilileri ve destek\u00e7ilerini saat 14.00&#8217;te CHP Genel Merkezi&#8217;nde d\u00fczenlenecek grup toplant\u0131s\u0131na davet etti.<\/p>\n\n\n\n<p class=\"wp-block-paragraph\"><a href=\"https:\/\/www.sondakika.com\/cumhuriyet-halk-partisi\/\">Cumhuriyet Halk Partisi<\/a>&#8216;nde (CHP) bug\u00fcn saat 13.30&#8217;da yap\u0131lmas\u0131 planlanan olayl\u0131 grup toplant\u0131s\u0131 \u00f6ncesinde dikkat \u00e7eken geli\u015fmeler ya\u015fan\u0131yor.<\/p>\n\n\n\n<h3 class=\"wp-block-heading\">KILI\u00c7DARO\u011eLU&#8217;NDAN D\u0130KKAT \u00c7EKEN A\u00c7IKLAMA<\/h3>\n\n\n\n<p class=\"wp-block-paragraph\">\u00d6zg\u00fcr \u00d6zel ve&nbsp;<a href=\"https:\/\/www.sondakika.com\/kemal-kilicdaroglu\/\">Kemal K\u0131l\u0131\u00e7daro\u011flu<\/a>&nbsp;destek\u00e7ilerinin TBMM kap\u0131s\u0131nda kar\u015f\u0131 kar\u015f\u0131ya gelmesinin ard\u0131ndan ortaya \u00e7\u0131kan g\u00f6r\u00fcnt\u00fclere sert tepki g\u00f6steren K\u0131l\u0131\u00e7daro\u011flu, Grup Toplant\u0131s\u0131 i\u00e7in yeni bir adres g\u00f6sterdi.<\/p>\n\n\n\n<h3 class=\"wp-block-heading\">&#8220;K\u0130RL\u0130 EMELLERE ASLA GE\u00c7\u0130T VERMEYECE\u011e\u0130Z&#8221;<\/h3>\n\n\n\n<p class=\"wp-block-paragraph\">Ankara B\u00fcy\u00fck\u015fehir Belediye Ba\u015fkan\u0131&nbsp;<a href=\"https:\/\/www.sondakika.com\/mansur-yavas\/\">Mansur Yava\u015f<\/a>&#8216;\u0131n kendisine y\u00f6nelik \u00e7a\u011fr\u0131s\u0131n\u0131 al\u0131nt\u0131layan K\u0131l\u0131\u00e7daro\u011flu&#8217;nun resmi X hesab\u0131ndan yapt\u0131\u011f\u0131 a\u00e7\u0131klama \u015fu \u015fekilde;&nbsp;&#8220;Mahkeme salonlar\u0131nda da s\u00f6yledim bug\u00fcn buradan bir kez daha ilan ediyorum:<\/p>\n\n\n\n<p class=\"wp-block-paragraph\">Topyek\u00fcn halk ayaklanmas\u0131 \u00e7\u0131\u011f\u0131rtkanl\u0131\u011f\u0131 yaparak bu partinin \u00f6z evlatlar\u0131n\u0131 birbirine d\u00fc\u015fman etmek isteyenler bilsin ki; o kirli emellere asla ge\u00e7it vermeyece\u011fiz! \u0130\u00e7 kar\u0131\u015f\u0131kl\u0131k yaratma \u00e7abalar\u0131, sadece d\u0131\u015f m\u00fcdahale heveslilerine zemin haz\u0131rlar. Biz bu oyunu bozar\u0131z!<\/p>\n\n\n\n<h3 class=\"wp-block-heading\">&#8220;B\u00dcT\u00dcN YOL ARKADA\u015eLARIMI S\u00dcKUNETE DAVET ED\u0130YORUM&#8221;<\/h3>\n\n\n\n<p class=\"wp-block-paragraph\">\u015eimdi kavga de\u011fil, omuz omuza durma vaktidir. B\u00fct\u00fcn yol arkada\u015flar\u0131m\u0131, bu k\u00f6kl\u00fc \u00e7\u0131nar\u0131n evlatlar\u0131n\u0131 s\u00fckunete ve akla davet ediyorum.<\/p>\n\n\n\n<p class=\"wp-block-paragraph\">G\u00fcn, baba oca\u011f\u0131na sahip \u00e7\u0131kma g\u00fcn\u00fcd\u00fcr! T\u00fcm partililerimizi, ve y\u00fcre\u011fi bu \u00fclke i\u00e7in \u00e7arpan her bir yurtta\u015f\u0131m\u0131z\u0131, saat 14.00\u2019te omuz omuza bir grup toplant\u0131s\u0131 ger\u00e7ekle\u015ftirmek \u00fczere Cumhuriyet Halk Partisi Genel Merkezimize, yani Baba Oca\u011f\u0131m\u0131za \u00e7a\u011f\u0131r\u0131yorum.&nbsp;Biz biriz ve birlikteyiz.&#8221;<\/p>\n\n\n\n<figure class=\"wp-block-image\"><img decoding=\"async\" src=\"https:\/\/foto.sondakika.com\/haber\/2026\/06\/09\/kemal-kilicdaroglu-meclise-git-19927901-1927_1_m.jpg\" alt=\"Kemal K\u0131l\u0131\u00e7daro\u011flu, Meclis'e gitmiyor: Grup toplant\u0131m\u0131z 14.00'te genel merkezde\"\/><\/figure>\n\n\n\n<h3 class=\"wp-block-heading\">MANSUR YAVA\u015e&#8217;TAN KILI\u00c7DARO\u011eLU&#8217;NA SA\u011eDUYU \u00c7A\u011eRISI<\/h3>\n\n\n\n<p class=\"wp-block-paragraph\">Ankara B\u00fcy\u00fck\u015fehir Belediye Ba\u015fkan\u0131 Mansur Yava\u015f, CHP&#8217;de b\u00fcy\u00fck tart\u0131\u015fmalara sahne olan bug\u00fcnk\u00fc Grup Toplant\u0131s\u0131&#8217;na saatler kala Kemal K\u0131l\u0131\u00e7daro\u011flu&#8217;na hitaben bir mesaj yay\u0131mlad\u0131. Yava\u015f, payla\u015f\u0131m\u0131nda K\u0131l\u0131\u00e7daro\u011flu&#8217;nun uzun y\u0131llar CHP Genel Ba\u015fkanl\u0131\u011f\u0131 g\u00f6revini \u00fcstlendi\u011fini hat\u0131rlatarak, mevcut s\u00fcre\u00e7te tecr\u00fcbesi ve devlet adaml\u0131\u011f\u0131 birikimiyle hareket etmesinin \u00f6nemine dikkat \u00e7ekti.<\/p>\n\n\n\n<p class=\"wp-block-paragraph\">Yava\u015f, &#8220;Siz, Cumhuriyet Halk Partimizin uzun y\u0131llar Genel Ba\u015fkanl\u0131\u011f\u0131n\u0131 yapm\u0131\u015f, partimizin en zorlu d\u00f6nemlerinde sorumluluk \u00fcstlenmi\u015f \u00f6nemli bir de\u011ferimizsiniz&#8221; ifadelerini kulland\u0131.<\/p>\n\n\n\n<h3 class=\"wp-block-heading\">&#8220;M\u0130LYONLARCA CHP&#8217;L\u0130 SA\u011eDUYULU B\u0130R YAKLA\u015eIM BEKL\u0130YOR&#8221;<\/h3>\n\n\n\n<p class=\"wp-block-paragraph\">Mesaj\u0131nda CHP taban\u0131n\u0131n beklentilerine de de\u011finen Yava\u015f, ya\u015fanan s\u00fcre\u00e7te milyonlarca partilinin K\u0131l\u0131\u00e7daro\u011flu&#8217;ndan sa\u011fduyulu bir tav\u0131r bekledi\u011fini belirtti.<\/p>\n\n\n\n<p class=\"wp-block-paragraph\">Yava\u015f, &#8220;Bug\u00fcn ya\u015fanan s\u00fcre\u00e7te de milyonlarca CHP&#8217;li, sahip oldu\u011funuz tecr\u00fcbe ve devlet adaml\u0131\u011f\u0131 birikimiyle sa\u011fduyulu bir yakla\u015f\u0131m g\u00f6stermenizi beklemektedir&#8221; dedi.<\/p>\n\n\n\n<h3 class=\"wp-block-heading\">&#8220;\u0130STENMEYEN G\u00d6R\u00dcNT\u00dcLER\u0130N OLU\u015eMAMASI HEP\u0130M\u0130Z\u0130N SORUMLULU\u011eU&#8221;<\/h3>\n\n\n\n<p class=\"wp-block-paragraph\">CHP&#8217;nin kurumsal kimli\u011finin korunmas\u0131n\u0131n \u00f6nemine vurgu yapan Yava\u015f, \u00f6rg\u00fctlerin ve se\u00e7menlerin daha fazla y\u0131pranmamas\u0131 gerekti\u011fini ifade etti.<\/p>\n\n\n\n<p class=\"wp-block-paragraph\">Mesaj\u0131nda, &#8220;Partimizin kurumsal kimli\u011finin korunmas\u0131, \u00f6rg\u00fctlerimizin ve se\u00e7menlerimizin daha fazla \u00fcz\u00fclmemesi, Meclis \u00e7at\u0131s\u0131 alt\u0131nda ve kamuoyu \u00f6n\u00fcnde istenmeyen g\u00f6r\u00fcnt\u00fclerin olu\u015fmamas\u0131 hepimizin ortak sorumlulu\u011fudur&#8221; s\u00f6zlerine yer verdi.<\/p>\n\n\n\n<h3 class=\"wp-block-heading\">&#8220;CHP HEP\u0130M\u0130Z\u0130N ORTAK EV\u0130&#8221;<\/h3>\n\n\n\n<p class=\"wp-block-paragraph\">Yava\u015f, CHP&#8217;nin birlik ve beraberli\u011finin korunmas\u0131n\u0131n \u00f6nemine dikkat \u00e7ekerek, K\u0131l\u0131\u00e7daro\u011flu&#8217;nun ataca\u011f\u0131 yap\u0131c\u0131 ad\u0131mlar\u0131n partiye g\u00fc\u00e7 kataca\u011f\u0131n\u0131 savundu.<\/p>\n\n\n\n<p class=\"wp-block-paragraph\">&#8220;Bu nedenle, CHP&#8217;nin birli\u011fi, karde\u015flik hukuku ve gelece\u011fi ad\u0131na ataca\u011f\u0131n\u0131z her yap\u0131c\u0131 ad\u0131m\u0131n toplumda kar\u015f\u0131l\u0131k bulaca\u011f\u0131na ve partimize g\u00fc\u00e7 kataca\u011f\u0131na inan\u0131yorum&#8221; diyen Yava\u015f, mesaj\u0131n\u0131 \u015fu s\u00f6zlerle tamamlad\u0131:<\/p>\n\n\n\n<p class=\"wp-block-paragraph\">&#8220;Cumhuriyet Halk Partisi hepimizin ortak evidir. Bu evin zarar g\u00f6rmemesi i\u00e7in g\u00f6sterece\u011finiz hassasiyet, yaln\u0131zca partililerimiz taraf\u0131ndan de\u011fil, demokrasiye inanan t\u00fcm yurtta\u015flar taraf\u0131ndan da takdirle kar\u015f\u0131lanacakt\u0131r.&#8221;<\/p>\n\n\n\n<figure class=\"wp-block-image\"><img decoding=\"async\" src=\"https:\/\/foto.sondakika.com\/haber\/2026\/06\/09\/kemal-kilicdaroglu-meclise-git-19927901-4490_1_m.jpg\" alt=\"Kemal K\u0131l\u0131\u00e7daro\u011flu, Meclis'e gitmiyor: Grup toplant\u0131m\u0131z 14.00'te genel merkezde\"\/><\/figure>\n\n\n\n<p class=\"wp-block-paragraph\"><a href=\"https:\/\/www.sondakika.com\/cumhuriyet-halk-partisi\/\"><strong>Cumhuriyet Halk Partisi<\/strong><\/a>,&nbsp;<a href=\"https:\/\/www.sondakika.com\/kemal-kilicdaroglu\/\"><strong>Kemal K\u0131l\u0131\u00e7daro\u011flu<\/strong><\/a>,&nbsp;<a href=\"https:\/\/www.sondakika.com\/mansur-yavas\/\"><strong>Mansur Yava\u015f<\/strong><\/a>,&nbsp;<a href=\"https:\/\/www.sondakika.com\/politika\/\"><strong>Politika<\/strong><\/a>,&nbsp;<a href=\"https:\/\/www.sondakika.com\/guncel\/\"><strong>G\u00fcncel<\/strong><\/a>,&nbsp;<a href=\"https:\/\/www.sondakika.com\/\"><strong>Son Dakika<\/strong><\/a><\/p>\n","protected":false},"excerpt":{"rendered":"<p>CHP Genel Ba\u015fkan\u0131 Kemal K\u0131l\u0131\u00e7daro\u011flu, bug\u00fcn yap\u0131lacak grup toplant\u0131s\u0131 \u00f6ncesinde Meclis \u00f6n\u00fcnde ortaya \u00e7\u0131kan g\u00f6r\u00fcnt\u00fclere<\/p>\n","protected":false},"author":1,"featured_media":2861,"comment_status":"open","ping_status":"open","sticky":false,"template":"","format":"standard","meta":{"_rtcl_gb_attr":"","footnotes":""},"categories":[44,43],"tags":[],"class_list":["post-2860","post","type-post","status-publish","format-standard","has-post-thumbnail","hentry","category-politika","category-son-dakika"],"_links":{"self":[{"href":"https:\/\/turkiyemhaber.com\/index.php?rest_route=\/wp\/v2\/posts\/2860","targetHints":{"allow":["GET"]}}],"collection":[{"href":"https:\/\/turkiyemhaber.com\/index.php?rest_route=\/wp\/v2\/posts"}],"about":[{"href":"https:\/\/turkiyemhaber.com\/index.php?rest_route=\/wp\/v2\/types\/post"}],"author":[{"embeddable":true,"href":"https:\/\/turkiyemhaber.com\/index.php?rest_route=\/wp\/v2\/users\/1"}],"replies":[{"embeddable":true,"href":"https:\/\/turkiyemhaber.com\/index.php?rest_route=%2Fwp%2Fv2%2Fcomments&post=2860"}],"version-history":[{"count":1,"href":"https:\/\/turkiyemhaber.com\/index.php?rest_route=\/wp\/v2\/posts\/2860\/revisions"}],"predecessor-version":[{"id":2862,"href":"https:\/\/turkiyemhaber.com\/index.php?rest_route=\/wp\/v2\/posts\/2860\/revisions\/2862"}],"wp:featuredmedia":[{"embeddable":true,"href":"https:\/\/turkiyemhaber.com\/index.php?rest_route=\/wp\/v2\/media\/2861"}],"wp:attachment":[{"href":"https:\/\/turkiyemhaber.com\/index.php?rest_route=%2Fwp%2Fv2%2Fmedia&parent=2860"}],"wp:term":[{"taxonomy":"category","embeddable":true,"href":"https:\/\/turkiyemhaber.com\/index.php?rest_route=%2Fwp%2Fv2%2Fcategories&post=2860"},{"taxonomy":"post_tag","embeddable":true,"href":"https:\/\/turkiyemhaber.com\/index.php?rest_route=%2Fwp%2Fv2%2Ftags&post=2860"}],"curies":[{"name":"wp","href":"https:\/\/api.w.org\/{rel}","templated":true}]}}