{"id":2854,"date":"2026-06-09T09:23:09","date_gmt":"2026-06-09T09:23:09","guid":{"rendered":"https:\/\/turkiyemhaber.com\/?p=2854"},"modified":"2026-06-09T09:23:13","modified_gmt":"2026-06-09T09:23:13","slug":"uyusturucu-testi-pozitif-cikan-yagmur-unal-sessizligini-bozdu","status":"publish","type":"post","link":"https:\/\/turkiyemhaber.com\/?p=2854","title":{"rendered":"Uyu\u015fturucu testi pozitif \u00e7\u0131kan Ya\u011fmur \u00dcnal sessizli\u011fini bozdu"},"content":{"rendered":"\n<p class=\"wp-block-paragraph\">\u00dcnl\u00fclere y\u00f6nelik uyu\u015fturucu soru\u015fturmas\u0131nda, Adli T\u0131p Kurumu taraf\u0131ndan al\u0131nan sa\u00e7 \u00f6rne\u011finde uyu\u015fturucu madde tespit edildi\u011fi ve testinin pozitif \u00e7\u0131kt\u0131\u011f\u0131 iddia edilen oyuncu Ya\u011fmur \u00dcnal sessizli\u011fini bozdu. T\u00fcrkan \u015eoray&#8217;\u0131n k\u0131z\u0131 \u00dcnal, iddialar\u0131 yalanlayarak, &#8220;B\u00fcy\u00fck bir yanl\u0131\u015fl\u0131k oldu\u011funu umuyorum. Resmi sonu\u00e7lara hen\u00fcz ula\u015fmad\u0131m. Gerekirse kendi yapt\u0131rd\u0131\u011f\u0131m testleri \u015feffaf\u00e7a payla\u015faca\u011f\u0131m&#8221; dedi.<\/p>\n\n\n\n<p class=\"wp-block-paragraph\">Bak\u0131rk\u00f6y Cumhuriyet Ba\u015fsavc\u0131l\u0131\u011f\u0131 taraf\u0131ndan y\u00fcr\u00fct\u00fclen uyu\u015fturucu soru\u015fturmas\u0131nda \u015fok bir geli\u015fme ya\u015fand\u0131.&nbsp;<a href=\"https:\/\/www.sondakika.com\/adli-tip-kurumu\/\">Adli T\u0131p Kurumu<\/a>&#8216;na (ATK) sevk edilen ve aralar\u0131nda Mabel Matiz (Fatih Karaca), oyuncu&nbsp;<a href=\"https:\/\/www.sondakika.com\/yagmur-unal\/\">Ya\u011fmur \u00dcnal<\/a>&nbsp;ile Volkan Bah\u00e7ekap\u0131l\u0131&#8217;n\u0131n da bulundu\u011fu 10 ismin uyu\u015fturucu test sonu\u00e7lar\u0131 pozitif \u00e7\u0131kt\u0131.&nbsp;Geli\u015fmelerin ard\u0131ndan ilk a\u00e7\u0131klama&nbsp;<a href=\"https:\/\/www.sondakika.com\/turkan-soray\/\">T\u00fcrkan \u015eoray<\/a>&#8216;\u0131n k\u0131z\u0131 Ya\u011fmur \u00dcnal&#8217;dan geldi.<\/p>\n\n\n\n<h3 class=\"wp-block-heading\">ADL\u0130 TIP RAPORU SORU\u015eTURMA DOSYASINDA<\/h3>\n\n\n\n<p class=\"wp-block-paragraph\">Bak\u0131rk\u00f6y Cumhuriyet Ba\u015fsavc\u0131l\u0131\u011f\u0131&#8217;n\u0131n b\u00fcy\u00fck bir gizlilikle y\u00fcr\u00fctt\u00fc\u011f\u00fc uyu\u015fturucu ticareti ve kullan\u0131m\u0131 soru\u015fturmas\u0131nda yeni bir perde a\u00e7\u0131ld\u0131. Soru\u015fturma kapsam\u0131nda g\u00f6zalt\u0131na al\u0131nan ve yasal prosed\u00fcr gere\u011fi kan, idrar ile sa\u00e7 \u00f6rne\u011fi vermeleri i\u00e7in Adli T\u0131p Kurumu\u2019na sevk edilen \u00fcnl\u00fc isimlerin test sonu\u00e7lar\u0131 dosyaya girdi.&nbsp;S\u0131zan bilgilere g\u00f6re; kamuoyunda &#8220;Mabel Matiz&#8221; sahne ad\u0131yla bilinen \u015fark\u0131c\u0131 Fatih Karaca, Ye\u015fil\u00e7am&#8217;\u0131n efsane ismi T\u00fcrkan \u015eoray&#8217;\u0131n yap\u0131mc\u0131 ve oyuncu k\u0131z\u0131 Ya\u011fmur \u00dcnal ile i\u015f insan\u0131 Volkan Bah\u00e7ekap\u0131l\u0131 dahil olmak \u00fczere toplam 10 \u015f\u00fcphelinin test sonu\u00e7lar\u0131n\u0131n pozitif \u00e7\u0131kt\u0131\u011f\u0131 \u00f6ne s\u00fcr\u00fcld\u00fc.<\/p>\n\n\n\n<figure class=\"wp-block-image\"><img decoding=\"async\" src=\"https:\/\/foto.sondakika.com\/haber\/2026\/06\/09\/uyusturucu-testi-pozitif-cikan-19928144-1964_1_m.jpg\" alt=\"Uyu\u015fturucu testi pozitif \u00e7\u0131kan Ya\u011fmur \u00dcnal sessizli\u011fini bozdu\"\/><\/figure>\n\n\n\n<h3 class=\"wp-block-heading\">YA\u011eMUR \u00dcNAL SESS\u0130ZL\u0130\u011e\u0130N\u0130 BOZDU<\/h3>\n\n\n\n<p class=\"wp-block-paragraph\">\u0130ddialar\u0131n sosyal medyada ve internet sitelerinde h\u0131zla yay\u0131lmas\u0131n\u0131n ard\u0131ndan g\u00f6zlerin \u00e7evrildi\u011fi Ya\u011fmur \u00dcnal, avukat\u0131 arac\u0131l\u0131\u011f\u0131yla yaz\u0131l\u0131 bir a\u00e7\u0131klama yaparak sessizli\u011fini bozdu. Hakk\u0131ndaki iddialar\u0131 kesin bir dille reddeden \u00dcnal, adalete g\u00fcvendi\u011fini belirterek \u015fu ifadeleri kulland\u0131:&nbsp;&#8220;Hakk\u0131mda \u00e7\u0131kan ve ger\u00e7e\u011fi kesinlikle ve kesinlikle yans\u0131tmayan haberleri b\u00fcy\u00fck bir \u015fa\u015fk\u0131nl\u0131kla \u00f6\u011frendik. Resmi kurumlardan gelen sonu\u00e7lara hen\u00fcz taraf\u0131m\u0131zca ula\u015f\u0131lmad\u0131. Ortada b\u00fcy\u00fck bir yanl\u0131\u015fl\u0131k oldu\u011funu umuyorum ve en k\u0131sa s\u00fcrede ger\u00e7e\u011fin net bir \u015fekilde ortaya \u00e7\u0131kaca\u011f\u0131na t\u00fcm kalbimle inan\u0131yorum.&#8221;<\/p>\n\n\n\n<figure class=\"wp-block-image\"><img decoding=\"async\" src=\"https:\/\/foto.sondakika.com\/haber\/2026\/06\/09\/uyusturucu-testi-pozitif-cikan-19928144-2616_1_m.jpg\" alt=\"Uyu\u015fturucu testi pozitif \u00e7\u0131kan Ya\u011fmur \u00dcnal sessizli\u011fini bozdu\"\/><\/figure>\n\n\n\n<h3 class=\"wp-block-heading\">&#8220;KEND\u0130 TEST SONU\u00c7LARIMI \u015eEFFAF\u00c7A PAYLA\u015eACA\u011eIM&#8221;<\/h3>\n\n\n\n<p class=\"wp-block-paragraph\">S\u00fcrecin takip\u00e7isi olaca\u011f\u0131n\u0131 ve iddialar\u0131n as\u0131ls\u0131z oldu\u011funu kan\u0131tlamak i\u00e7in harekete ge\u00e7ti\u011fini belirten \u00dcnal, ba\u011f\u0131ms\u0131z laboratuvarlarda da test yapt\u0131raca\u011f\u0131n\u0131n sinyalini verdi:&nbsp;&#8220;Bu durumun ayd\u0131nlat\u0131lmas\u0131 i\u00e7in gerekirse kendi insiyatifimle yapt\u0131rd\u0131\u011f\u0131m \u00f6zel testlerin sonu\u00e7lar\u0131 geldi\u011finde, bunlar\u0131 da kamuoyu ile \u015feffaf bir \u015fekilde payla\u015faca\u011f\u0131m. Bu zorlu s\u00fcre\u00e7te her zaman yan\u0131mda olan can\u0131m aileme, g\u00fczel arkada\u015flar\u0131ma ve destek mesajlar\u0131 atan herkese \u00e7ok te\u015fekk\u00fcr ederim.&#8221;<\/p>\n\n\n\n<h3 class=\"wp-block-heading\">\u0130\u015fte Ya\u011fmur \u00dcnal&#8217;\u0131n o payla\u015f\u0131m\u0131;&nbsp;<\/h3>\n\n\n\n<figure class=\"wp-block-image\"><img decoding=\"async\" src=\"https:\/\/foto.sondakika.com\/haber\/2026\/06\/09\/uyusturucu-testi-pozitif-cikan-71498338-8379_1_m.jpg\" alt=\"Uyu\u015fturucu testi pozitif \u00e7\u0131kan Ya\u011fmur \u00dcnal sessizli\u011fini bozdu\"\/><\/figure>\n","protected":false},"excerpt":{"rendered":"<p>\u00dcnl\u00fclere y\u00f6nelik uyu\u015fturucu soru\u015fturmas\u0131nda, Adli T\u0131p Kurumu taraf\u0131ndan al\u0131nan sa\u00e7 \u00f6rne\u011finde uyu\u015fturucu madde tespit edildi\u011fi<\/p>\n","protected":false},"author":1,"featured_media":2855,"comment_status":"open","ping_status":"open","sticky":false,"template":"","format":"standard","meta":{"_rtcl_gb_attr":"","footnotes":""},"categories":[41],"tags":[],"class_list":["post-2854","post","type-post","status-publish","format-standard","has-post-thumbnail","hentry","category-magazin"],"_links":{"self":[{"href":"https:\/\/turkiyemhaber.com\/index.php?rest_route=\/wp\/v2\/posts\/2854","targetHints":{"allow":["GET"]}}],"collection":[{"href":"https:\/\/turkiyemhaber.com\/index.php?rest_route=\/wp\/v2\/posts"}],"about":[{"href":"https:\/\/turkiyemhaber.com\/index.php?rest_route=\/wp\/v2\/types\/post"}],"author":[{"embeddable":true,"href":"https:\/\/turkiyemhaber.com\/index.php?rest_route=\/wp\/v2\/users\/1"}],"replies":[{"embeddable":true,"href":"https:\/\/turkiyemhaber.com\/index.php?rest_route=%2Fwp%2Fv2%2Fcomments&post=2854"}],"version-history":[{"count":1,"href":"https:\/\/turkiyemhaber.com\/index.php?rest_route=\/wp\/v2\/posts\/2854\/revisions"}],"predecessor-version":[{"id":2856,"href":"https:\/\/turkiyemhaber.com\/index.php?rest_route=\/wp\/v2\/posts\/2854\/revisions\/2856"}],"wp:featuredmedia":[{"embeddable":true,"href":"https:\/\/turkiyemhaber.com\/index.php?rest_route=\/wp\/v2\/media\/2855"}],"wp:attachment":[{"href":"https:\/\/turkiyemhaber.com\/index.php?rest_route=%2Fwp%2Fv2%2Fmedia&parent=2854"}],"wp:term":[{"taxonomy":"category","embeddable":true,"href":"https:\/\/turkiyemhaber.com\/index.php?rest_route=%2Fwp%2Fv2%2Fcategories&post=2854"},{"taxonomy":"post_tag","embeddable":true,"href":"https:\/\/turkiyemhaber.com\/index.php?rest_route=%2Fwp%2Fv2%2Ftags&post=2854"}],"curies":[{"name":"wp","href":"https:\/\/api.w.org\/{rel}","templated":true}]}}