{"id":2848,"date":"2026-06-08T11:24:34","date_gmt":"2026-06-08T11:24:34","guid":{"rendered":"https:\/\/turkiyemhaber.com\/?p=2848"},"modified":"2026-06-08T11:24:38","modified_gmt":"2026-06-08T11:24:38","slug":"cem-tvde-gorev-degisimi-didem-turkmene-yeni-sorumluluk","status":"publish","type":"post","link":"https:\/\/turkiyemhaber.com\/?p=2848","title":{"rendered":"Cem TV\u2019de G\u00f6rev De\u011fi\u015fimi: Didem T\u00fcrkmen\u2019e Yeni Sorumluluk"},"content":{"rendered":"\n<p class=\"wp-block-paragraph\">Cem TV ekranlar\u0131nda bir s\u00fcredir program sunuculu\u011fu yapan Didem T\u00fcrkmen, kariyerinde \u00f6nemli bir ad\u0131m atarak kanal\u0131n Genel Yay\u0131n Koordinat\u00f6rl\u00fc\u011f\u00fc g\u00f6revine getirildi. Medya sekt\u00f6r\u00fcnde istikrarl\u0131 y\u00fckseli\u015fiyle dikkat \u00e7eken T\u00fcrkmen, yeni pozisyonunda da kanal\u0131n yay\u0131n \u00e7izgisine katk\u0131 sunmaya haz\u0131rlan\u0131yor.<\/p>\n\n\n\n<figure class=\"wp-block-image size-large\"><img loading=\"lazy\" decoding=\"async\" width=\"1024\" height=\"670\" src=\"https:\/\/turkiyemhaber.com\/wp-content\/uploads\/2026\/06\/WhatsApp-Image-2026-06-08-at-11.05.42-1024x670.jpeg\" alt=\"\" class=\"wp-image-2849\" srcset=\"https:\/\/turkiyemhaber.com\/wp-content\/uploads\/2026\/06\/WhatsApp-Image-2026-06-08-at-11.05.42-1024x670.jpeg 1024w, https:\/\/turkiyemhaber.com\/wp-content\/uploads\/2026\/06\/WhatsApp-Image-2026-06-08-at-11.05.42-300x196.jpeg 300w, https:\/\/turkiyemhaber.com\/wp-content\/uploads\/2026\/06\/WhatsApp-Image-2026-06-08-at-11.05.42-768x503.jpeg 768w, https:\/\/turkiyemhaber.com\/wp-content\/uploads\/2026\/06\/WhatsApp-Image-2026-06-08-at-11.05.42-18x12.jpeg 18w, https:\/\/turkiyemhaber.com\/wp-content\/uploads\/2026\/06\/WhatsApp-Image-2026-06-08-at-11.05.42.jpeg 1320w\" sizes=\"auto, (max-width: 1024px) 100vw, 1024px\" \/><\/figure>\n\n\n\n<p class=\"wp-block-paragraph\">Ba\u015far\u0131l\u0131 isim, \u00e7al\u0131\u015fmalar\u0131n\u0131 sanat\u00e7\u0131 Nur Ert\u00fcrk ile birlikte s\u00fcrd\u00fcrmeye devam ederken, ikilinin uyumu ekranlara da yans\u0131yor. Nitekim Ert\u00fcrk, T\u00fcrkmen\u2019in do\u011fum g\u00fcn\u00fcn\u00fc \u201cHayata Dair\u201d program\u0131n\u0131n canl\u0131 yay\u0131n\u0131nda kutlayarak izleyicilere s\u00fcrpriz bir an ya\u015fatt\u0131. St\u00fcdyoda ger\u00e7ekle\u015fen bu \u00f6zel kutlama, izleyenlerden b\u00fcy\u00fck ilgi g\u00f6rd\u00fc.<\/p>\n\n\n\n<figure class=\"wp-block-image size-large\"><img loading=\"lazy\" decoding=\"async\" width=\"1024\" height=\"542\" src=\"https:\/\/turkiyemhaber.com\/wp-content\/uploads\/2026\/06\/WhatsApp-Image-2026-06-08-at-11.05.48-2-1024x542.jpeg\" alt=\"\" class=\"wp-image-2850\" srcset=\"https:\/\/turkiyemhaber.com\/wp-content\/uploads\/2026\/06\/WhatsApp-Image-2026-06-08-at-11.05.48-2-1024x542.jpeg 1024w, https:\/\/turkiyemhaber.com\/wp-content\/uploads\/2026\/06\/WhatsApp-Image-2026-06-08-at-11.05.48-2-300x159.jpeg 300w, https:\/\/turkiyemhaber.com\/wp-content\/uploads\/2026\/06\/WhatsApp-Image-2026-06-08-at-11.05.48-2-768x407.jpeg 768w, https:\/\/turkiyemhaber.com\/wp-content\/uploads\/2026\/06\/WhatsApp-Image-2026-06-08-at-11.05.48-2-1536x813.jpeg 1536w, https:\/\/turkiyemhaber.com\/wp-content\/uploads\/2026\/06\/WhatsApp-Image-2026-06-08-at-11.05.48-2-18x10.jpeg 18w, https:\/\/turkiyemhaber.com\/wp-content\/uploads\/2026\/06\/WhatsApp-Image-2026-06-08-at-11.05.48-2.jpeg 1600w\" sizes=\"auto, (max-width: 1024px) 100vw, 1024px\" \/><\/figure>\n\n\n\n<p class=\"wp-block-paragraph\">Kutlamalar bununla da s\u0131n\u0131rl\u0131 kalmad\u0131. Cem TV ekibi de T\u00fcrkmen\u2019i bu anlaml\u0131 g\u00fcn\u00fcnde yaln\u0131z b\u0131rakmad\u0131. Kanal \u00e7al\u0131\u015fanlar\u0131n\u0131n haz\u0131rlad\u0131\u011f\u0131 s\u00fcrpriz do\u011fum g\u00fcn\u00fc organizasyonunda pasta kesildi, samimi ve ne\u015feli anlar ya\u015fand\u0131. Ekip i\u00e7indeki g\u00fc\u00e7l\u00fc ba\u011f\u0131n hissedildi\u011fi etkinlik, renkli g\u00f6r\u00fcnt\u00fclere sahne oldu.<\/p>\n\n\n\n<figure class=\"wp-block-image size-large\"><img loading=\"lazy\" decoding=\"async\" width=\"768\" height=\"1024\" src=\"https:\/\/turkiyemhaber.com\/wp-content\/uploads\/2026\/06\/WhatsApp-Image-2026-06-08-at-11.05.48-768x1024.jpeg\" alt=\"\" class=\"wp-image-2851\" srcset=\"https:\/\/turkiyemhaber.com\/wp-content\/uploads\/2026\/06\/WhatsApp-Image-2026-06-08-at-11.05.48-768x1024.jpeg 768w, https:\/\/turkiyemhaber.com\/wp-content\/uploads\/2026\/06\/WhatsApp-Image-2026-06-08-at-11.05.48-225x300.jpeg 225w, https:\/\/turkiyemhaber.com\/wp-content\/uploads\/2026\/06\/WhatsApp-Image-2026-06-08-at-11.05.48-1152x1536.jpeg 1152w, https:\/\/turkiyemhaber.com\/wp-content\/uploads\/2026\/06\/WhatsApp-Image-2026-06-08-at-11.05.48-9x12.jpeg 9w, https:\/\/turkiyemhaber.com\/wp-content\/uploads\/2026\/06\/WhatsApp-Image-2026-06-08-at-11.05.48-1024x1365.jpeg 1024w, https:\/\/turkiyemhaber.com\/wp-content\/uploads\/2026\/06\/WhatsApp-Image-2026-06-08-at-11.05.48.jpeg 1200w\" sizes=\"auto, (max-width: 768px) 100vw, 768px\" \/><\/figure>\n\n\n\n<p class=\"wp-block-paragraph\">Disiplinli \u00e7al\u0131\u015fma tarz\u0131 ve profesyonel yakla\u015f\u0131m\u0131yla \u00f6ne \u00e7\u0131kan Didem T\u00fcrkmen\u2019in, \u00fcstlendi\u011fi yeni g\u00f6revde de ba\u015far\u0131l\u0131 projelere imza atmas\u0131 bekleniyor. Medya alan\u0131ndaki yolculu\u011funu kararl\u0131l\u0131kla s\u00fcrd\u00fcren T\u00fcrkmen, Cem TV\u2019deki yeni rol\u00fcyle dikkatleri \u00fczerine \u00e7ekmeye devam edecek.<\/p>\n","protected":false},"excerpt":{"rendered":"<p>Cem TV ekranlar\u0131nda bir s\u00fcredir program sunuculu\u011fu yapan Didem T\u00fcrkmen, kariyerinde \u00f6nemli bir ad\u0131m atarak<\/p>\n","protected":false},"author":1,"featured_media":2852,"comment_status":"open","ping_status":"open","sticky":false,"template":"","format":"standard","meta":{"_rtcl_gb_attr":"","footnotes":""},"categories":[41],"tags":[],"class_list":["post-2848","post","type-post","status-publish","format-standard","has-post-thumbnail","hentry","category-magazin"],"_links":{"self":[{"href":"https:\/\/turkiyemhaber.com\/index.php?rest_route=\/wp\/v2\/posts\/2848","targetHints":{"allow":["GET"]}}],"collection":[{"href":"https:\/\/turkiyemhaber.com\/index.php?rest_route=\/wp\/v2\/posts"}],"about":[{"href":"https:\/\/turkiyemhaber.com\/index.php?rest_route=\/wp\/v2\/types\/post"}],"author":[{"embeddable":true,"href":"https:\/\/turkiyemhaber.com\/index.php?rest_route=\/wp\/v2\/users\/1"}],"replies":[{"embeddable":true,"href":"https:\/\/turkiyemhaber.com\/index.php?rest_route=%2Fwp%2Fv2%2Fcomments&post=2848"}],"version-history":[{"count":1,"href":"https:\/\/turkiyemhaber.com\/index.php?rest_route=\/wp\/v2\/posts\/2848\/revisions"}],"predecessor-version":[{"id":2853,"href":"https:\/\/turkiyemhaber.com\/index.php?rest_route=\/wp\/v2\/posts\/2848\/revisions\/2853"}],"wp:featuredmedia":[{"embeddable":true,"href":"https:\/\/turkiyemhaber.com\/index.php?rest_route=\/wp\/v2\/media\/2852"}],"wp:attachment":[{"href":"https:\/\/turkiyemhaber.com\/index.php?rest_route=%2Fwp%2Fv2%2Fmedia&parent=2848"}],"wp:term":[{"taxonomy":"category","embeddable":true,"href":"https:\/\/turkiyemhaber.com\/index.php?rest_route=%2Fwp%2Fv2%2Fcategories&post=2848"},{"taxonomy":"post_tag","embeddable":true,"href":"https:\/\/turkiyemhaber.com\/index.php?rest_route=%2Fwp%2Fv2%2Ftags&post=2848"}],"curies":[{"name":"wp","href":"https:\/\/api.w.org\/{rel}","templated":true}]}}