{"id":2837,"date":"2026-06-08T07:37:00","date_gmt":"2026-06-08T07:37:00","guid":{"rendered":"https:\/\/turkiyemhaber.com\/?p=2837"},"modified":"2026-06-08T07:37:04","modified_gmt":"2026-06-08T07:37:04","slug":"vatandasin-birikimi-eriyor-altin-fiyatlari-tepetaklak","status":"publish","type":"post","link":"https:\/\/turkiyemhaber.com\/?p=2837","title":{"rendered":"Vatanda\u015f\u0131n birikimi eriyor! Alt\u0131n fiyatlar\u0131 tepetaklak"},"content":{"rendered":"\n<p class=\"wp-block-paragraph\">Orta Do\u011fu&#8217;da t\u0131rmanan gerilim ve ABD&#8217;den gelen g\u00fc\u00e7l\u00fc istihdam verileri alt\u0131n piyasas\u0131nda dengeleri de\u011fi\u015ftirdi. Ge\u00e7en hafta son iki ay\u0131n en d\u00fc\u015f\u00fck seviyesine gerileyen alt\u0131n, yeni haftan\u0131n ilk g\u00fcn\u00fcnde jeopolitik risklerin etkisiyle ons ba\u015f\u0131na 4 bin 300 dolar s\u0131n\u0131r\u0131n\u0131n \u00fczerinde seyrediyor. Gram alt\u0131n ise an itibar\u0131yla 6.396 liradan i\u015flem g\u00f6r\u00fcyor.<\/p>\n\n\n\n<p class=\"wp-block-paragraph\"><a href=\"https:\/\/www.sondakika.com\/orta-dogu\/\">Orta Do\u011fu<\/a>&#8216;da tansiyonun yeniden y\u00fckselmesi ve petrol fiyatlar\u0131ndaki yukar\u0131 y\u00f6nl\u00fc hareket, k\u00fcresel piyasalarda enflasyon ve faiz endi\u015felerini tetikledi. Ge\u00e7ti\u011fimiz hafta yakla\u015f\u0131k y\u00fczde 5 de\u011fer kaybederek son iki ay\u0131n en dip seviyesini g\u00f6ren alt\u0131n, yeni haftaya jeopolitik risklerin g\u00f6lgesinde ba\u015flad\u0131. Pazartesi g\u00fcn\u00fc k\u00fcresel piyasalarda ons ba\u015f\u0131na 4 bin 300 dolar\u0131n hemen \u00fczerinde dengelenme \u00e7abas\u0131 \u00f6ne \u00e7\u0131kt\u0131.<\/p>\n\n\n\n<h3 class=\"wp-block-heading\">KR\u0130Z P\u0130YASALARI SARSTI<\/h3>\n\n\n\n<p class=\"wp-block-paragraph\">\u0130ran\u2019\u0131n, L\u00fcbnan\u2019daki askeri hareketlili\u011fe misilleme olarak \u0130srail\u2019e y\u00f6nelik f\u00fcze sald\u0131r\u0131s\u0131 ba\u015flatmas\u0131 b\u00f6lgedeki k\u0131r\u0131lganl\u0131\u011f\u0131 art\u0131rd\u0131. \u0130srail ordusu f\u00fczelerin tamam\u0131n\u0131n etkisiz hale getirildi\u011fini ve can kayb\u0131 ya\u015fanmad\u0131\u011f\u0131n\u0131 a\u00e7\u0131klasa da, krizin H\u00fcrm\u00fcz Bo\u011faz\u0131&#8217;ndaki enerji koridorunu tehdit etmesi petrol fiyatlar\u0131n\u0131 yukar\u0131 ta\u015f\u0131d\u0131. Basra K\u00f6rfezi&#8217;nden yap\u0131lan enerji arz\u0131n\u0131n kesintiye u\u011frama riski, k\u00fcresel \u00f6l\u00e7ekte enflasyonist kayg\u0131lar\u0131 yeniden alevlendirdi.<\/p>\n\n\n\n<h3 class=\"wp-block-heading\">FED&#8217;\u0130N FA\u0130Z ARTIRIM BEKLENT\u0130S\u0130 BASKI OLU\u015eTURUYOR<\/h3>\n\n\n\n<p class=\"wp-block-paragraph\">Alt\u0131n fiyatlar\u0131ndaki dalgalanman\u0131n bir di\u011fer \u00f6nemli aya\u011f\u0131n\u0131 ise ABD&#8217;den gelen makroekonomik veriler olu\u015fturuyor. Beklentilerden g\u00fc\u00e7l\u00fc \u00e7\u0131kan ABD istihdam verileri, ABD Merkez Bankas\u0131\u2019n\u0131n (Fed) y\u0131l\u0131n son \u00e7eyre\u011finde faiz art\u0131r\u0131m\u0131na gidebilece\u011fi y\u00f6n\u00fcndeki beklentileri kuvvetlendirdi. \u0130stihdam raporu \u00f6ncesinde Aral\u0131k ay\u0131nda bir faiz art\u0131\u015f\u0131 olas\u0131l\u0131\u011f\u0131 y\u00fczde 50 olarak fiyatlan\u0131rken, g\u00fc\u00e7l\u00fc verilerin ard\u0131ndan bu oran y\u00fczde 70 seviyesine f\u0131rlayarak ge\u00e7en hafta alt\u0131n fiyatlar\u0131 \u00fczerinde ciddi bir bask\u0131 unsuru olu\u015fturdu.<\/p>\n\n\n\n<h3 class=\"wp-block-heading\">\u0130\u015eTE HAFTANIN \u0130LK F\u0130YATLARI<\/h3>\n\n\n\n<p class=\"wp-block-paragraph\">Haftan\u0131n ilk i\u015flem g\u00fcn\u00fcnde yurt i\u00e7i ve yurt d\u0131\u015f\u0131 alt\u0131n piyasalar\u0131nda \u015fu rakamlar takip ediliyor:<\/p>\n\n\n\n<p class=\"wp-block-paragraph\">Ons Alt\u0131n: G\u00fcne 4.329 dolardan ba\u015flayan ons alt\u0131n, g\u00fcn i\u00e7inde en d\u00fc\u015f\u00fck 4.300 dolar, en y\u00fcksek ise 4.353 dolar seviyesini test etti. Ons alt\u0131n \u015fu s\u0131ralar 4.317 dolar seviyelerinde dengeleniyor.<\/p>\n\n\n\n<p class=\"wp-block-paragraph\">Gram Alt\u0131n: Yurt i\u00e7inde g\u00fcne 6.410 lira seviyesinden giri\u015f yapan gram alt\u0131n, g\u00fcn ortas\u0131nda en d\u00fc\u015f\u00fck 6.373 lira ve en y\u00fcksek 6.451 lira band\u0131nda hareket etti. Gram alt\u0131n an itibar\u0131yla 6.396 liradan i\u015flem g\u00f6r\u00fcyor.<\/p>\n","protected":false},"excerpt":{"rendered":"<p>Orta Do\u011fu&#8217;da t\u0131rmanan gerilim ve ABD&#8217;den gelen g\u00fc\u00e7l\u00fc istihdam verileri alt\u0131n piyasas\u0131nda dengeleri de\u011fi\u015ftirdi. Ge\u00e7en<\/p>\n","protected":false},"author":1,"featured_media":2838,"comment_status":"open","ping_status":"open","sticky":false,"template":"","format":"standard","meta":{"_rtcl_gb_attr":"","footnotes":""},"categories":[14],"tags":[],"class_list":["post-2837","post","type-post","status-publish","format-standard","has-post-thumbnail","hentry","category-ekonomi"],"_links":{"self":[{"href":"https:\/\/turkiyemhaber.com\/index.php?rest_route=\/wp\/v2\/posts\/2837","targetHints":{"allow":["GET"]}}],"collection":[{"href":"https:\/\/turkiyemhaber.com\/index.php?rest_route=\/wp\/v2\/posts"}],"about":[{"href":"https:\/\/turkiyemhaber.com\/index.php?rest_route=\/wp\/v2\/types\/post"}],"author":[{"embeddable":true,"href":"https:\/\/turkiyemhaber.com\/index.php?rest_route=\/wp\/v2\/users\/1"}],"replies":[{"embeddable":true,"href":"https:\/\/turkiyemhaber.com\/index.php?rest_route=%2Fwp%2Fv2%2Fcomments&post=2837"}],"version-history":[{"count":1,"href":"https:\/\/turkiyemhaber.com\/index.php?rest_route=\/wp\/v2\/posts\/2837\/revisions"}],"predecessor-version":[{"id":2839,"href":"https:\/\/turkiyemhaber.com\/index.php?rest_route=\/wp\/v2\/posts\/2837\/revisions\/2839"}],"wp:featuredmedia":[{"embeddable":true,"href":"https:\/\/turkiyemhaber.com\/index.php?rest_route=\/wp\/v2\/media\/2838"}],"wp:attachment":[{"href":"https:\/\/turkiyemhaber.com\/index.php?rest_route=%2Fwp%2Fv2%2Fmedia&parent=2837"}],"wp:term":[{"taxonomy":"category","embeddable":true,"href":"https:\/\/turkiyemhaber.com\/index.php?rest_route=%2Fwp%2Fv2%2Fcategories&post=2837"},{"taxonomy":"post_tag","embeddable":true,"href":"https:\/\/turkiyemhaber.com\/index.php?rest_route=%2Fwp%2Fv2%2Ftags&post=2837"}],"curies":[{"name":"wp","href":"https:\/\/api.w.org\/{rel}","templated":true}]}}