{"id":2828,"date":"2026-06-07T11:15:14","date_gmt":"2026-06-07T11:15:14","guid":{"rendered":"https:\/\/turkiyemhaber.com\/?p=2828"},"modified":"2026-06-07T11:15:18","modified_gmt":"2026-06-07T11:15:18","slug":"malatyada-apartmanda-yilan-panigi","status":"publish","type":"post","link":"https:\/\/turkiyemhaber.com\/?p=2828","title":{"rendered":"Malatya&#8217;da Apartmanda Y\u0131lan Pani\u011fi"},"content":{"rendered":"\n<p class=\"wp-block-paragraph\">Ye\u015filyurt&#8217;ta apartmana giren y\u0131lan, itfaiye taraf\u0131ndan yakalan\u0131p do\u011faya b\u0131rak\u0131ld\u0131.<\/p>\n\n\n\n<p class=\"wp-block-paragraph\"><a href=\"https:\/\/www.sondakika.com\/malatya\/\">Malatya<\/a>&#8216;n\u0131n&nbsp;<a href=\"https:\/\/www.sondakika.com\/yesilyurt\/\">Ye\u015filyurt<\/a>&nbsp;il\u00e7esinde bir apartmana giren bir metreden uzun y\u0131lan, bina sakinlerine korku dolu anlar ya\u015fatt\u0131.&nbsp;<a href=\"https:\/\/www.sondakika.com\/itfaiye\/\">\u0130tfaiye<\/a>&nbsp;ekipleri taraf\u0131ndan yakalanan y\u0131lan, daha sonra do\u011faya b\u0131rak\u0131ld\u0131.<\/p>\n\n\n\n<p class=\"wp-block-paragraph\">Olay, saat 11.00 s\u0131ralar\u0131nda Ye\u015filyurt il\u00e7esi \u0130kizce Mahallesi 2. Etap 3. B\u00f6lge&#8217;de meydana geldi. Edinilen bilgilere g\u00f6re, apartman merdivenlerinde bir metreden uzun y\u0131lan\u0131 fark eden bina sakinleri b\u00fcy\u00fck panik ya\u015fad\u0131. Durumun 112 Acil \u00c7a\u011fr\u0131 Merkezi&#8217;ne bildirilmesi \u00fczerine b\u00f6lgeye itfaiye ekipleri sevk edildi. K\u0131sa s\u00fcrede olay yerine ula\u015fan ekipler, \u00f6zel yakalama aparat\u0131 kullanarak y\u0131lan\u0131 bulundu\u011fu noktadan g\u00fcvenli \u015fekilde ald\u0131. Yakalanan y\u0131lan, yerle\u015fim alan\u0131ndan uzak bir b\u00f6lgede do\u011fal ya\u015fam alan\u0131na b\u0131rak\u0131ld\u0131.<\/p>\n\n\n\n<p class=\"wp-block-paragraph\">Olayda herhangi bir olumsuzluk ya\u015fanmaz iken, bina sakinleri itfaiye ekiplerine te\u015fekk\u00fcr etti. &#8211; MALATYA<\/p>\n","protected":false},"excerpt":{"rendered":"<p>Ye\u015filyurt&#8217;ta apartmana giren y\u0131lan, itfaiye taraf\u0131ndan yakalan\u0131p do\u011faya b\u0131rak\u0131ld\u0131. Malatya&#8216;n\u0131n&nbsp;Ye\u015filyurt&nbsp;il\u00e7esinde bir apartmana giren bir metreden<\/p>\n","protected":false},"author":1,"featured_media":2829,"comment_status":"open","ping_status":"open","sticky":false,"template":"","format":"standard","meta":{"_rtcl_gb_attr":"","footnotes":""},"categories":[1],"tags":[],"class_list":["post-2828","post","type-post","status-publish","format-standard","has-post-thumbnail","hentry","category-http-turkiyemhaber-com-wp-content-uploads-2026-03-saray-59-haber-13-mart-pdf"],"_links":{"self":[{"href":"https:\/\/turkiyemhaber.com\/index.php?rest_route=\/wp\/v2\/posts\/2828","targetHints":{"allow":["GET"]}}],"collection":[{"href":"https:\/\/turkiyemhaber.com\/index.php?rest_route=\/wp\/v2\/posts"}],"about":[{"href":"https:\/\/turkiyemhaber.com\/index.php?rest_route=\/wp\/v2\/types\/post"}],"author":[{"embeddable":true,"href":"https:\/\/turkiyemhaber.com\/index.php?rest_route=\/wp\/v2\/users\/1"}],"replies":[{"embeddable":true,"href":"https:\/\/turkiyemhaber.com\/index.php?rest_route=%2Fwp%2Fv2%2Fcomments&post=2828"}],"version-history":[{"count":1,"href":"https:\/\/turkiyemhaber.com\/index.php?rest_route=\/wp\/v2\/posts\/2828\/revisions"}],"predecessor-version":[{"id":2830,"href":"https:\/\/turkiyemhaber.com\/index.php?rest_route=\/wp\/v2\/posts\/2828\/revisions\/2830"}],"wp:featuredmedia":[{"embeddable":true,"href":"https:\/\/turkiyemhaber.com\/index.php?rest_route=\/wp\/v2\/media\/2829"}],"wp:attachment":[{"href":"https:\/\/turkiyemhaber.com\/index.php?rest_route=%2Fwp%2Fv2%2Fmedia&parent=2828"}],"wp:term":[{"taxonomy":"category","embeddable":true,"href":"https:\/\/turkiyemhaber.com\/index.php?rest_route=%2Fwp%2Fv2%2Fcategories&post=2828"},{"taxonomy":"post_tag","embeddable":true,"href":"https:\/\/turkiyemhaber.com\/index.php?rest_route=%2Fwp%2Fv2%2Ftags&post=2828"}],"curies":[{"name":"wp","href":"https:\/\/api.w.org\/{rel}","templated":true}]}}