{"id":2825,"date":"2026-06-07T11:12:08","date_gmt":"2026-06-07T11:12:08","guid":{"rendered":"https:\/\/turkiyemhaber.com\/?p=2825"},"modified":"2026-06-07T11:12:11","modified_gmt":"2026-06-07T11:12:11","slug":"polis-memuru-evinde-olu-bulundu","status":"publish","type":"post","link":"https:\/\/turkiyemhaber.com\/?p=2825","title":{"rendered":"Polis memuru evinde \u00f6l\u00fc bulundu"},"content":{"rendered":"\n<p class=\"wp-block-paragraph\">D\u00fczce&#8217;de g\u00f6rev yapan 30 ya\u015f\u0131ndaki polis memuru Samet \u00d6zdemir, kendisinden haber alamayan babas\u0131n\u0131n ihbar\u0131 \u00fczerine evinde hareketsiz halde bulundu. Sa\u011fl\u0131k ekiplerinin yapt\u0131\u011f\u0131 kontrolde hayat\u0131n\u0131 kaybetti\u011fi belirlenen gen\u00e7 polisin kalp krizi ge\u00e7irdi\u011fi tespit edildi. Son 3 g\u00fcnd\u00fcr a\u011f\u0131r grip belirtileri ya\u015fad\u0131\u011f\u0131 \u00f6\u011frenilen \u00d6zdemir i\u00e7in t\u00f6ren d\u00fczenlenirken, cenazesi defnedilmek \u00fczere memleketi Zonguldak&#8217;a g\u00f6nderildi.<\/p>\n\n\n\n<p class=\"wp-block-paragraph\"><a href=\"https:\/\/www.sondakika.com\/duzce\/\">D\u00fczce<\/a>&#8216;de g\u00f6rev yapan 30 ya\u015f\u0131ndaki polis memuru Samet \u00d6zdemir, kendisinden haber alamayan babas\u0131n\u0131n ihbar\u0131 \u00fczerine evinde \u00f6l\u00fc bulundu. Yakla\u015f\u0131k 3 g\u00fcnd\u00fcr a\u011f\u0131r grip ge\u00e7irdi\u011fi \u00f6\u011frenilen gen\u00e7 polisin kalp krizi sonucu hayat\u0131n\u0131 kaybetti\u011fi belirlendi.<\/p>\n\n\n\n<h3 class=\"wp-block-heading\">BABASI HABER ALAMAYINCA EK\u0130PLER HAREKETE GE\u00c7T\u0130<\/h3>\n\n\n\n<p class=\"wp-block-paragraph\">D\u00fczce \u0130l Emniyet M\u00fcd\u00fcrl\u00fc\u011f\u00fc b\u00fcnyesinde g\u00f6rev yapan 4 y\u0131ll\u0131k polis memuru Samet \u00d6zdemir&#8217;den uzun s\u00fcre haber alamayan babas\u0131, durumdan \u015f\u00fcphelenerek o\u011flunun meslekta\u015flar\u0131na ula\u015ft\u0131.<\/p>\n\n\n\n<p class=\"wp-block-paragraph\">\u0130hbar \u00fczerine Aziziye Mahallesi&#8217;ndeki adrese giden polis ekipleri, kap\u0131n\u0131n a\u00e7\u0131lmamas\u0131 \u00fczerine D\u00fczce Belediyesi itfaiye ekiplerinden destek istedi.<\/p>\n\n\n\n<figure class=\"wp-block-image\"><img decoding=\"async\" src=\"https:\/\/foto.sondakika.com\/haber\/2026\/06\/07\/polis-memuru-evinde-olu-bulund-19920914-7084_1_m.jpg\" alt=\"&lt;a class='keyword-sd' href='\/polis\/' title='Polis'&gt;Polis&lt;\/a&gt; memuru evinde \u00f6l\u00fc bulundu\"\/><\/figure>\n\n\n\n<h3 class=\"wp-block-heading\">EV\u0130NDE HAREKETS\u0130Z HALDE BULUNDU<\/h3>\n\n\n\n<p class=\"wp-block-paragraph\">\u0130tfaiye ekiplerinin yard\u0131m\u0131yla balkondan eve giren ekipler, 30 ya\u015f\u0131ndaki polis memurunu odas\u0131nda yerde hareketsiz yatarken buldu.<\/p>\n\n\n\n<p class=\"wp-block-paragraph\">Olay yerine \u00e7a\u011fr\u0131lan sa\u011fl\u0131k ekiplerinin yapt\u0131\u011f\u0131 kontrolde Samet \u00d6zdemir&#8217;in ya\u015fam\u0131n\u0131 yitirdi\u011fi tespit edildi.<\/p>\n\n\n\n<h3 class=\"wp-block-heading\">3 G\u00dcND\u00dcR A\u011eIR GR\u0130P GE\u00c7\u0130RD\u0130\u011e\u0130 \u00d6\u011eREN\u0130LD\u0130<\/h3>\n\n\n\n<p class=\"wp-block-paragraph\">Yap\u0131lan ilk incelemelerde gen\u00e7 polis memurunun kalp krizi sonucu hayat\u0131n\u0131 kaybetti\u011fi belirlendi.<\/p>\n\n\n\n<p class=\"wp-block-paragraph\">Herhangi bir kronik rahats\u0131zl\u0131\u011f\u0131 bulunmad\u0131\u011f\u0131 \u00f6\u011frenilen \u00d6zdemir&#8217;in son 3 g\u00fcnd\u00fcr a\u011f\u0131r grip belirtileri ya\u015fad\u0131\u011f\u0131 ifade edildi.<\/p>\n\n\n\n<figure class=\"wp-block-image\"><img decoding=\"async\" src=\"https:\/\/foto.sondakika.com\/haber\/2026\/06\/07\/polis-memuru-evinde-olu-bulund-19920914-8662_1_m.jpg\" alt=\"Polis memuru evinde \u00f6l\u00fc bulundu\"\/><\/figure>\n\n\n\n<h3 class=\"wp-block-heading\">MEMLEKET\u0130 ZONGULDAK&#8217;A U\u011eURLANDI<\/h3>\n\n\n\n<p class=\"wp-block-paragraph\">Hayat\u0131n\u0131 kaybeden Samet \u00d6zdemir i\u00e7in D\u00fczce \u015eehir Mezarl\u0131\u011f\u0131&#8217;nda t\u00f6ren d\u00fczenlendi. T\u00f6rene D\u00fczce \u0130l Emniyet M\u00fcd\u00fcrl\u00fc\u011f\u00fc personeli, yak\u0131nlar\u0131 ve sevenleri kat\u0131ld\u0131.<\/p>\n\n\n\n<p class=\"wp-block-paragraph\">Gen\u00e7 polis memurunun cenazesi, t\u00f6renin ard\u0131ndan defnedilmek \u00fczere memleketi&nbsp;<a href=\"https:\/\/www.sondakika.com\/zonguldak\/\">Zonguldak<\/a>&#8216;a g\u00f6nderildi.<\/p>\n","protected":false},"excerpt":{"rendered":"<p>D\u00fczce&#8217;de g\u00f6rev yapan 30 ya\u015f\u0131ndaki polis memuru Samet \u00d6zdemir, kendisinden haber alamayan babas\u0131n\u0131n ihbar\u0131 \u00fczerine<\/p>\n","protected":false},"author":1,"featured_media":2826,"comment_status":"open","ping_status":"open","sticky":false,"template":"","format":"standard","meta":{"_rtcl_gb_attr":"","footnotes":""},"categories":[1],"tags":[],"class_list":["post-2825","post","type-post","status-publish","format-standard","has-post-thumbnail","hentry","category-http-turkiyemhaber-com-wp-content-uploads-2026-03-saray-59-haber-13-mart-pdf"],"_links":{"self":[{"href":"https:\/\/turkiyemhaber.com\/index.php?rest_route=\/wp\/v2\/posts\/2825","targetHints":{"allow":["GET"]}}],"collection":[{"href":"https:\/\/turkiyemhaber.com\/index.php?rest_route=\/wp\/v2\/posts"}],"about":[{"href":"https:\/\/turkiyemhaber.com\/index.php?rest_route=\/wp\/v2\/types\/post"}],"author":[{"embeddable":true,"href":"https:\/\/turkiyemhaber.com\/index.php?rest_route=\/wp\/v2\/users\/1"}],"replies":[{"embeddable":true,"href":"https:\/\/turkiyemhaber.com\/index.php?rest_route=%2Fwp%2Fv2%2Fcomments&post=2825"}],"version-history":[{"count":1,"href":"https:\/\/turkiyemhaber.com\/index.php?rest_route=\/wp\/v2\/posts\/2825\/revisions"}],"predecessor-version":[{"id":2827,"href":"https:\/\/turkiyemhaber.com\/index.php?rest_route=\/wp\/v2\/posts\/2825\/revisions\/2827"}],"wp:featuredmedia":[{"embeddable":true,"href":"https:\/\/turkiyemhaber.com\/index.php?rest_route=\/wp\/v2\/media\/2826"}],"wp:attachment":[{"href":"https:\/\/turkiyemhaber.com\/index.php?rest_route=%2Fwp%2Fv2%2Fmedia&parent=2825"}],"wp:term":[{"taxonomy":"category","embeddable":true,"href":"https:\/\/turkiyemhaber.com\/index.php?rest_route=%2Fwp%2Fv2%2Fcategories&post=2825"},{"taxonomy":"post_tag","embeddable":true,"href":"https:\/\/turkiyemhaber.com\/index.php?rest_route=%2Fwp%2Fv2%2Ftags&post=2825"}],"curies":[{"name":"wp","href":"https:\/\/api.w.org\/{rel}","templated":true}]}}