{"id":2822,"date":"2026-06-07T11:09:37","date_gmt":"2026-06-07T11:09:37","guid":{"rendered":"https:\/\/turkiyemhaber.com\/?p=2822"},"modified":"2026-06-07T11:09:41","modified_gmt":"2026-06-07T11:09:41","slug":"esini-odunla-doverek-olduren-supheli-tutuklandi","status":"publish","type":"post","link":"https:\/\/turkiyemhaber.com\/?p=2822","title":{"rendered":"E\u015fini odunla d\u00f6verek \u00f6ld\u00fcren \u015f\u00fcpheli tutukland\u0131"},"content":{"rendered":"\n<p class=\"wp-block-paragraph\">G\u00fcm\u00fc\u015fhane&#8217;nin Torul il\u00e7esinde tart\u0131\u015ft\u0131\u011f\u0131 1,5 y\u0131ll\u0131k e\u015fi Arzu Pekin&#8217;i ba\u015f\u0131na odunla vurarak \u00f6ld\u00fcren Halis Pekin, jandarma taraf\u0131ndan bir depoda saklan\u0131rken yakalanarak tutukland\u0131.<\/p>\n\n\n\n<p class=\"wp-block-paragraph\"><a href=\"https:\/\/www.sondakika.com\/gumushane\/\">G\u00fcm\u00fc\u015fhane<\/a>&#8216;nin&nbsp;<a href=\"https:\/\/www.sondakika.com\/torul\/\">Torul<\/a>&nbsp;il\u00e7esinde tart\u0131\u015ft\u0131\u011f\u0131 e\u015fi Arzu&nbsp;<a href=\"https:\/\/www.sondakika.com\/pekin\/\">Pekin<\/a>&#8216;i ba\u015f\u0131na odunla vurarak \u00f6ld\u00fcren Halis Pekin, sakland\u0131\u011f\u0131 depoda yakaland\u0131. \u015e\u00fcpheli, \u00e7\u0131kar\u0131ld\u0131\u011f\u0131 mahkemece tutukland\u0131.<\/p>\n\n\n\n<h3 class=\"wp-block-heading\">TARTI\u015eMA C\u0130NAYETLE SONU\u00c7LANDI<\/h3>\n\n\n\n<p class=\"wp-block-paragraph\">Olay, 2 Haziran&#8217;da Torul il\u00e7esine ba\u011fl\u0131 Merkez Mahallesi&#8217;nde meydana geldi. \u0130ddiaya g\u00f6re, odun istifleyen Halis Pekin ile 1,5 y\u0131ll\u0131k e\u015fi Arzu Pekin aras\u0131nda hen\u00fcz bilinmeyen bir nedenle tart\u0131\u015fma \u00e7\u0131kt\u0131. Tart\u0131\u015fman\u0131n b\u00fcy\u00fcmesi \u00fczerine Halis Pekin, elindeki odunla e\u015fine sald\u0131rd\u0131.<\/p>\n\n\n\n<figure class=\"wp-block-image\"><img decoding=\"async\" src=\"https:\/\/foto.sondakika.com\/haber\/2026\/06\/07\/esini-odunla-doverek-olduren-s-19920876-4088_1_m.jpg\" alt=\"E\u015fini odunla d\u00f6verek \u00f6ld\u00fcren \u015f\u00fcpheli tutukland\u0131\"\/><\/figure>\n\n\n\n<p class=\"wp-block-paragraph\">\u0130hbar \u00fczerine olay yerine sa\u011fl\u0131k ve jandarma ekipleri sevk edildi. Sa\u011fl\u0131k ekiplerinin yapt\u0131\u011f\u0131 kontrolde ba\u015f\u0131ndan a\u011f\u0131r yaralanan Arzu Pekin&#8217;in hayat\u0131n\u0131 kaybetti\u011fi belirlendi.<\/p>\n\n\n\n<h3 class=\"wp-block-heading\">DEPOYA SAKLANMI\u015e<\/h3>\n\n\n\n<p class=\"wp-block-paragraph\">Olay\u0131n ard\u0131ndan kamyonetine binerek ka\u00e7an Halis Pekin&#8217;in yakalanmas\u0131 i\u00e7in \u00e7al\u0131\u015fma ba\u015flat\u0131ld\u0131.&nbsp;<a href=\"https:\/\/www.sondakika.com\/jandarma\/\">Jandarma<\/a>&nbsp;ekipleri, \u015f\u00fcpheliye ait kamyoneti G\u00fcm\u00fc\u015fhane-Trabzon kara yolunda terk edilmi\u015f halde buldu.<\/p>\n\n\n\n<p class=\"wp-block-paragraph\">Soru\u015fturmay\u0131 derinle\u015ftiren ekipler, firari \u015f\u00fcpheliyi d\u00fcn sabah saatlerinde Torul il\u00e7esinde sakland\u0131\u011f\u0131 bir depoda yakalayarak g\u00f6zalt\u0131na ald\u0131.<\/p>\n\n\n\n<figure class=\"wp-block-image\"><img decoding=\"async\" src=\"https:\/\/foto.sondakika.com\/haber\/2026\/06\/07\/esini-odunla-doverek-olduren-s-19920876-5194_1_m.jpg\" alt=\"E\u015fini odunla d\u00f6verek \u00f6ld\u00fcren \u015f\u00fcpheli tutukland\u0131\"\/><\/figure>\n\n\n\n<h3 class=\"wp-block-heading\">TUTUKLANARAK CEZAEV\u0130NE G\u00d6NDER\u0130LD\u0130<\/h3>\n\n\n\n<p class=\"wp-block-paragraph\">Jandarmadaki i\u015flemlerinin ard\u0131ndan adliyeye sevk edilen Halis Pekin, n\u00f6bet\u00e7i hakimlik taraf\u0131ndan &#8220;e\u015fe kar\u015f\u0131 kasten \u00f6ld\u00fcrme&#8221; su\u00e7undan tutukland\u0131. \u015e\u00fcpheli, G\u00fcm\u00fc\u015fhane E Tipi Kapal\u0131 ve A\u00e7\u0131k Ceza \u0130nfaz Kurumu&#8217;na g\u00f6nderildi.<\/p>\n","protected":false},"excerpt":{"rendered":"<p>G\u00fcm\u00fc\u015fhane&#8217;nin Torul il\u00e7esinde tart\u0131\u015ft\u0131\u011f\u0131 1,5 y\u0131ll\u0131k e\u015fi Arzu Pekin&#8217;i ba\u015f\u0131na odunla vurarak \u00f6ld\u00fcren Halis Pekin,<\/p>\n","protected":false},"author":1,"featured_media":2823,"comment_status":"open","ping_status":"open","sticky":false,"template":"","format":"standard","meta":{"_rtcl_gb_attr":"","footnotes":""},"categories":[1],"tags":[],"class_list":["post-2822","post","type-post","status-publish","format-standard","has-post-thumbnail","hentry","category-http-turkiyemhaber-com-wp-content-uploads-2026-03-saray-59-haber-13-mart-pdf"],"_links":{"self":[{"href":"https:\/\/turkiyemhaber.com\/index.php?rest_route=\/wp\/v2\/posts\/2822","targetHints":{"allow":["GET"]}}],"collection":[{"href":"https:\/\/turkiyemhaber.com\/index.php?rest_route=\/wp\/v2\/posts"}],"about":[{"href":"https:\/\/turkiyemhaber.com\/index.php?rest_route=\/wp\/v2\/types\/post"}],"author":[{"embeddable":true,"href":"https:\/\/turkiyemhaber.com\/index.php?rest_route=\/wp\/v2\/users\/1"}],"replies":[{"embeddable":true,"href":"https:\/\/turkiyemhaber.com\/index.php?rest_route=%2Fwp%2Fv2%2Fcomments&post=2822"}],"version-history":[{"count":1,"href":"https:\/\/turkiyemhaber.com\/index.php?rest_route=\/wp\/v2\/posts\/2822\/revisions"}],"predecessor-version":[{"id":2824,"href":"https:\/\/turkiyemhaber.com\/index.php?rest_route=\/wp\/v2\/posts\/2822\/revisions\/2824"}],"wp:featuredmedia":[{"embeddable":true,"href":"https:\/\/turkiyemhaber.com\/index.php?rest_route=\/wp\/v2\/media\/2823"}],"wp:attachment":[{"href":"https:\/\/turkiyemhaber.com\/index.php?rest_route=%2Fwp%2Fv2%2Fmedia&parent=2822"}],"wp:term":[{"taxonomy":"category","embeddable":true,"href":"https:\/\/turkiyemhaber.com\/index.php?rest_route=%2Fwp%2Fv2%2Fcategories&post=2822"},{"taxonomy":"post_tag","embeddable":true,"href":"https:\/\/turkiyemhaber.com\/index.php?rest_route=%2Fwp%2Fv2%2Ftags&post=2822"}],"curies":[{"name":"wp","href":"https:\/\/api.w.org\/{rel}","templated":true}]}}