{"id":2819,"date":"2026-06-07T11:06:51","date_gmt":"2026-06-07T11:06:51","guid":{"rendered":"https:\/\/turkiyemhaber.com\/?p=2819"},"modified":"2026-06-07T11:06:54","modified_gmt":"2026-06-07T11:06:54","slug":"koc-holding-bunyesindeki-otokoc-genel-mudurlugune-silahli-saldiri","status":"publish","type":"post","link":"https:\/\/turkiyemhaber.com\/?p=2819","title":{"rendered":"Ko\u00e7 Holding b\u00fcnyesindeki Otoko\u00e7 Genel M\u00fcd\u00fcrl\u00fc\u011f\u00fc&#8217;ne silahl\u0131 sald\u0131r\u0131"},"content":{"rendered":"\n<p class=\"wp-block-paragraph\">\u0130stanbul Maltepe&#8217;de Ko\u00e7 Holding b\u00fcnyesindeki Otoko\u00e7 Genel M\u00fcd\u00fcrl\u00fc\u011f\u00fc&#8217;ne sabah saatlerinde silahl\u0131 sald\u0131r\u0131 d\u00fczenlendi. Binaya \u00e7ok say\u0131da kur\u015fun isabet ederken, polis ka\u00e7an sald\u0131rganlar\u0131 yakalamak i\u00e7in geni\u015f \u00e7apl\u0131 \u00e7al\u0131\u015fma ba\u015flatt\u0131. Sald\u0131r\u0131, hakk\u0131nda &#8220;halk\u0131n bir kesimini alenen a\u015fa\u011f\u0131lama&#8221; su\u00e7lamas\u0131yla soru\u015fturma ba\u015flat\u0131lan Rahmi Ko\u00e7&#8217;la ilgili tart\u0131\u015fmalar\u0131n s\u00fcrd\u00fc\u011f\u00fc g\u00fcnlerde meydana geldi.<\/p>\n\n\n\n<p class=\"wp-block-paragraph\">\u0130stanbul&#8217;un Maltepe il\u00e7esinde bulunan Ko\u00e7 Holding&#8217;e ba\u011fl\u0131 Otoko\u00e7 Genel M\u00fcd\u00fcrl\u00fc\u011f\u00fc&#8217;ne iddiaya g\u00f6re; sabah saatlerinde silahl\u0131 sald\u0131r\u0131 d\u00fczenlendi. \u0130lk bilgilere g\u00f6re sald\u0131rganlar binaya ate\u015f a\u00e7t\u0131ktan sonra olay yerinden ka\u00e7arken, polis ekipleri b\u00f6lgede geni\u015f g\u00fcvenlik \u00f6nlemleri ald\u0131.Sald\u0131r\u0131da binaya \u00e7ok say\u0131da kur\u015funun isabet etti\u011fi \u00f6\u011frenildi. Olay\u0131n ard\u0131ndan b\u00f6lgeye sevk edilen ekipler, sald\u0131r\u0131n\u0131n nas\u0131l ger\u00e7ekle\u015fti\u011fini ve faillerin kimliklerini belirlemek i\u00e7in \u00e7al\u0131\u015fma ba\u015flatt\u0131.SALDIRGANLAR MASKEL\u0130YD\u0130Sald\u0131r\u0131y\u0131 ger\u00e7ekle\u015ftiren ki\u015fi ya da ki\u015filerin olay yerine maskeli olarak geldi\u011fi belirtildi. Bu nedenle \u015f\u00fcphelilerin kimliklerinin hen\u00fcz tespit edilemedi\u011fi kaydedildi. G\u00fcvenlik kameralar\u0131 incelemeye al\u0131n\u0131rken, olay yerinden elde edilen deliller de detayl\u0131 \u015fekilde de\u011ferlendiriliyor.T\u0130CAR\u0130 TAKS\u0130YLE KA\u00c7TILARSald\u0131rganlar daha sonras\u0131nda olay yerinden bir ticari taksiyle ka\u00e7arak uzakla\u015ft\u0131\u011f\u0131 iddia edildi. \u0130hbar \u00fczerine olay yerine polis ekipleri sevk edilirken, olay yerinde yap\u0131lan incelemede 1 adet uzun namlulu silah ve \u00e7ok say\u0131da bo\u015f kovan bulundu. Polis ekipleri taraf\u0131ndan b\u00f6lgede g\u00fcvenlik \u00f6nlemleri al\u0131n\u0131rken, sald\u0131rganlar\u0131n yakalanmas\u0131 i\u00e7in geni\u015f \u00e7apl\u0131 ara\u015ft\u0131rma ba\u015flat\u0131ld\u0131.POL\u0130S GEN\u0130\u015e \u00c7APLI \u00c7ALI\u015eMA BA\u015eLATTIPolis ekipleri ate\u015f a\u00e7t\u0131ktan sonra ka\u00e7an sald\u0131rganlar\u0131n yakalanmas\u0131 i\u00e7in kapsaml\u0131 operasyon ba\u015flatt\u0131. Sald\u0131r\u0131n\u0131n nedeni hen\u00fcz netlik kazanmazken, olay\u0131n t\u00fcm y\u00f6nleriyle ara\u015ft\u0131r\u0131ld\u0131\u011f\u0131 bildirildi. Otoko\u00e7 Genel M\u00fcd\u00fcrl\u00fc\u011f\u00fc \u00f6n\u00fcnde incelemeler s\u00fcrerken, bina \u00e7evresinde hareketlilik ya\u015fand\u0131\u011f\u0131 g\u00f6zlendi.RAHM\u0130 KO\u00c7 HAKKINDA SORU\u015eTURMA BA\u015eLATILMI\u015eTISald\u0131r\u0131yla ilgili resmi makamlardan hen\u00fcz bir ba\u011flant\u0131 a\u00e7\u0131klamas\u0131 yap\u0131lmazken, olay\u0131n Rahmi Ko\u00e7&#8217;un bir hastane a\u00e7\u0131l\u0131\u015f\u0131nda anlatt\u0131\u011f\u0131 ve kamuoyunda b\u00fcy\u00fck tepki \u00e7eken &#8220;K\u00fcrt kad\u0131n hasta&#8221; f\u0131kras\u0131n\u0131n ard\u0131ndan ya\u015fanan geli\u015fmelerle ili\u015fkili olup olmad\u0131\u011f\u0131 da ara\u015ft\u0131r\u0131l\u0131yor.\u0130zmir Cumhuriyet Ba\u015fsavc\u0131l\u0131\u011f\u0131, Rahmi Ko\u00e7 hakk\u0131nda kad\u0131nlara ve belirli bir etnik kimli\u011fe y\u00f6nelik oldu\u011fu \u00f6ne s\u00fcr\u00fclen ifadeleri nedeniyle &#8220;halk\u0131n bir kesimini alenen a\u015fa\u011f\u0131lama&#8221; su\u00e7lamas\u0131yla soru\u015fturma ba\u015flatm\u0131\u015ft\u0131. Ko\u00e7 ise yapt\u0131\u011f\u0131 a\u00e7\u0131klamada, &#8220;Herhangi bir kimli\u011fi hedef alma niyeti ta\u015f\u0131mad\u0131\u011f\u0131m s\u00f6zlerim i\u00e7in i\u00e7tenlikle \u00f6z\u00fcr diliyorum&#8221; ifadelerini kullanm\u0131\u015ft\u0131.<\/p>\n","protected":false},"excerpt":{"rendered":"<p>\u0130stanbul Maltepe&#8217;de Ko\u00e7 Holding b\u00fcnyesindeki Otoko\u00e7 Genel M\u00fcd\u00fcrl\u00fc\u011f\u00fc&#8217;ne sabah saatlerinde silahl\u0131 sald\u0131r\u0131 d\u00fczenlendi. Binaya \u00e7ok<\/p>\n","protected":false},"author":1,"featured_media":2820,"comment_status":"open","ping_status":"open","sticky":false,"template":"","format":"standard","meta":{"_rtcl_gb_attr":"","footnotes":""},"categories":[1],"tags":[],"class_list":["post-2819","post","type-post","status-publish","format-standard","has-post-thumbnail","hentry","category-http-turkiyemhaber-com-wp-content-uploads-2026-03-saray-59-haber-13-mart-pdf"],"_links":{"self":[{"href":"https:\/\/turkiyemhaber.com\/index.php?rest_route=\/wp\/v2\/posts\/2819","targetHints":{"allow":["GET"]}}],"collection":[{"href":"https:\/\/turkiyemhaber.com\/index.php?rest_route=\/wp\/v2\/posts"}],"about":[{"href":"https:\/\/turkiyemhaber.com\/index.php?rest_route=\/wp\/v2\/types\/post"}],"author":[{"embeddable":true,"href":"https:\/\/turkiyemhaber.com\/index.php?rest_route=\/wp\/v2\/users\/1"}],"replies":[{"embeddable":true,"href":"https:\/\/turkiyemhaber.com\/index.php?rest_route=%2Fwp%2Fv2%2Fcomments&post=2819"}],"version-history":[{"count":1,"href":"https:\/\/turkiyemhaber.com\/index.php?rest_route=\/wp\/v2\/posts\/2819\/revisions"}],"predecessor-version":[{"id":2821,"href":"https:\/\/turkiyemhaber.com\/index.php?rest_route=\/wp\/v2\/posts\/2819\/revisions\/2821"}],"wp:featuredmedia":[{"embeddable":true,"href":"https:\/\/turkiyemhaber.com\/index.php?rest_route=\/wp\/v2\/media\/2820"}],"wp:attachment":[{"href":"https:\/\/turkiyemhaber.com\/index.php?rest_route=%2Fwp%2Fv2%2Fmedia&parent=2819"}],"wp:term":[{"taxonomy":"category","embeddable":true,"href":"https:\/\/turkiyemhaber.com\/index.php?rest_route=%2Fwp%2Fv2%2Fcategories&post=2819"},{"taxonomy":"post_tag","embeddable":true,"href":"https:\/\/turkiyemhaber.com\/index.php?rest_route=%2Fwp%2Fv2%2Ftags&post=2819"}],"curies":[{"name":"wp","href":"https:\/\/api.w.org\/{rel}","templated":true}]}}