{"id":2813,"date":"2026-06-07T11:01:48","date_gmt":"2026-06-07T11:01:48","guid":{"rendered":"https:\/\/turkiyemhaber.com\/?p=2813"},"modified":"2026-06-07T11:01:52","modified_gmt":"2026-06-07T11:01:52","slug":"iyi-parti-lideri-dervisoglu-ozeli-tutuklatmak-toplumsal-barisi-ve-huzurumuzu-bozar","status":"publish","type":"post","link":"https:\/\/turkiyemhaber.com\/?p=2813","title":{"rendered":"\u0130Y\u0130 Parti lideri Dervi\u015fo\u011flu: \u00d6zel&#8217;i tutuklatmak toplumsal bar\u0131\u015f\u0131 ve huzurumuzu bozar"},"content":{"rendered":"\n<p class=\"wp-block-paragraph\">\u0130Y\u0130 Parti Genel Ba\u015fkan\u0131 M\u00fcsavat Dervi\u015fo\u011flu, CHP&#8217;de ya\u015fanan mutlak butlan tart\u0131\u015fmalar\u0131na ili\u015fkin yapt\u0131\u011f\u0131 a\u00e7\u0131klamada, CHP Genel Ba\u015fkan\u0131 \u00d6zg\u00fcr \u00d6zel&#8217;in tutuklanmas\u0131n\u0131n toplumsal bar\u0131\u015f\u0131 ve huzuru bozaca\u011f\u0131n\u0131 s\u00f6yledi. YSK&#8217;n\u0131n mazbata verdi\u011fi bir genel ba\u015fkan\u0131n mahkeme kararlar\u0131yla g\u00f6revden al\u0131namayaca\u011f\u0131n\u0131 savunan Dervi\u015fo\u011flu, siyasetin y\u00f6n\u00fcn\u00fc mahkemelerin de\u011fil millet iradesinin belirlemesi gerekti\u011fini ifade etti.<\/p>\n\n\n\n<p class=\"wp-block-paragraph\"><a href=\"https:\/\/www.sondakika.com\/iyi-parti\/\">\u0130Y\u0130 Parti<\/a>&nbsp;Genel Ba\u015fkan\u0131 M\u00fcsavat Dervi\u015fo\u011flu, S\u00f6zc\u00fc yazar\u0131 Sayg\u0131 \u00d6zt\u00fcrk&#8217;e verdi\u011fi r\u00f6portajda CHP&#8217;de ya\u015fanan geli\u015fmeleri de\u011ferlendirdi.<\/p>\n\n\n\n<p class=\"wp-block-paragraph\">CHP Genel Ba\u015fkan\u0131&nbsp;<a href=\"https:\/\/www.sondakika.com\/ozgur-ozel\/\">\u00d6zg\u00fcr \u00d6zel<\/a>&nbsp;hakk\u0131nda i\u015flem yap\u0131laca\u011f\u0131 y\u00f6n\u00fcndeki iddialara de\u011finen Dervi\u015fo\u011flu, &#8220;\u00d6zel&#8217;i tutuklatmak toplumsal bar\u0131\u015f\u0131 ve huzurumuzu bozar. Umar\u0131m b\u00f6yle bir ad\u0131m at\u0131lmaz&#8221; ifadelerini kulland\u0131.<\/p>\n\n\n\n<h3 class=\"wp-block-heading\">&#8220;T\u00dcRK M\u0130LLET\u0130 SABRININ SONUNA GELD\u0130&#8221;<\/h3>\n\n\n\n<p class=\"wp-block-paragraph\">B\u00f6yle bir giri\u015fimin toplumsal sonu\u00e7lar do\u011furabilece\u011fini belirten Dervi\u015fo\u011flu, T\u00fcrk milletinin uzun s\u00fcredir b\u00fcy\u00fck bir sab\u0131r g\u00f6sterdi\u011fini s\u00f6yledi.<\/p>\n\n\n\n<p class=\"wp-block-paragraph\">Dervi\u015fo\u011flu, &#8220;Bu, toplumsal bar\u0131\u015f\u0131 bozar. T\u00fcrk milleti \u00e7ok sab\u0131r g\u00f6sterdi ve sabr\u0131n sonuna geldi. Millet, d\u00fcn mahkum edilen Erdo\u011fan&#8217;a nas\u0131l hakk\u0131n\u0131 iade ettiyse, bundan sonra da haks\u0131zl\u0131\u011fa u\u011frayana hakk\u0131n\u0131 iade edecektir&#8221; dedi.<\/p>\n\n\n\n<h3 class=\"wp-block-heading\">&#8220;BU DEMOKRAS\u0130YE Y\u00d6NELM\u0130\u015e B\u0130R DARBE G\u0130R\u0130\u015e\u0130M\u0130D\u0130R&#8221;<\/h3>\n\n\n\n<p class=\"wp-block-paragraph\">Mutlak butlan tart\u0131\u015fmalar\u0131na da de\u011finen Dervi\u015fo\u011flu,&nbsp;<a href=\"https:\/\/www.sondakika.com\/yuksek-secim-kurulu\/\">Y\u00fcksek Se\u00e7im Kurulu<\/a>&#8216;nun mazbata verdi\u011fi bir genel ba\u015fkan\u0131n yerel veya b\u00f6lge mahkemeleri arac\u0131l\u0131\u011f\u0131yla g\u00f6revden al\u0131namayaca\u011f\u0131n\u0131 savundu.<\/p>\n\n\n\n<p class=\"wp-block-paragraph\">Dervi\u015fo\u011flu, &#8220;YSK&#8217;n\u0131n mazbata verdi\u011fi bir genel ba\u015fkan\u0131, yerel ve b\u00f6lge mahkemeleri arac\u0131l\u0131\u011f\u0131yla koltuktan indiremezsiniz. Bu keyfilik demokrasimize y\u00f6nelmi\u015f bir darbe giri\u015fimidir&#8221; de\u011ferlendirmesinde bulundu.<\/p>\n\n\n\n<h3 class=\"wp-block-heading\">&#8220;S\u0130YASET\u0130 MAHKEMELER DE\u011e\u0130L, SANDIK BEL\u0130RLEMEL\u0130&#8221;<\/h3>\n\n\n\n<p class=\"wp-block-paragraph\">T\u00fcrkiye&#8217;de siyasetin y\u00f6n\u00fcn\u00fc yarg\u0131 kararlar\u0131n\u0131n de\u011fil millet iradesinin belirlemesi gerekti\u011fini s\u00f6yleyen Dervi\u015fo\u011flu, &#8220;Biz kayyum ya da vesayet demokrasisi istemiyoruz. Siyaseti mahkemelerin de\u011fil, sand\u0131\u011f\u0131n belirledi\u011fi T\u00fcrkiye istiyoruz. Saltanat de\u011fil, Cumhuriyet istiyoruz&#8221; ifadelerini kulland\u0131.<\/p>\n\n\n\n<h3 class=\"wp-block-heading\">&#8220;DEVLET\u0130N DER\u0130N\u0130 OLMAZ, HUKUKU OLUR&#8221;<\/h3>\n\n\n\n<p class=\"wp-block-paragraph\">Son d\u00f6nemde g\u00fcndeme gelen &#8220;devlet akl\u0131&#8221; ve &#8220;derin devlet&#8221; tart\u0131\u015fmalar\u0131na da de\u011finen Dervi\u015fo\u011flu, hukukun \u00fcst\u00fcnl\u00fc\u011f\u00fcne vurgu yapt\u0131.<\/p>\n\n\n\n<p class=\"wp-block-paragraph\">Dervi\u015fo\u011flu, &#8220;Hukuksuzlu\u011fu, derin devlet imalar\u0131yla beslemeye \u00e7al\u0131\u015fmak ay\u0131pt\u0131r. Devletin derini olmaz, hukuku olur. Devletin akl\u0131 karanl\u0131kta de\u011fil, kanunlarda aran\u0131r&#8221; dedi.<\/p>\n","protected":false},"excerpt":{"rendered":"<p>\u0130Y\u0130 Parti Genel Ba\u015fkan\u0131 M\u00fcsavat Dervi\u015fo\u011flu, CHP&#8217;de ya\u015fanan mutlak butlan tart\u0131\u015fmalar\u0131na ili\u015fkin yapt\u0131\u011f\u0131 a\u00e7\u0131klamada, CHP<\/p>\n","protected":false},"author":1,"featured_media":2814,"comment_status":"open","ping_status":"open","sticky":false,"template":"","format":"standard","meta":{"_rtcl_gb_attr":"","footnotes":""},"categories":[44],"tags":[],"class_list":["post-2813","post","type-post","status-publish","format-standard","has-post-thumbnail","hentry","category-politika"],"_links":{"self":[{"href":"https:\/\/turkiyemhaber.com\/index.php?rest_route=\/wp\/v2\/posts\/2813","targetHints":{"allow":["GET"]}}],"collection":[{"href":"https:\/\/turkiyemhaber.com\/index.php?rest_route=\/wp\/v2\/posts"}],"about":[{"href":"https:\/\/turkiyemhaber.com\/index.php?rest_route=\/wp\/v2\/types\/post"}],"author":[{"embeddable":true,"href":"https:\/\/turkiyemhaber.com\/index.php?rest_route=\/wp\/v2\/users\/1"}],"replies":[{"embeddable":true,"href":"https:\/\/turkiyemhaber.com\/index.php?rest_route=%2Fwp%2Fv2%2Fcomments&post=2813"}],"version-history":[{"count":1,"href":"https:\/\/turkiyemhaber.com\/index.php?rest_route=\/wp\/v2\/posts\/2813\/revisions"}],"predecessor-version":[{"id":2815,"href":"https:\/\/turkiyemhaber.com\/index.php?rest_route=\/wp\/v2\/posts\/2813\/revisions\/2815"}],"wp:featuredmedia":[{"embeddable":true,"href":"https:\/\/turkiyemhaber.com\/index.php?rest_route=\/wp\/v2\/media\/2814"}],"wp:attachment":[{"href":"https:\/\/turkiyemhaber.com\/index.php?rest_route=%2Fwp%2Fv2%2Fmedia&parent=2813"}],"wp:term":[{"taxonomy":"category","embeddable":true,"href":"https:\/\/turkiyemhaber.com\/index.php?rest_route=%2Fwp%2Fv2%2Fcategories&post=2813"},{"taxonomy":"post_tag","embeddable":true,"href":"https:\/\/turkiyemhaber.com\/index.php?rest_route=%2Fwp%2Fv2%2Ftags&post=2813"}],"curies":[{"name":"wp","href":"https:\/\/api.w.org\/{rel}","templated":true}]}}