{"id":2810,"date":"2026-06-07T10:59:32","date_gmt":"2026-06-07T10:59:32","guid":{"rendered":"https:\/\/turkiyemhaber.com\/?p=2810"},"modified":"2026-06-07T10:59:36","modified_gmt":"2026-06-07T10:59:36","slug":"bilal-erdogan-gencler-terorsuz-turkiyeyi-savunuyor","status":"publish","type":"post","link":"https:\/\/turkiyemhaber.com\/?p=2810","title":{"rendered":"Bilal Erdo\u011fan: Gen\u00e7ler Ter\u00f6rs\u00fcz T\u00fcrkiye&#8217;yi savunuyor"},"content":{"rendered":"\n<p class=\"wp-block-paragraph\">\u0130lim Yayma Vakf\u0131 M\u00fctevelli Heyeti Ba\u015fkan\u0131 Bilal Erdo\u011fan, Milli \u0130stihbarat Te\u015fkilat\u0131 (M\u0130T) Ba\u015fkan\u0131 \u0130brahim Kal\u0131n ile birlikte Kayseri\u2019de d\u00fczenlenen 12&#8217;nci Gen\u00e7 T\u00fcrkiye Forumu\u2019na kat\u0131ld\u0131. Forumda Ter\u00f6rs\u00fcz T\u00fcrkiye vurgusu yapan Bilal Erdo\u011fan &#8220;Gen\u00e7ler Ter\u00f6rs\u00fcz T\u00fcrkiye&#8217;yi savunuyor. NATO \u00fcyeleri i\u00e7erisinde en \u00e7ok ter\u00f6r tehdidi ile kar\u015f\u0131 kar\u015f\u0131ya kalan, belki m\u00fcttefiklerinden hak etti\u011fi deste\u011fi de bulamayan bir T\u00fcrkiye tablosunda, gen\u00e7ler T\u00fcrkiye&#8217;nin art\u0131k ter\u00f6r\u00fc geride b\u0131rakmas\u0131n\u0131 istiyor&#8221; dedi.<\/p>\n\n\n\n<p class=\"wp-block-paragraph\">\u0130lim Yayma Vakf\u0131 M\u00fctevelli Heyeti Ba\u015fkan\u0131&nbsp;<a href=\"https:\/\/www.sondakika.com\/bilal-erdogan\/\">Bilal Erdo\u011fan<\/a>&nbsp;ve M\u0130T Ba\u015fkan\u0131&nbsp;<a href=\"https:\/\/www.sondakika.com\/ibrahim-kalin\/\">\u0130brahim Kal\u0131n<\/a>,&nbsp;<a href=\"https:\/\/www.sondakika.com\/kayseri\/\">Kayseri<\/a>&#8216;de d\u00fczenlenen 12&#8217;nci Gen\u00e7&nbsp;<a href=\"https:\/\/www.sondakika.com\/turkiye\/\">T\u00fcrkiye<\/a>&nbsp;Forumu&#8217;na kat\u0131ld\u0131. &#8220;Hibrit Tehditler \u00c7a\u011f\u0131nda Yeni G\u00fcvenlik Mimarisi&#8221; temas\u0131yla ger\u00e7ekle\u015ftirilen forumda, gen\u00e7lerin belirledi\u011fi g\u00fcndem ba\u015fl\u0131klar\u0131 \u00e7al\u0131\u015ftaylarda ele al\u0131nd\u0131.<\/p>\n\n\n\n<p class=\"wp-block-paragraph\">Sorun tespiti, analiz ve \u00e7\u00f6z\u00fcm \u00f6nerilerinin tart\u0131\u015f\u0131ld\u0131\u011f\u0131 oturumlar\u0131n ard\u0131ndan, Dilara Sayan&#8217;\u0131n moderat\u00f6rl\u00fc\u011f\u00fcnde d\u00fczenlenen genel m\u00fczakere b\u00f6l\u00fcm\u00fcnde gen\u00e7ler g\u00f6r\u00fc\u015flerini do\u011frudan Bilal Erdo\u011fan ve \u0130brahim Kal\u0131n&#8217;a aktard\u0131.<\/p>\n\n\n\n<figure class=\"wp-block-image\"><img decoding=\"async\" src=\"https:\/\/foto.sondakika.com\/haber\/2026\/06\/07\/bilal-erdogan-gencler-terorsuz-19920716-9481_1_m.jpg\" alt=\"Bilal Erdo\u011fan: Gen\u00e7ler Ter\u00f6rs\u00fcz T\u00fcrkiye'yi savunuyor\"\/><\/figure>\n\n\n\n<h3 class=\"wp-block-heading\">&#8220;GEN\u00c7LER\u0130N ORTAYA KOYDU\u011eU F\u0130K\u0130RLER \u00c7OK KIYMETL\u0130&#8221;<\/h3>\n\n\n\n<p class=\"wp-block-paragraph\">Program\u0131n ard\u0131ndan a\u00e7\u0131klamalarda bulunan Bilal Erdo\u011fan, forumun kulland\u0131\u011f\u0131 y\u00f6ntemin ne kadar isabetli oldu\u011funu bir kez daha g\u00f6rd\u00fcklerini belirtti.<\/p>\n\n\n\n<p class=\"wp-block-paragraph\">Gen\u00e7lerin bir araya gelip meseleleri sa\u011fduyuyla de\u011ferlendirdi\u011finde dikkat \u00e7ekici sonu\u00e7lar ortaya koydu\u011funu ifade eden Erdo\u011fan, &#8220;Gen\u00e7ler yeter ki bir meseleyi m\u00fczakere etmek istesinler. Biraz zaman ay\u0131r\u0131p konular\u0131 sa\u011fduyuyla konu\u015ftuklar\u0131nda inan\u0131lmaz analizler ve daha \u00f6nce belki hi\u00e7 duyulmam\u0131\u015f \u00e7\u00f6z\u00fcm \u00f6nerileriyle kar\u015f\u0131la\u015fabiliyoruz&#8221; dedi.<\/p>\n\n\n\n<h3 class=\"wp-block-heading\">&#8220;GEN\u00c7LER KEND\u0130 G\u00dcNDEMLER\u0130N\u0130 OLU\u015eTURMALI&#8221;<\/h3>\n\n\n\n<p class=\"wp-block-paragraph\">Gen\u00e7lerin yaln\u0131zca fikir al\u0131\u015fveri\u015fi yapmakla kalmad\u0131\u011f\u0131n\u0131, ayn\u0131 zamanda karar vericilere ula\u015ft\u0131r\u0131labilecek somut \u00e7\u00f6z\u00fcm \u00f6nerileri geli\u015ftirdi\u011fini s\u00f6yleyen Erdo\u011fan, \u00fcniversitelerde ve gen\u00e7lik platformlar\u0131nda benzer \u00e7al\u0131\u015fmalar\u0131n yayg\u0131nla\u015fmas\u0131 gerekti\u011fini vurgulad\u0131.<\/p>\n\n\n\n<p class=\"wp-block-paragraph\">Erdo\u011fan, &#8220;Birileri her zaman gen\u00e7lerin kafalar\u0131n\u0131n i\u00e7iyle oynamak isteyecek. Ne zaman ki gen\u00e7ler bir araya gelip bu konular\u0131 de\u011ferlendirirlerse daha ger\u00e7ek fikirlere ve kanaatlere sahip olacaklard\u0131r&#8221; ifadelerini kulland\u0131.<\/p>\n\n\n\n<figure class=\"wp-block-image\"><img decoding=\"async\" src=\"https:\/\/foto.sondakika.com\/haber\/2026\/06\/07\/bilal-erdogan-gencler-terorsuz-19920716-9663_1_m.jpg\" alt=\"Bilal Erdo\u011fan: Gen\u00e7ler Ter\u00f6rs\u00fcz T\u00fcrkiye'yi savunuyor\"\/><\/figure>\n\n\n\n<h3 class=\"wp-block-heading\">&#8220;T\u00dcRK\u0130YE&#8217;N\u0130N G\u00dc\u00c7L\u00dc OLMASI \u0130\u00c7\u0130N GEN\u00c7LER\u0130N ROL\u00dc B\u00dcY\u00dcK&#8221;<\/h3>\n\n\n\n<p class=\"wp-block-paragraph\">T\u00fcrkiye&#8217;nin gelece\u011finin gen\u00e7lerin elinde oldu\u011funu belirten Erdo\u011fan, gen\u00e7lerin kendi g\u00fcndemlerini olu\u015fturabilen ve gelece\u011fi \u015fekillendirebilen bireyler haline gelmesinin \u00f6nemine dikkat \u00e7ekti.<\/p>\n\n\n\n<p class=\"wp-block-paragraph\">Erdo\u011fan, &#8220;T\u00fcrkiye&#8217;nin 21&#8217;inci y\u00fczy\u0131lda g\u00fc\u00e7l\u00fc olmas\u0131 i\u00e7in bug\u00fcnk\u00fc gen\u00e7 neslin kendi g\u00fcndemlerini takip eden, kendi g\u00fcndemlerini olu\u015fturan ve gelece\u011fi \u015fekillendiren bireyler olmas\u0131 gerekiyor&#8221; dedi.<\/p>\n\n\n\n<h3 class=\"wp-block-heading\">&#8220;GEN\u00c7LER TER\u00d6RS\u00dcZ T\u00dcRK\u0130YE&#8217;Y\u0130 SAVUNUYOR&#8221;<\/h3>\n\n\n\n<p class=\"wp-block-paragraph\">Forumda Ter\u00f6rs\u00fcz T\u00fcrkiye hedefinin de ele al\u0131nd\u0131\u011f\u0131n\u0131 belirten Bilal Erdo\u011fan, gen\u00e7lerin bu konuda net bir duru\u015f sergiledi\u011fini s\u00f6yledi.<\/p>\n\n\n\n<p class=\"wp-block-paragraph\">Erdo\u011fan, &#8220;Gen\u00e7ler tabii ki Ter\u00f6rs\u00fcz T\u00fcrkiye&#8217;nin ba\u015far\u0131l\u0131 olmas\u0131n\u0131 istiyorlar. Gen\u00e7ler tabii ki Ter\u00f6rs\u00fcz T\u00fcrkiye&#8217;yi savunuyorlar. NATO \u00fcyeleri i\u00e7erisinde en \u00e7ok ter\u00f6r tehdidiyle kar\u015f\u0131 kar\u015f\u0131ya kalan, belki m\u00fcttefiklerinden hak etti\u011fi deste\u011fi de bulamayan bir T\u00fcrkiye tablosunda gen\u00e7ler art\u0131k T\u00fcrkiye&#8217;nin ter\u00f6r\u00fc geride b\u0131rakmas\u0131n\u0131 istiyor&#8221; diye konu\u015ftu.<\/p>\n\n\n\n<figure class=\"wp-block-image\"><img decoding=\"async\" src=\"https:\/\/foto.sondakika.com\/haber\/2026\/06\/07\/bilal-erdogan-gencler-terorsuz-19920716-5815_1_m.jpg\" alt=\"Bilal Erdo\u011fan: Gen\u00e7ler Ter\u00f6rs\u00fcz T\u00fcrkiye'yi savunuyor\"\/><\/figure>\n\n\n\n<p class=\"wp-block-paragraph\">Sa\u011fduyunun \u00f6nemine dikkat \u00e7eken Erdo\u011fan, Ter\u00f6rs\u00fcz T\u00fcrkiye hedefine ula\u015fmak i\u00e7in toplumun t\u00fcm kesimlerinin sorumlulukla hareket etmesi gerekti\u011fini ifade etti.<\/p>\n","protected":false},"excerpt":{"rendered":"<p>\u0130lim Yayma Vakf\u0131 M\u00fctevelli Heyeti Ba\u015fkan\u0131 Bilal Erdo\u011fan, Milli \u0130stihbarat Te\u015fkilat\u0131 (M\u0130T) Ba\u015fkan\u0131 \u0130brahim Kal\u0131n<\/p>\n","protected":false},"author":1,"featured_media":2811,"comment_status":"open","ping_status":"open","sticky":false,"template":"","format":"standard","meta":{"_rtcl_gb_attr":"","footnotes":""},"categories":[1],"tags":[],"class_list":["post-2810","post","type-post","status-publish","format-standard","has-post-thumbnail","hentry","category-http-turkiyemhaber-com-wp-content-uploads-2026-03-saray-59-haber-13-mart-pdf"],"_links":{"self":[{"href":"https:\/\/turkiyemhaber.com\/index.php?rest_route=\/wp\/v2\/posts\/2810","targetHints":{"allow":["GET"]}}],"collection":[{"href":"https:\/\/turkiyemhaber.com\/index.php?rest_route=\/wp\/v2\/posts"}],"about":[{"href":"https:\/\/turkiyemhaber.com\/index.php?rest_route=\/wp\/v2\/types\/post"}],"author":[{"embeddable":true,"href":"https:\/\/turkiyemhaber.com\/index.php?rest_route=\/wp\/v2\/users\/1"}],"replies":[{"embeddable":true,"href":"https:\/\/turkiyemhaber.com\/index.php?rest_route=%2Fwp%2Fv2%2Fcomments&post=2810"}],"version-history":[{"count":1,"href":"https:\/\/turkiyemhaber.com\/index.php?rest_route=\/wp\/v2\/posts\/2810\/revisions"}],"predecessor-version":[{"id":2812,"href":"https:\/\/turkiyemhaber.com\/index.php?rest_route=\/wp\/v2\/posts\/2810\/revisions\/2812"}],"wp:featuredmedia":[{"embeddable":true,"href":"https:\/\/turkiyemhaber.com\/index.php?rest_route=\/wp\/v2\/media\/2811"}],"wp:attachment":[{"href":"https:\/\/turkiyemhaber.com\/index.php?rest_route=%2Fwp%2Fv2%2Fmedia&parent=2810"}],"wp:term":[{"taxonomy":"category","embeddable":true,"href":"https:\/\/turkiyemhaber.com\/index.php?rest_route=%2Fwp%2Fv2%2Fcategories&post=2810"},{"taxonomy":"post_tag","embeddable":true,"href":"https:\/\/turkiyemhaber.com\/index.php?rest_route=%2Fwp%2Fv2%2Ftags&post=2810"}],"curies":[{"name":"wp","href":"https:\/\/api.w.org\/{rel}","templated":true}]}}