{"id":2602,"date":"2026-05-28T07:50:34","date_gmt":"2026-05-28T07:50:34","guid":{"rendered":"https:\/\/turkiyemhaber.com\/?p=2602"},"modified":"2026-05-28T07:50:37","modified_gmt":"2026-05-28T07:50:37","slug":"mhp-ve-dem-parti-bayramlasti","status":"publish","type":"post","link":"https:\/\/turkiyemhaber.com\/?p=2602","title":{"rendered":"MHP ve DEM Parti bayramla\u015ft\u0131"},"content":{"rendered":"\n<p class=\"wp-block-paragraph\">Kurban Bayram\u0131&#8217;n\u0131n ikinci g\u00fcn\u00fcnde siyasi partilerin bayramla\u015fma trafi\u011fi ba\u015flad\u0131. Bu do\u011frultuda MHP ile DEM Parti heyeti de birbirleriyle bayramla\u015ft\u0131.<\/p>\n\n\n\n<p class=\"wp-block-paragraph\">Siyasi partiler, Kurban Bayram\u0131&#8217;n\u0131n ikinci g\u00fcn\u00fcnde geleneksel bayramla\u015fma programlar\u0131 kapsam\u0131nda bir araya geliyor.&nbsp;<\/p>\n\n\n\n<p class=\"wp-block-paragraph\">MHP Genel Ba\u015fkan Yard\u0131mc\u0131s\u0131 Prof. Dr. Zuhal Top\u00e7u, Siyaset Ve Liderlik Okulu Koordinat\u00f6r\u00fc ve MYK \u00dcyesi Prof. Dr. Turan \u015eahin ve MYK \u00fcyesi \u00d6zmen Alp Giray Erdemir&#8217;den olu\u015fan kabul heyeti bayramla\u015fma program\u0131n\u0131 ger\u00e7ekle\u015ftiriyor. MHP&#8217;ye ilk ziyaret DSP&#8217;den geldi. DSP Genel Ba\u015fkan Yard\u0131mc\u0131lar\u0131 Ali Artun ve Turgay Akbaba ve Genel Sekreter Yard\u0131mc\u0131s\u0131 Tu\u011f\u00e7e Babu\u00e7cu&#8217;dan olu\u015fan heyet MHP Genel Merkezi&#8217;ne bayram ziyaretinde bulundu.<\/p>\n\n\n\n<h3 class=\"wp-block-heading\">MHP&#8217;YE \u0130K\u0130NC\u0130 Z\u0130YARET DEM PART\u0130&#8217;DEN<\/h3>\n\n\n\n<p class=\"wp-block-paragraph\">DEM Parti Genel Ba\u015fkan Yard\u0131mc\u0131s\u0131 Mahfuz G\u00fclery\u00fcz, Diyarbak\u0131r Milletvekili Adalet Kaya ve Parti Meclisi \u00dcyesi Zeyno Bayramo\u011flu&#8217;ndan olu\u015fan heyet, MHP&#8217;ye bayram ziyareti ger\u00e7ekle\u015ftirdi.<\/p>\n\n\n\n<figure class=\"wp-block-image\"><img decoding=\"async\" src=\"https:\/\/foto.sondakika.com\/haber\/2026\/05\/28\/mhp-ve-dem-parti-bayramlasti-19889063-5551_1_m.jpg\" alt=\"MHP ve DEM Parti bayramla\u015ft\u0131\"\/><\/figure>\n\n\n\n<p class=\"wp-block-paragraph\">MHP Genel Ba\u015fkan Yard\u0131mc\u0131s\u0131 Sadir Durmaz, MHP Genel Ba\u015fkan Ba\u015fdan\u0131\u015fman\u0131 ve MYK \u00fcyesi Prof. Dr. Esma \u00d6zda\u015fl\u0131 ve MYK \u00fcyesi \u015eahin Kartal&#8217;dan olu\u015fan ziyaret heyeti ise, DEM Parti&#8217;ye bayram ziyareti ger\u00e7ekle\u015ftirdi.<\/p>\n\n\n\n<figure class=\"wp-block-image\"><img decoding=\"async\" src=\"https:\/\/foto.sondakika.com\/haber\/2026\/05\/28\/mhp-ve-dem-parti-bayramlasti-19889063-3798_1_m.jpg\" alt=\"MHP ve DEM Parti bayramla\u015ft\u0131\"\/><\/figure>\n\n\n\n<h3 class=\"wp-block-heading\">MHP&#8217;N\u0130N BAYRAMLA\u015eMA PROGRAMI<\/h3>\n\n\n\n<p class=\"wp-block-paragraph\">Bayram\u0131n ikinci g\u00fcn\u00fcnde MHP&#8217;yi ziyaret edecek siyasi partilerin temsilcilerini, MHP Genel Ba\u015fkan Yard\u0131mc\u0131s\u0131 Z\u00fchal Topcu, Siyaset ve Liderlik Okulu Koordinat\u00f6r\u00fc ve MYK \u00dcyesi Turan \u015eahin ile MYK \u00dcyesi \u00d6zmen Alp Giray Erdemir&#8217;den olu\u015fan heyet kabul edecek.<\/p>\n\n\n\n<p class=\"wp-block-paragraph\">Partilerle bayramla\u015fma heyetinde ise Genel Ba\u015fkan Yard\u0131mc\u0131s\u0131 Sadir Durmaz, Genel Ba\u015fkan Ba\u015fdan\u0131\u015fman\u0131 MYK \u00dcyesi Esma \u00d6zda\u015fl\u0131 ve MYK \u00dcyesi \u015eahin Kartal yer alacak.<\/p>\n\n\n\n<p class=\"wp-block-paragraph\">MHP&#8217;de ilk bayramla\u015fma saat 09.00&#8217;da DSP heyetinin kabul\u00fcyle ba\u015flayacak. MHP&#8217;yi, 09.25&#8217;te DEM Parti heyeti, 09.50&#8217;de AK Parti heyeti ziyaret edecek.<\/p>\n\n\n\n<p class=\"wp-block-paragraph\">Bayramla\u015fma program\u0131, Saadet Partisi, DEVA Partisi, CHP ve Gelecek Partisi ile devam edecek.<\/p>\n\n\n\n<p class=\"wp-block-paragraph\">MHP heyeti, ayn\u0131 saatlerde bu partilere bayramla\u015fma ziyaretinde bulunacak.<\/p>\n\n\n\n<h3 class=\"wp-block-heading\">DEM PART\u0130&#8217;N\u0130N BAYRAMLA\u015eMA PROGRAMI<\/h3>\n\n\n\n<p class=\"wp-block-paragraph\">DEM Parti&#8217;yi s\u0131ras\u0131yla MHP, Gelecek Partisi, Do\u011fru Yol Partisi, Yeniden Refah Partisi, AK Parti, Saadet Partisi, Anavatan Partisi, DEVA Partisi ziyaret edecek.<\/p>\n","protected":false},"excerpt":{"rendered":"<p>Kurban Bayram\u0131&#8217;n\u0131n ikinci g\u00fcn\u00fcnde siyasi partilerin bayramla\u015fma trafi\u011fi ba\u015flad\u0131. Bu do\u011frultuda MHP ile DEM Parti<\/p>\n","protected":false},"author":1,"featured_media":2603,"comment_status":"open","ping_status":"open","sticky":false,"template":"","format":"standard","meta":{"_rtcl_gb_attr":"","footnotes":""},"categories":[44],"tags":[],"class_list":["post-2602","post","type-post","status-publish","format-standard","has-post-thumbnail","hentry","category-politika"],"_links":{"self":[{"href":"https:\/\/turkiyemhaber.com\/index.php?rest_route=\/wp\/v2\/posts\/2602","targetHints":{"allow":["GET"]}}],"collection":[{"href":"https:\/\/turkiyemhaber.com\/index.php?rest_route=\/wp\/v2\/posts"}],"about":[{"href":"https:\/\/turkiyemhaber.com\/index.php?rest_route=\/wp\/v2\/types\/post"}],"author":[{"embeddable":true,"href":"https:\/\/turkiyemhaber.com\/index.php?rest_route=\/wp\/v2\/users\/1"}],"replies":[{"embeddable":true,"href":"https:\/\/turkiyemhaber.com\/index.php?rest_route=%2Fwp%2Fv2%2Fcomments&post=2602"}],"version-history":[{"count":1,"href":"https:\/\/turkiyemhaber.com\/index.php?rest_route=\/wp\/v2\/posts\/2602\/revisions"}],"predecessor-version":[{"id":2604,"href":"https:\/\/turkiyemhaber.com\/index.php?rest_route=\/wp\/v2\/posts\/2602\/revisions\/2604"}],"wp:featuredmedia":[{"embeddable":true,"href":"https:\/\/turkiyemhaber.com\/index.php?rest_route=\/wp\/v2\/media\/2603"}],"wp:attachment":[{"href":"https:\/\/turkiyemhaber.com\/index.php?rest_route=%2Fwp%2Fv2%2Fmedia&parent=2602"}],"wp:term":[{"taxonomy":"category","embeddable":true,"href":"https:\/\/turkiyemhaber.com\/index.php?rest_route=%2Fwp%2Fv2%2Fcategories&post=2602"},{"taxonomy":"post_tag","embeddable":true,"href":"https:\/\/turkiyemhaber.com\/index.php?rest_route=%2Fwp%2Fv2%2Ftags&post=2602"}],"curies":[{"name":"wp","href":"https:\/\/api.w.org\/{rel}","templated":true}]}}