{"id":2593,"date":"2026-05-28T07:41:46","date_gmt":"2026-05-28T07:41:46","guid":{"rendered":"https:\/\/turkiyemhaber.com\/?p=2593"},"modified":"2026-05-28T07:41:51","modified_gmt":"2026-05-28T07:41:51","slug":"aksehir-belediye-baskani-koksaldan-kilicdarogluna-artik-hemsehrimiz-degilsiniz","status":"publish","type":"post","link":"https:\/\/turkiyemhaber.com\/?p=2593","title":{"rendered":"Ak\u015fehir Belediye Ba\u015fkan\u0131 K\u00f6ksal&#8217;dan K\u0131l\u0131\u00e7daro\u011flu&#8217;na: Art\u0131k hem\u015fehrimiz de\u011filsiniz"},"content":{"rendered":"\n<p class=\"wp-block-paragraph\">CHP\u2019de \u201cmutlak butlan\u201d tart\u0131\u015fmalar\u0131 s\u00fcrerken Ak\u015fehir Belediye Ba\u015fkan\u0131 Dr. A. Nuri K\u00f6ksal\u2019dan Kemal K\u0131l\u0131\u00e7daro\u011flu\u2019na sert tepki geldi. Sosyal medya hesab\u0131ndan a\u00e7\u0131klama yapan K\u00f6ksal, K\u0131l\u0131\u00e7daro\u011flu\u2019na hitaben \u201cArt\u0131k siz hem\u015fehrimiz de\u011filsiniz. Siz hala bizden oldu\u011funuzu iddia edebilirsiniz ama biz sizden de\u011filiz\u201d ifadelerini kulland\u0131. A\u00e7\u0131klama, CHP\u2019de kurultay ve y\u00f6netim tart\u0131\u015fmalar\u0131n\u0131n b\u00fcy\u00fcd\u00fc\u011f\u00fc d\u00f6nemde dikkat \u00e7ekti.<\/p>\n\n\n\n<p class=\"wp-block-paragraph\">CHP\u2019de kurultay s\u00fcreci ve \u201cmutlak butlan\u201d tart\u0131\u015fmalar\u0131 g\u00fcndemdeki yerini korurken, Ak\u015fehir Belediye Ba\u015fkan\u0131 Dr. A. Nuri K\u00f6ksal\u2019dan eski CHP Genel Ba\u015fkan\u0131 Kemal K\u0131l\u0131\u00e7daro\u011flu\u2019na y\u00f6nelik dikkat \u00e7eken bir a\u00e7\u0131klama geldi.<\/p>\n\n\n\n<p class=\"wp-block-paragraph\">K\u00f6ksal, sosyal medya hesab\u0131ndan yapt\u0131\u011f\u0131 payla\u015f\u0131mda K\u0131l\u0131\u00e7daro\u011flu\u2019na sert s\u00f6zlerle tepki g\u00f6sterdi.<\/p>\n\n\n\n<h3 class=\"wp-block-heading\">\u201cARTIK HEM\u015eEHR\u0130M\u0130Z DE\u011e\u0130LS\u0130N\u0130Z\u201d<\/h3>\n\n\n\n<p class=\"wp-block-paragraph\">A\u00e7\u0131klamas\u0131nda Ak\u015fehir\u2019in Kuvay-\u0131 Milliye d\u00f6nemindeki \u00f6nemine vurgu yapan K\u00f6ksal, K\u0131l\u0131\u00e7daro\u011flu\u2019nun soy ba\u011f\u0131n\u0131n Ak\u015fehir\u2019de medfun bulunan Seyyid Mahmud Hayrani Hazretleri\u2019ne dayand\u0131\u011f\u0131n\u0131 ifade etti.<\/p>\n\n\n\n<p class=\"wp-block-paragraph\">Ancak K\u00f6ksal, buna ra\u011fmen K\u0131l\u0131\u00e7daro\u011flu\u2019nu art\u0131k hem\u015fehrileri olarak g\u00f6rmediklerini s\u00f6yledi.<\/p>\n\n\n\n<figure class=\"wp-block-image\"><img decoding=\"async\" src=\"https:\/\/foto.sondakika.com\/haber\/2026\/05\/28\/aksehir-belediye-baskani-koksa-19888929-4240_1_m.jpg\" alt=\"Ak\u015fehir Belediye Ba\u015fkan\u0131 K\u00f6ksal'dan K\u0131l\u0131\u00e7daro\u011flu'na: Art\u0131k hem\u015fehrimiz de\u011filsiniz\"\/><\/figure>\n\n\n\n<h3 class=\"wp-block-heading\">\u201cS\u0130Z HALA B\u0130ZDEN OLDU\u011eUNUZU \u0130DD\u0130A EDEB\u0130L\u0130RS\u0130N\u0130Z\u201d<\/h3>\n\n\n\n<p class=\"wp-block-paragraph\">K\u00f6ksal payla\u015f\u0131m\u0131nda \u015fu ifadeleri kulland\u0131:<\/p>\n\n\n\n<p class=\"wp-block-paragraph\">\u201cSay\u0131n Kemal K\u0131l\u0131\u00e7daro\u011flu CHP Eski Genel Ba\u015fkan\u0131. Bendeniz, b\u00fcy\u00fck dedenizin memleketi ve Kuvay-\u0131 Milliye&#8217;nin Garp Cephesi Kararg\u00e2h\u0131 Ak\u015fehir&#8217;in Belediye Ba\u015fkan\u0131 Dr. A. Nuri K\u00f6ksal&#8230; CHP \u0130l\u00e7e \u00f6rg\u00fct\u00fcnde uzun uzad\u0131ya g\u00fcndeme dair g\u00f6r\u00fc\u015flerimi a\u00e7\u0131klad\u0131m ve sosyal medyada da yay\u0131nland\u0131. Size sadece \u015funu s\u00f6ylemek isterim: Soy ba\u011f\u0131n\u0131z Ak\u015fehir\u2019de medfun olan Seyyid Mahmud Hayrani Hazretleri\u2019ne dayan\u0131yor olabilir ama Ak\u015fehir \u015eehremini olarak ifade edeyim ki art\u0131k siz hem\u015fehrimiz de\u011filsiniz. Siz hala bizden oldu\u011funuzu iddia edebilirsiniz ama biz sizden de\u011filiz.\u201d<\/p>\n\n\n\n<figure class=\"wp-block-image\"><img decoding=\"async\" src=\"https:\/\/foto.sondakika.com\/haber\/2026\/05\/28\/aksehir-belediye-baskani-koksa-19888929-7322_1_m.jpg\" alt=\"Ak\u015fehir Belediye Ba\u015fkan\u0131 K\u00f6ksal'dan K\u0131l\u0131\u00e7daro\u011flu'na: Art\u0131k hem\u015fehrimiz de\u011filsiniz\"\/><\/figure>\n\n\n\n<h3 class=\"wp-block-heading\">CHP\u2019DE GER\u0130L\u0130M B\u00dcY\u00dcYOR<\/h3>\n\n\n\n<p class=\"wp-block-paragraph\">CHP\u2019de son d\u00f6nemde kurultay s\u00fcreci ve yarg\u0131 \u00fczerinden y\u00fcr\u00fcyen \u201cmutlak butlan\u201d tart\u0131\u015fmalar\u0131 parti i\u00e7indeki gerilimi art\u0131rm\u0131\u015f durumda. Eski Genel Ba\u015fkan Kemal K\u0131l\u0131\u00e7daro\u011flu\u2019nun yeniden parti y\u00f6netimine d\u00f6nebilece\u011fi iddialar\u0131 siyasetin g\u00fcndeminde yer al\u0131rken, parti i\u00e7inden farkl\u0131 isimlerden pe\u015f pe\u015fe a\u00e7\u0131klamalar geliyor.<\/p>\n\n\n\n<p class=\"wp-block-paragraph\">K\u00f6ksal\u2019\u0131n \u00e7\u0131k\u0131\u015f\u0131 da CHP i\u00e7erisindeki tart\u0131\u015fmalar\u0131n yeni bir boyuta ta\u015f\u0131nd\u0131\u011f\u0131 \u015feklinde yorumland\u0131.<\/p>\n\n\n\n<h3 class=\"wp-block-heading\">G\u00d6ZLER CHP Y\u00d6NET\u0130M\u0130NDE<\/h3>\n\n\n\n<p class=\"wp-block-paragraph\">Parti kulislerinde kurultay s\u00fcrecine ili\u015fkin tart\u0131\u015fmalar s\u00fcrerken, CHP y\u00f6netiminin \u00f6n\u00fcm\u00fczdeki g\u00fcnlerde yeni a\u00e7\u0131klamalar yapmas\u0131 bekleniyor. \u00d6zellikle yerel y\u00f6netimlerden gelen sert mesajlar\u0131n parti i\u00e7indeki ayr\u0131\u015fmay\u0131 daha g\u00f6r\u00fcn\u00fcr hale getirdi\u011fi de\u011ferlendiriliyor.<\/p>\n","protected":false},"excerpt":{"rendered":"<p>CHP\u2019de \u201cmutlak butlan\u201d tart\u0131\u015fmalar\u0131 s\u00fcrerken Ak\u015fehir Belediye Ba\u015fkan\u0131 Dr. A. Nuri K\u00f6ksal\u2019dan Kemal K\u0131l\u0131\u00e7daro\u011flu\u2019na sert<\/p>\n","protected":false},"author":1,"featured_media":2594,"comment_status":"open","ping_status":"open","sticky":false,"template":"","format":"standard","meta":{"_rtcl_gb_attr":"","footnotes":""},"categories":[44],"tags":[],"class_list":["post-2593","post","type-post","status-publish","format-standard","has-post-thumbnail","hentry","category-politika"],"_links":{"self":[{"href":"https:\/\/turkiyemhaber.com\/index.php?rest_route=\/wp\/v2\/posts\/2593","targetHints":{"allow":["GET"]}}],"collection":[{"href":"https:\/\/turkiyemhaber.com\/index.php?rest_route=\/wp\/v2\/posts"}],"about":[{"href":"https:\/\/turkiyemhaber.com\/index.php?rest_route=\/wp\/v2\/types\/post"}],"author":[{"embeddable":true,"href":"https:\/\/turkiyemhaber.com\/index.php?rest_route=\/wp\/v2\/users\/1"}],"replies":[{"embeddable":true,"href":"https:\/\/turkiyemhaber.com\/index.php?rest_route=%2Fwp%2Fv2%2Fcomments&post=2593"}],"version-history":[{"count":1,"href":"https:\/\/turkiyemhaber.com\/index.php?rest_route=\/wp\/v2\/posts\/2593\/revisions"}],"predecessor-version":[{"id":2595,"href":"https:\/\/turkiyemhaber.com\/index.php?rest_route=\/wp\/v2\/posts\/2593\/revisions\/2595"}],"wp:featuredmedia":[{"embeddable":true,"href":"https:\/\/turkiyemhaber.com\/index.php?rest_route=\/wp\/v2\/media\/2594"}],"wp:attachment":[{"href":"https:\/\/turkiyemhaber.com\/index.php?rest_route=%2Fwp%2Fv2%2Fmedia&parent=2593"}],"wp:term":[{"taxonomy":"category","embeddable":true,"href":"https:\/\/turkiyemhaber.com\/index.php?rest_route=%2Fwp%2Fv2%2Fcategories&post=2593"},{"taxonomy":"post_tag","embeddable":true,"href":"https:\/\/turkiyemhaber.com\/index.php?rest_route=%2Fwp%2Fv2%2Ftags&post=2593"}],"curies":[{"name":"wp","href":"https:\/\/api.w.org\/{rel}","templated":true}]}}