{"id":2587,"date":"2026-05-28T07:35:26","date_gmt":"2026-05-28T07:35:26","guid":{"rendered":"https:\/\/turkiyemhaber.com\/?p=2587"},"modified":"2026-05-28T07:35:30","modified_gmt":"2026-05-28T07:35:30","slug":"ak-parti-ve-chp-3-bayram-sonra-ilk-kez-bayramlasiyor","status":"publish","type":"post","link":"https:\/\/turkiyemhaber.com\/?p=2587","title":{"rendered":"AK Parti ve CHP 3 bayram sonra ilk kez bayramla\u015f\u0131yor"},"content":{"rendered":"\n<p class=\"wp-block-paragraph\">AK Parti ve CHP, belediyelere y\u00f6nelik soru\u015fturmalar nedeniyle \u00fc\u00e7 bayramd\u0131r bayramla\u015fm\u0131yordu. CHP y\u00f6netiminde ya\u015fanan de\u011fi\u015fiklik sonras\u0131 AK Parti ve CHP heyetleri bayramla\u015fma ziyaretinde bir araya geldi.<\/p>\n\n\n\n<p class=\"wp-block-paragraph\"><a href=\"https:\/\/www.sondakika.com\/kurban-bayrami\/\">Kurban Bayram\u0131<\/a>&#8216;n\u0131n ikinci g\u00fcn\u00fcnde, siyasi partiler aras\u0131nda bayramla\u015fma ziyaretleri ger\u00e7ekle\u015fiyor.<\/p>\n\n\n\n<p class=\"wp-block-paragraph\"><a href=\"https:\/\/www.sondakika.com\/ak-parti\/\">AK Parti<\/a>&nbsp;Genel Merkezi&#8217;ne ilk ziyaret CHP&#8217;den geldi. Ayn\u0131 anlarda AK Parti heyeti CHP&#8217;yi, CHP heyeti de AK Parti&#8217;yi ziyaret etti.<\/p>\n\n\n\n<h3 class=\"wp-block-heading\">3 BAYRAM SONRA B\u0130R \u0130LK<\/h3>\n\n\n\n<p class=\"wp-block-paragraph\">AK Parti ve CHP, belediyelere y\u00f6nelik soru\u015fturmalar nedeniyle \u00fc\u00e7 bayramd\u0131r bir araya gelmiyordu. Mahkemenin &#8220;mutlak butlan&#8221; karar\u0131yla CHP y\u00f6netiminde ya\u015fanan de\u011fi\u015fiklik sonras\u0131 iki parti bayramla\u015ft\u0131.<\/p>\n\n\n\n<p class=\"wp-block-paragraph\">CHP&#8217;den&nbsp;K\u00fctahya Milletvekili Ali Faz\u0131l Kasap, Ayd\u0131n Milletvekili H\u00fcseyin Y\u0131ld\u0131z ve Ankara Milletvekili Deniz Demir&#8217;den olu\u015fan heyet AK Parti&#8217;yi ziyaret etti.&nbsp;<\/p>\n\n\n\n<p class=\"wp-block-paragraph\">AK Parti&#8217;den&nbsp;AK Parti K\u00fclt\u00fcr ve Sanat Politikalar\u0131ndan Sorumlu Genel Ba\u015fkan Yard\u0131mc\u0131s\u0131 ve Hatay Milletvekili H\u00fcseyin Yayman&#8217;\u0131n ba\u015fkanl\u0131\u011f\u0131nda, Sivil Toplum ve Halkla \u0130li\u015fkiler Ba\u015fkan Yard\u0131mc\u0131s\u0131 ve K\u0131r\u015fehir Milletvekili Necmettin Erkan, Genel Merkez Kad\u0131n Kollar\u0131 MYK \u00dcyesi ve Sivas Milletvekili Rukiye Toy, Genel Merkez Gen\u00e7lik Kollar\u0131 MYK \u00dcyesi Abdullah U\u00e7an&#8217;dan olu\u015fan heyet CHP&#8217;yi kar\u015f\u0131lad\u0131.<\/p>\n\n\n\n<h3 class=\"wp-block-heading\">&#8220;T\u00dcRK M\u0130LLET\u0130 DAVASINA BERABERCE OMUZ VERECE\u011e\u0130Z&#8221;<\/h3>\n\n\n\n<p class=\"wp-block-paragraph\">Bayramla\u015fma s\u0131ras\u0131nda AK Parti Genel Ba\u015fkan Yard\u0131mc\u0131s\u0131 H\u00fcseyin Yayman, &#8220;B\u00f6lgedeki geli\u015fmelere bak\u0131ld\u0131\u011f\u0131nda birlikteliklerin bir araya gelmelerin ne kadar \u00f6nemli oldu\u011funu g\u00f6r\u00fcyoruz. \u0130n\u015fallah T\u00fcrkiye&#8217;nin \u00f6n\u00fc ayd\u0131nl\u0131kt\u0131r, hep beraber T\u00fcrkiye davas\u0131na T\u00fcrk milleti davas\u0131na beraberce omuz verece\u011fiz.&#8221; dedi.<\/p>\n\n\n\n<h3 class=\"wp-block-heading\">CHP HEYET\u0130 DE AK PART\u0130&#8217;Y\u0130 KABUL ETT\u0130<\/h3>\n\n\n\n<p class=\"wp-block-paragraph\">Ayn\u0131 anlarda AK Parti&#8217;den&nbsp;Ad\u0131yaman Milletvekili Resul Kurt&#8217;un ba\u015fkanl\u0131\u011f\u0131ndaki, Genel Merkez Kad\u0131n Kollar\u0131 MKYK \u00dcyesi Fatma \u0130lkcan Aksu ve Genel Merkez Gen\u00e7lik Kollar\u0131 MKYK \u00dcyesi Yunus Emre \u015eahin&#8217;den olu\u015fan heyet CHP&#8217;yi ziyaret etti.<\/p>\n\n\n\n<p class=\"wp-block-paragraph\">CHP&#8217;de AK Parti&#8217;yi,&nbsp;Gaziantep Milletvekili Hasan \u00d6zt\u00fcrkmen, Konya Milletvekili Bar\u0131\u015f Bekta\u015f ve \u0130zmir Milletvekili Sevda Erden K\u0131l\u0131n\u00e7&#8217;tan olu\u015fan heyet kar\u015f\u0131lad\u0131.&nbsp;<\/p>\n\n\n\n<h3 class=\"wp-block-heading\">AK PART\u0130 16 PART\u0130YLE BAYRAMLA\u015eACAK<\/h3>\n\n\n\n<p class=\"wp-block-paragraph\">AK Parti, 16 partiyle kar\u015f\u0131l\u0131kl\u0131 bayram ziyaretleri yapacak. O partiler aras\u0131nda CHP, DEVA Partisi ve Gelecek Partisi de yer al\u0131yor.<\/p>\n\n\n\n<p class=\"wp-block-paragraph\">CHP ise bayramla\u015fma programlar\u0131 mutlak butlan tart\u0131\u015fmas\u0131 g\u00f6lgesinde ger\u00e7ekle\u015fecek.<\/p>\n\n\n\n<p class=\"wp-block-paragraph\">Kemal K\u0131l\u0131\u00e7daro\u011flu&#8217;nun CHP Genel Ba\u015fkanl\u0131\u011f\u0131&#8217;na mahkeme karar\u0131yla d\u00f6nmesine tepki g\u00f6steren DEM Parti, \u0130Y\u0130 Parti, T\u00fcrkiye \u0130\u015f\u00e7i Partisi ve Zafer Partisi CHP&#8217;ye gitmeyecek.<\/p>\n\n\n\n<h3 class=\"wp-block-heading\">\u00d6ZG\u00dcR \u00d6ZEL MECL\u0130S&#8217;TE<\/h3>\n\n\n\n<p class=\"wp-block-paragraph\">CHP Grup Ba\u015fkan\u0131 \u00d6zg\u00fcr \u00d6zel ise TBMM&#8217;de ayr\u0131 bir bayramla\u015fma heyeti olu\u015fturdu.&nbsp;Genel Merkeze gitmeme karar\u0131 alan muhalefet partileri, Meclis&#8217;teki CHP heyetini ziyaret ederek \u00d6zel&#8217;e desteklerini ifade edecek.<\/p>\n\n\n\n<h3 class=\"wp-block-heading\">MHP&#8217;N\u0130N BAYRAM PROGRAMI<\/h3>\n\n\n\n<p class=\"wp-block-paragraph\">MHP\u2019de ilk bayramla\u015fma DSP heyetinin kabul\u00fcyle ba\u015flayacak.&nbsp;MHP\u2019yi s\u0131ras\u0131yla DEM Parti, AK Parti, Saadet Partisi, DEVA Partisi, CHP ve Gelecek Partisi heyetleri de ziyaret edecek.<\/p>\n","protected":false},"excerpt":{"rendered":"<p>AK Parti ve CHP, belediyelere y\u00f6nelik soru\u015fturmalar nedeniyle \u00fc\u00e7 bayramd\u0131r bayramla\u015fm\u0131yordu. CHP y\u00f6netiminde ya\u015fanan de\u011fi\u015fiklik<\/p>\n","protected":false},"author":1,"featured_media":2588,"comment_status":"open","ping_status":"open","sticky":false,"template":"","format":"standard","meta":{"_rtcl_gb_attr":"","footnotes":""},"categories":[44],"tags":[],"class_list":["post-2587","post","type-post","status-publish","format-standard","has-post-thumbnail","hentry","category-politika"],"_links":{"self":[{"href":"https:\/\/turkiyemhaber.com\/index.php?rest_route=\/wp\/v2\/posts\/2587","targetHints":{"allow":["GET"]}}],"collection":[{"href":"https:\/\/turkiyemhaber.com\/index.php?rest_route=\/wp\/v2\/posts"}],"about":[{"href":"https:\/\/turkiyemhaber.com\/index.php?rest_route=\/wp\/v2\/types\/post"}],"author":[{"embeddable":true,"href":"https:\/\/turkiyemhaber.com\/index.php?rest_route=\/wp\/v2\/users\/1"}],"replies":[{"embeddable":true,"href":"https:\/\/turkiyemhaber.com\/index.php?rest_route=%2Fwp%2Fv2%2Fcomments&post=2587"}],"version-history":[{"count":1,"href":"https:\/\/turkiyemhaber.com\/index.php?rest_route=\/wp\/v2\/posts\/2587\/revisions"}],"predecessor-version":[{"id":2589,"href":"https:\/\/turkiyemhaber.com\/index.php?rest_route=\/wp\/v2\/posts\/2587\/revisions\/2589"}],"wp:featuredmedia":[{"embeddable":true,"href":"https:\/\/turkiyemhaber.com\/index.php?rest_route=\/wp\/v2\/media\/2588"}],"wp:attachment":[{"href":"https:\/\/turkiyemhaber.com\/index.php?rest_route=%2Fwp%2Fv2%2Fmedia&parent=2587"}],"wp:term":[{"taxonomy":"category","embeddable":true,"href":"https:\/\/turkiyemhaber.com\/index.php?rest_route=%2Fwp%2Fv2%2Fcategories&post=2587"},{"taxonomy":"post_tag","embeddable":true,"href":"https:\/\/turkiyemhaber.com\/index.php?rest_route=%2Fwp%2Fv2%2Ftags&post=2587"}],"curies":[{"name":"wp","href":"https:\/\/api.w.org\/{rel}","templated":true}]}}